  {"id":7176,"date":"2016-09-28T14:03:08","date_gmt":"2016-09-28T18:03:08","guid":{"rendered":"http:\/\/www.un.org\/sustainabledevelopment\/es\/?p=7176"},"modified":"2017-11-13T16:01:20","modified_gmt":"2017-11-13T21:01:20","slug":"onu-y-ecuador-invitan-a-todos-los-paises-a-sumarse-a-la-conferencia-habitat-iii","status":"publish","type":"post","link":"https:\/\/www.un.org\/sustainabledevelopment\/es\/2016\/09\/onu-y-ecuador-invitan-a-todos-los-paises-a-sumarse-a-la-conferencia-habitat-iii\/","title":{"rendered":"ONU y Ecuador invitan a todos los pa\u00edses a sumarse a la Conferencia H\u00e1bitat III"},"content":{"rendered":"<p>El Secretario General de Naciones Unidas, Ban Ki-moon, y el Presidente de Ecuador, Rafael Correa, firmar\u00e1n este 12 de abril un documento conjunto por el cual invitan a todos los jefes de Estado a participar en la Conferencia H\u00e1bitat III, que se celebrar\u00e1 en Quito, en Octubre.<\/p>\n<p>As\u00ed lo inform\u00f3 hoy el portavoz del Secretario General de la ONU, Stephan Dujarric durante la sesi\u00f3n informativa diaria con la prensa.<\/p>\n<p>H\u00e1bitat III, es la tercera Conferencia de Naciones Unidas sobre la Vivienda y el Desarrollo Urbano Sostenible y fue convocada por la Asamblea General con la intenci\u00f3n de fortalecer el compromiso global con la urbanizaci\u00f3n sostenible y centrarse en la aplicaci\u00f3n de una nueva agenda urbana.<\/p>\n<p>Las dos primeras ediciones de la Conferencia se celebraron en Vancuver, Canad\u00e1 y en Estambul, Turqu\u00eda. <\/p>\n<p><a href=\"http:\/\/www.un.org\/spanish\/News\/story.asp?NewsID=34839http:\/\/\" title=\"ONU y Ecuador invitan a todos los pa\u00edses a sumarse a la Conferencia H\u00e1bitat III\" target=\"_blank\">Centro de noticias<\/a><\/p>\n","protected":false},"excerpt":{"rendered":"<p>El Secretario General de Naciones Unidas, Ban Ki-moon, y el  [&#8230;]<\/p>\n","protected":false},"author":34,"featured_media":7178,"comment_status":"closed","ping_status":"closed","sticky":false,"template":"","format":"standard","meta":{"_et_pb_use_builder":"","_et_pb_old_content":"","_et_gb_content_width":"","footnotes":""},"categories":[4],"tags":[],"class_list":["post-7176","post","type-post","status-publish","format-standard","has-post-thumbnail","hentry","category-cities"],"_links":{"self":[{"href":"https:\/\/www.un.org\/sustainabledevelopment\/es\/wp-json\/wp\/v2\/posts\/7176","targetHints":{"allow":["GET"]}}],"collection":[{"href":"https:\/\/www.un.org\/sustainabledevelopment\/es\/wp-json\/wp\/v2\/posts"}],"about":[{"href":"https:\/\/www.un.org\/sustainabledevelopment\/es\/wp-json\/wp\/v2\/types\/post"}],"author":[{"embeddable":true,"href":"https:\/\/www.un.org\/sustainabledevelopment\/es\/wp-json\/wp\/v2\/users\/34"}],"replies":[{"embeddable":true,"href":"https:\/\/www.un.org\/sustainabledevelopment\/es\/wp-json\/wp\/v2\/comments?post=7176"}],"version-history":[{"count":0,"href":"https:\/\/www.un.org\/sustainabledevelopment\/es\/wp-json\/wp\/v2\/posts\/7176\/revisions"}],"wp:featuredmedia":[{"embeddable":true,"href":"https:\/\/www.un.org\/sustainabledevelopment\/es\/wp-json\/wp\/v2\/media\/7178"}],"wp:attachment":[{"href":"https:\/\/www.un.org\/sustainabledevelopment\/es\/wp-json\/wp\/v2\/media?parent=7176"}],"wp:term":[{"taxonomy":"category","embeddable":true,"href":"https:\/\/www.un.org\/sustainabledevelopment\/es\/wp-json\/wp\/v2\/categories?post=7176"},{"taxonomy":"post_tag","embeddable":true,"href":"https:\/\/www.un.org\/sustainabledevelopment\/es\/wp-json\/wp\/v2\/tags?post=7176"}],"curies":[{"name":"wp","href":"https:\/\/api.w.org\/{rel}","templated":true}]}}