  {"id":7172,"date":"2016-09-29T13:55:24","date_gmt":"2016-09-29T17:55:24","guid":{"rendered":"http:\/\/www.un.org\/sustainabledevelopment\/es\/?p=7172"},"modified":"2017-11-13T16:01:20","modified_gmt":"2017-11-13T21:01:20","slug":"reunion-en-toluca-para-concertar-posicion-regional-que-se-presentara-en-la-tercera-conferencias-de-onu-habitat","status":"publish","type":"post","link":"https:\/\/www.un.org\/sustainabledevelopment\/es\/2016\/09\/reunion-en-toluca-para-concertar-posicion-regional-que-se-presentara-en-la-tercera-conferencias-de-onu-habitat\/","title":{"rendered":"Reuni\u00f3n en Toluca para concertar posici\u00f3n regional que se presentar\u00e0 en la Tercera Conferencias de ONU H\u00e1bitat"},"content":{"rendered":"<p>Representantes de la regi\u00f3n se re\u00fanen en la ciudad mexicana de Toluca del 18 al 20 de abril para concertar las posiciones que Am\u00e9rica Latina y el Caribe llevar\u00e1 a la Tercera Conferencia de ONU-H\u00e1bitat prevista para Quito, Ecuador para octubre pr\u00f3ximo.<\/p>\n<p>La regi\u00f3n, que cuenta con un 80% de su poblaci\u00f3n viviendo en zonas urbanas, presenta muchos retos y buscar\u00e1 propuestas y soluciones que llevar\u00e1 al conclave en la capital ecuatoriana cuya meta es definir una nueva agenda urbana para el Siglo XXI.<\/p>\n<p>En declaraciones a Radio ONU, El representante de ONU-H\u00e1bitat en M\u00e9xico, Erik Vittrup, afirm\u00f3 que la desigualdad urbana ser\u00e1 uno de los temas de an\u00e1lisis de la reuni\u00f3n de Toluca.<\/p>\n<p>\u00abLa seguridad urbana que esta alto en la agenda en la regi\u00f3n va tambi\u00e9n a estar incluido como tema espec\u00edfico, el tema de la movilidad, el caos del transporte y los costos de transacci\u00f3n que tiene para la econom\u00eda el tener una movilidad disfuncional, como lo podemos evidenciar aqu\u00ed en la ciudad de M\u00e9xico, donde ahora el gobierno tiene que prohibir la absurda cantidad de carros que han dejado circular\u00bb, afirm\u00f3.<\/p>\n<p>Vittup a\u00f1adi\u00f3 que a pesar de ser una regi\u00f3n eminentemente urbana y que el crecimiento de las ciudades est\u00e1 bajando, el problema no es tanto c\u00f3mo acomodar a las masas que llegan a las urbes sino el desarrollo de instituciones y de legislaciones para poder hacer las ciudades amigables, sustentables y pr\u00f3speras. <\/p>\n<p>\u00abLa gobernanza urbana est\u00e1 muy deficitaria en toda la regi\u00f3n\u00bb, subray\u00f3.<\/p>\n<p><a href=\"http:\/\/www.un.org\/spanish\/News\/story.asp?NewsID=34890http:\/\/\" title=\"Reuni\u00f3n en Toluca para concertar posici\u00f3n regional que se presentar\u00e0 en la Tercera Conferencias de ONU H\u00e1bitat\" target=\"_blank\">Centro de noticias<\/a><\/p>\n","protected":false},"excerpt":{"rendered":"<p>Representantes de la regi\u00f3n se re\u00fanen en la ciudad mexicana  [&#8230;]<\/p>\n","protected":false},"author":34,"featured_media":7174,"comment_status":"closed","ping_status":"closed","sticky":false,"template":"","format":"standard","meta":{"_et_pb_use_builder":"","_et_pb_old_content":"","_et_gb_content_width":"","footnotes":""},"categories":[4],"tags":[],"class_list":["post-7172","post","type-post","status-publish","format-standard","has-post-thumbnail","hentry","category-cities"],"_links":{"self":[{"href":"https:\/\/www.un.org\/sustainabledevelopment\/es\/wp-json\/wp\/v2\/posts\/7172","targetHints":{"allow":["GET"]}}],"collection":[{"href":"https:\/\/www.un.org\/sustainabledevelopment\/es\/wp-json\/wp\/v2\/posts"}],"about":[{"href":"https:\/\/www.un.org\/sustainabledevelopment\/es\/wp-json\/wp\/v2\/types\/post"}],"author":[{"embeddable":true,"href":"https:\/\/www.un.org\/sustainabledevelopment\/es\/wp-json\/wp\/v2\/users\/34"}],"replies":[{"embeddable":true,"href":"https:\/\/www.un.org\/sustainabledevelopment\/es\/wp-json\/wp\/v2\/comments?post=7172"}],"version-history":[{"count":0,"href":"https:\/\/www.un.org\/sustainabledevelopment\/es\/wp-json\/wp\/v2\/posts\/7172\/revisions"}],"wp:featuredmedia":[{"embeddable":true,"href":"https:\/\/www.un.org\/sustainabledevelopment\/es\/wp-json\/wp\/v2\/media\/7174"}],"wp:attachment":[{"href":"https:\/\/www.un.org\/sustainabledevelopment\/es\/wp-json\/wp\/v2\/media?parent=7172"}],"wp:term":[{"taxonomy":"category","embeddable":true,"href":"https:\/\/www.un.org\/sustainabledevelopment\/es\/wp-json\/wp\/v2\/categories?post=7172"},{"taxonomy":"post_tag","embeddable":true,"href":"https:\/\/www.un.org\/sustainabledevelopment\/es\/wp-json\/wp\/v2\/tags?post=7172"}],"curies":[{"name":"wp","href":"https:\/\/api.w.org\/{rel}","templated":true}]}}