  {"id":5989,"date":"2015-12-10T15:07:49","date_gmt":"2015-12-10T20:07:49","guid":{"rendered":"http:\/\/www.un.org\/sustainabledevelopment\/es\/?p=5989"},"modified":"2017-11-13T16:01:30","modified_gmt":"2017-11-13T21:01:30","slug":"ban-confia-en-que-se-alcance-un-acuerdo-ambicioso-en-la-cop21","status":"publish","type":"post","link":"https:\/\/www.un.org\/sustainabledevelopment\/es\/2015\/12\/ban-confia-en-que-se-alcance-un-acuerdo-ambicioso-en-la-cop21\/","title":{"rendered":"Ban conf\u00eda en que se alcance un acuerdo ambicioso en la COP21"},"content":{"rendered":"<p>El Secretario General de la ONU expres\u00f3 hoy su optimismo respecto a la adopci\u00f3n de un acuerdo global ambicioso en la \u00faltima jornada de la Conferencia de Naciones Unidas sobre Cambio Clim\u00e1tico (COP21), que concluye este viernes en Par\u00eds.<\/p>\n<p>No obstante, Ban Ki-moon, afirm\u00f3 en declaraciones a la prensa y a grupos de la sociedad civil, que hasta el momento siguen existiendo importantes temas pendientes.<\/p>\n<p>Esos incluyen, explic\u00f3 Ban, la diferenciaci\u00f3n entre pa\u00edses desarrollados y en desarrollo, adem\u00e1s de las contribuciones financieras y el nivel de ambici\u00f3n de las metas para reducir las emisiones. Tampoco se ha llegado a un consenso sobre la legalidad del acuerdo, es decir, si \u00e9ste ser\u00e1 vinculante o no.<\/p>\n<blockquote><p>\n\u00abTengo esperanza y soy razonablemente optimista de que seremos capaces de tener, por primera vez en la historia de Naciones Unidas, un acuerdo universal sobre el cambio clim\u00e1tico. Un acuerdo muy ambicioso que har\u00e1 que los seres humanos vivan m\u00e1s sanos y m\u00e1s pr\u00f3speros, que respiren aire m\u00e1s limpio y que hagan del planeta un sitio m\u00e1s saludable\u00bb, dijo.<\/p><\/blockquote>\n<p>Ban exhort\u00f3 a los negociadores a superar sus perspectivas nacionales y les record\u00f3 que las soluciones globales ayudar\u00e1n a los intereses de sus pa\u00edses. <\/p>\n<p>Por otra parte, agradeci\u00f3 el fuerte apoyo de las organizaciones civiles que han venido presionando para que se logre un acuerdo equitativo, ambicioso y global que proteja a los m\u00e1s pobres y vulnerables.<\/p>\n<p>El Secretario General inst\u00f3 a esos grupos a continuar alzando sus voces y demandando la rendici\u00f3n de cuentas de sus gobiernos para asegurar un futuro mejor.<\/p>\n<p><a href=\"http:\/\/www.un.org\/spanish\/News\/story.asp?NewsID=34022\" title=\"Ban conf\u00eda en que se alcance un acuerdo ambicioso en la COP21\">Centro de noticias de la ONU<\/a><\/p>\n","protected":false},"excerpt":{"rendered":"<p>El Secretario General de la ONU expres\u00f3 hoy su optimismo  [&#8230;]<\/p>\n","protected":false},"author":37,"featured_media":5957,"comment_status":"closed","ping_status":"closed","sticky":false,"template":"","format":"standard","meta":{"_et_pb_use_builder":"","_et_pb_old_content":"","_et_gb_content_width":"","footnotes":""},"categories":[5],"tags":[],"class_list":["post-5989","post","type-post","status-publish","format-standard","has-post-thumbnail","hentry","category-climate-change"],"_links":{"self":[{"href":"https:\/\/www.un.org\/sustainabledevelopment\/es\/wp-json\/wp\/v2\/posts\/5989","targetHints":{"allow":["GET"]}}],"collection":[{"href":"https:\/\/www.un.org\/sustainabledevelopment\/es\/wp-json\/wp\/v2\/posts"}],"about":[{"href":"https:\/\/www.un.org\/sustainabledevelopment\/es\/wp-json\/wp\/v2\/types\/post"}],"author":[{"embeddable":true,"href":"https:\/\/www.un.org\/sustainabledevelopment\/es\/wp-json\/wp\/v2\/users\/37"}],"replies":[{"embeddable":true,"href":"https:\/\/www.un.org\/sustainabledevelopment\/es\/wp-json\/wp\/v2\/comments?post=5989"}],"version-history":[{"count":0,"href":"https:\/\/www.un.org\/sustainabledevelopment\/es\/wp-json\/wp\/v2\/posts\/5989\/revisions"}],"wp:featuredmedia":[{"embeddable":true,"href":"https:\/\/www.un.org\/sustainabledevelopment\/es\/wp-json\/wp\/v2\/media\/5957"}],"wp:attachment":[{"href":"https:\/\/www.un.org\/sustainabledevelopment\/es\/wp-json\/wp\/v2\/media?parent=5989"}],"wp:term":[{"taxonomy":"category","embeddable":true,"href":"https:\/\/www.un.org\/sustainabledevelopment\/es\/wp-json\/wp\/v2\/categories?post=5989"},{"taxonomy":"post_tag","embeddable":true,"href":"https:\/\/www.un.org\/sustainabledevelopment\/es\/wp-json\/wp\/v2\/tags?post=5989"}],"curies":[{"name":"wp","href":"https:\/\/api.w.org\/{rel}","templated":true}]}}