  {"id":5781,"date":"2015-11-29T09:46:46","date_gmt":"2015-11-29T14:46:46","guid":{"rendered":"http:\/\/www.un.org\/sustainabledevelopment\/es\/?p=5781"},"modified":"2017-11-13T16:01:39","modified_gmt":"2017-11-13T21:01:39","slug":"en-visperas-de-la-inauguracion-de-la-cop21-ban-ki-moon-se-reune-con-el-presidente-frances-2","status":"publish","type":"post","link":"https:\/\/www.un.org\/sustainabledevelopment\/es\/2015\/11\/en-visperas-de-la-inauguracion-de-la-cop21-ban-ki-moon-se-reune-con-el-presidente-frances-2\/","title":{"rendered":"En v\u00edsperas de la inauguraci\u00f3n de la COP21, Ban Ki-moon se re\u00fane con el presidente franc\u00e9s"},"content":{"rendered":"<p>En v\u00edsperas de la inauguraci\u00f3n de la Conferencia de Naciones Unidas sobre el Cambio Clim\u00e1tico (COP21), el Secretario General de la ONU se reuni\u00f3 este domingo en Par\u00eds con el presidente franc\u00e9s Fran\u00e7ois Hollande, para debatir el progreso de las negociaciones para la adopci\u00f3n de un acuerdo sobre el clima.<\/p>\n<p>Ban Ki-moon agradeci\u00f3 la determinaci\u00f3n y el coraje del presidente y el pueblo de Francia por organizar este evento crucial a pesar de los recientes atentados terroristas que sacudieron el pa\u00eds.<\/p>\n<p>Ambos l\u00edderes reiteraron que un fracaso en la adopci\u00f3n de un acuerdo no es una opci\u00f3n y tendr\u00eda consecuencias desastrosas.<\/p>\n<p>El Titular de la ONU y el presidente franc\u00e9s tambi\u00e9n trataron sobre el terrorismo. Ban afirm\u00f3 que presentar\u00e1 pr\u00f3ximamente un plan de acci\u00f3n para contener el extremismo violento y espera que Francia apoye la resoluci\u00f3n.<\/p>\n<p>Ambos destacaron la necesidad de una \u201clucha coordinada contra el terrorismo\u201d ante la gravedad de la creciente influencia de grupos como ISIS m\u00e1s all\u00e1 de Siria e Iraq.<\/p>\n<p>En este contexto, ambos subrayaron la importancia de alcanzar una soluci\u00f3n pol\u00edtica para el conflicto en Siria, as\u00ed como tambi\u00e9n de la formaci\u00f3n de un gobierno de uni\u00f3n nacional en Libia.<\/p>\n<p><a title=\"En v\u00edsperas de la inauguraci\u00f3n de la COP21, Ban Ki-moon se re\u00fane con el presidente franc\u00e9s\" href=\"http:\/\/www.un.org\/spanish\/News\/story.asp?NewsID=33936\">Centro de noticias de la ONU<\/a><\/p>\n","protected":false},"excerpt":{"rendered":"<p>En v\u00edsperas de la inauguraci\u00f3n de la Conferencia de Naciones  [&#8230;]<\/p>\n","protected":false},"author":34,"featured_media":5785,"comment_status":"closed","ping_status":"closed","sticky":false,"template":"","format":"standard","meta":{"_et_pb_use_builder":"","_et_pb_old_content":"","_et_gb_content_width":"","footnotes":""},"categories":[5,16],"tags":[],"class_list":["post-5781","post","type-post","status-publish","format-standard","has-post-thumbnail","hentry","category-climate-change","category-news"],"_links":{"self":[{"href":"https:\/\/www.un.org\/sustainabledevelopment\/es\/wp-json\/wp\/v2\/posts\/5781","targetHints":{"allow":["GET"]}}],"collection":[{"href":"https:\/\/www.un.org\/sustainabledevelopment\/es\/wp-json\/wp\/v2\/posts"}],"about":[{"href":"https:\/\/www.un.org\/sustainabledevelopment\/es\/wp-json\/wp\/v2\/types\/post"}],"author":[{"embeddable":true,"href":"https:\/\/www.un.org\/sustainabledevelopment\/es\/wp-json\/wp\/v2\/users\/34"}],"replies":[{"embeddable":true,"href":"https:\/\/www.un.org\/sustainabledevelopment\/es\/wp-json\/wp\/v2\/comments?post=5781"}],"version-history":[{"count":0,"href":"https:\/\/www.un.org\/sustainabledevelopment\/es\/wp-json\/wp\/v2\/posts\/5781\/revisions"}],"wp:featuredmedia":[{"embeddable":true,"href":"https:\/\/www.un.org\/sustainabledevelopment\/es\/wp-json\/wp\/v2\/media\/5785"}],"wp:attachment":[{"href":"https:\/\/www.un.org\/sustainabledevelopment\/es\/wp-json\/wp\/v2\/media?parent=5781"}],"wp:term":[{"taxonomy":"category","embeddable":true,"href":"https:\/\/www.un.org\/sustainabledevelopment\/es\/wp-json\/wp\/v2\/categories?post=5781"},{"taxonomy":"post_tag","embeddable":true,"href":"https:\/\/www.un.org\/sustainabledevelopment\/es\/wp-json\/wp\/v2\/tags?post=5781"}],"curies":[{"name":"wp","href":"https:\/\/api.w.org\/{rel}","templated":true}]}}