  {"id":5561,"date":"2015-11-17T13:27:38","date_gmt":"2015-11-17T18:27:38","guid":{"rendered":"http:\/\/www.un.org\/sustainabledevelopment\/es\/?p=5561"},"modified":"2017-11-13T16:01:44","modified_gmt":"2017-11-13T21:01:44","slug":"la-oms-alerta-de-las-decenas-de-miles-de-muertes-causadas-por-el-cambio-climatico","status":"publish","type":"post","link":"https:\/\/www.un.org\/sustainabledevelopment\/es\/2015\/11\/la-oms-alerta-de-las-decenas-de-miles-de-muertes-causadas-por-el-cambio-climatico\/","title":{"rendered":"La OMS alerta de las decenas de miles de muertes causadas por el cambio clim\u00e1tico"},"content":{"rendered":"<p>El cambio clim\u00e1tico causa decenas de miles de muertes cada a\u00f1o, por razones que van desde los cambiosde patrones de las enfermedades, hasta los fen\u00f3menos meteorol\u00f3gicos extremos como las olas de calor y las inundaciones, as\u00ed como la degradaci\u00f3n de la calidad del a\u00edre, del saneamiento y de los abastecimientos de agua y alimentos.<\/p>\n<p>As\u00ed lo advirti\u00f3 hoy la Organizaci\u00f3n Mundial de la Salud (OMS), a unos d\u00edas de la inauguraci\u00f3n en Par\u00eds de la Conferencia de la ONU sobre el Cambio Clim\u00e1tico (COP21).<\/p>\n<p>La doctora Mar\u00eda Neira, directora del Departamento de Salud P\u00fablica de la OMS, consider\u00f3 que el acuerdo que se alcance en la capital francesa tendr\u00e1 un gran impacto.<\/p>\n<p>\u00abSi no se reducen las emisiones de gases de efecto invernadero, habr\u00e1 un impacto muy negativo sobre nuestra salud, ya sea por enfermedades transmitidas por vectores como la malaria, por las enfermedades diarreicas o bien por las migraciones forzadas a causa de la falta de producci\u00f3n de alimentos y malnutrici\u00f3n\u00bb, explic\u00f3.<\/p>\n<p>La OMS estima que s\u00f3lo en 2012 unos 7 millones de personas murieron por enfermedades relacionadas con la contaminaci\u00f3n del aire, y prev\u00e9 que durante el periodo 2030-2050, el cambio clim\u00e1tico causar\u00e1 250.000 muertes adicionales cada a\u00f1o por dolencias asociadas a sus efectos ambientales.<\/p>\n<p>Tambi\u00e9n se\u00f1al\u00f3 que los ni\u00f1os y las mujeres de los pa\u00edses m\u00e1s pobres ser\u00e1n los m\u00e1s afectados.<\/p>\n<p>La OMS subray\u00f3 que la conferencia de Par\u00eds ofrece una oportunidad especial a la comunidad sanitaria internacional para hacerse sentir y exigir a los pa\u00edses la adopci\u00f3n de compromisos audaces para proteger al planeta y resguardar la salud de las actuales y futuras generaciones.<\/p>\n<p><a title=\"La OMS alerta de las decenas de miles de muertes causadas por el cambio clim\u00e1tico\" href=\"http:\/\/www.un.org\/spanish\/News\/story.asp?NewsID=33843\">Centro de Noticias de la ONU<\/a><\/p>\n","protected":false},"excerpt":{"rendered":"<p>El cambio clim\u00e1tico causa decenas de miles de muertes cada  [&#8230;]<\/p>\n","protected":false},"author":34,"featured_media":5569,"comment_status":"closed","ping_status":"closed","sticky":false,"template":"","format":"standard","meta":{"_et_pb_use_builder":"","_et_pb_old_content":"","_et_gb_content_width":"","footnotes":""},"categories":[23,5,16,11],"tags":[],"class_list":["post-5561","post","type-post","status-publish","format-standard","has-post-thumbnail","hentry","category-water-and-sanitation","category-climate-change","category-news","category-health"],"_links":{"self":[{"href":"https:\/\/www.un.org\/sustainabledevelopment\/es\/wp-json\/wp\/v2\/posts\/5561","targetHints":{"allow":["GET"]}}],"collection":[{"href":"https:\/\/www.un.org\/sustainabledevelopment\/es\/wp-json\/wp\/v2\/posts"}],"about":[{"href":"https:\/\/www.un.org\/sustainabledevelopment\/es\/wp-json\/wp\/v2\/types\/post"}],"author":[{"embeddable":true,"href":"https:\/\/www.un.org\/sustainabledevelopment\/es\/wp-json\/wp\/v2\/users\/34"}],"replies":[{"embeddable":true,"href":"https:\/\/www.un.org\/sustainabledevelopment\/es\/wp-json\/wp\/v2\/comments?post=5561"}],"version-history":[{"count":0,"href":"https:\/\/www.un.org\/sustainabledevelopment\/es\/wp-json\/wp\/v2\/posts\/5561\/revisions"}],"wp:featuredmedia":[{"embeddable":true,"href":"https:\/\/www.un.org\/sustainabledevelopment\/es\/wp-json\/wp\/v2\/media\/5569"}],"wp:attachment":[{"href":"https:\/\/www.un.org\/sustainabledevelopment\/es\/wp-json\/wp\/v2\/media?parent=5561"}],"wp:term":[{"taxonomy":"category","embeddable":true,"href":"https:\/\/www.un.org\/sustainabledevelopment\/es\/wp-json\/wp\/v2\/categories?post=5561"},{"taxonomy":"post_tag","embeddable":true,"href":"https:\/\/www.un.org\/sustainabledevelopment\/es\/wp-json\/wp\/v2\/tags?post=5561"}],"curies":[{"name":"wp","href":"https:\/\/api.w.org\/{rel}","templated":true}]}}