  {"id":5089,"date":"2015-09-21T12:18:02","date_gmt":"2015-09-21T16:18:02","guid":{"rendered":"http:\/\/www.un.org\/sustainabledevelopment\/es\/?p=5089"},"modified":"2017-11-13T16:01:49","modified_gmt":"2017-11-13T21:01:49","slug":"onu-reconoce-iniciativas-de-nueva-york-para-combatir-cambio-climatico","status":"publish","type":"post","link":"https:\/\/www.un.org\/sustainabledevelopment\/es\/2015\/09\/onu-reconoce-iniciativas-de-nueva-york-para-combatir-cambio-climatico\/","title":{"rendered":"ONU reconoce iniciativas de Nueva York para combatir cambio clim\u00e1tico"},"content":{"rendered":"<p>La ciudad anfitriona de Naciones Unidas, Nueva York, celebra su S\u00e9ptima Semana del Clima, iniciativa internacional dise\u00f1ada para alentar a los gobiernos y al sector privado a promover energ\u00edas limpias y a reducir las emisiones de los gases que provocan el calentamiento global.<\/p>\n<p>El emblem\u00e1tico edificio de la ciudad, el Empire State, fue iluminado de verde ayer domingo y otros lugares como Times Square exhibieron anuncios alusivos a la celebraci\u00f3n en sus grandes vallas electr\u00f3nicas.<\/p>\n<p>El lanzamiento oficial de la semana tuvo lugar hoy en una conferencia de prensa en la sede de la ONU, en la que se explic\u00f3 que su celebraci\u00f3n es una muestra de apoyo a la Cumbre que realizar\u00e1 esta semana para la aprobaci\u00f3n de la Agenda para el Desarrollo Sostenible.<\/p>\n<p>El secretario general adjunto de la ONU sobre cambio clim\u00e1tico, Janos Pasztor, ley\u00f3 un mensaje del Secretario General en el que destac\u00f3 el liderazgo de Nueva York en el establecimiento de metas ambiciosas para la reducci\u00f3n de gases de efecto invernadero.<\/p>\n<blockquote><p>\u00abEl compromiso de la ciudad de reducir sus emisiones en un 80% para 2050 es el tipo de acci\u00f3n que se necesita para establecer un curso hacia un futuro m\u00e1s saludable, m\u00e1s seguro y m\u00e1s pr\u00f3spero\u00bb, se\u00f1al\u00f3 Pasztor.<\/p><\/blockquote>\n<p>Ban Ki-moon record\u00f3 en su mensaje que la nueva agenda incluye un Objetivo espec\u00edfico para la acci\u00f3n clim\u00e1tica, y que de su cumplimiento depender\u00e1 el \u00e9xito de los restantes.<\/p>\n<p><a href=\"http:\/\/www.un.org\/spanish\/News\/story.asp?NewsID=33325\" title=\"ONU reconoce iniciativas de Nueva York para combatir cambio clim\u00e1tico\">Centro de noticias de la ONU<\/a><\/p>\n","protected":false},"excerpt":{"rendered":"<p>La ciudad anfitriona de Naciones Unidas, Nueva York, celebra su  [&#8230;]<\/p>\n","protected":false},"author":37,"featured_media":5091,"comment_status":"closed","ping_status":"closed","sticky":false,"template":"","format":"standard","meta":{"_et_pb_use_builder":"","_et_pb_old_content":"","_et_gb_content_width":"","footnotes":""},"categories":[5,16,33],"tags":[],"class_list":["post-5089","post","type-post","status-publish","format-standard","has-post-thumbnail","hentry","category-climate-change","category-news","category-programa-de-desarrollo-sostenible"],"_links":{"self":[{"href":"https:\/\/www.un.org\/sustainabledevelopment\/es\/wp-json\/wp\/v2\/posts\/5089","targetHints":{"allow":["GET"]}}],"collection":[{"href":"https:\/\/www.un.org\/sustainabledevelopment\/es\/wp-json\/wp\/v2\/posts"}],"about":[{"href":"https:\/\/www.un.org\/sustainabledevelopment\/es\/wp-json\/wp\/v2\/types\/post"}],"author":[{"embeddable":true,"href":"https:\/\/www.un.org\/sustainabledevelopment\/es\/wp-json\/wp\/v2\/users\/37"}],"replies":[{"embeddable":true,"href":"https:\/\/www.un.org\/sustainabledevelopment\/es\/wp-json\/wp\/v2\/comments?post=5089"}],"version-history":[{"count":0,"href":"https:\/\/www.un.org\/sustainabledevelopment\/es\/wp-json\/wp\/v2\/posts\/5089\/revisions"}],"wp:featuredmedia":[{"embeddable":true,"href":"https:\/\/www.un.org\/sustainabledevelopment\/es\/wp-json\/wp\/v2\/media\/5091"}],"wp:attachment":[{"href":"https:\/\/www.un.org\/sustainabledevelopment\/es\/wp-json\/wp\/v2\/media?parent=5089"}],"wp:term":[{"taxonomy":"category","embeddable":true,"href":"https:\/\/www.un.org\/sustainabledevelopment\/es\/wp-json\/wp\/v2\/categories?post=5089"},{"taxonomy":"post_tag","embeddable":true,"href":"https:\/\/www.un.org\/sustainabledevelopment\/es\/wp-json\/wp\/v2\/tags?post=5089"}],"curies":[{"name":"wp","href":"https:\/\/api.w.org\/{rel}","templated":true}]}}