  {"id":4725,"date":"2015-09-15T09:43:10","date_gmt":"2015-09-15T13:43:10","guid":{"rendered":"http:\/\/www.un.org\/sustainabledevelopment\/es\/?p=4725"},"modified":"2017-11-13T16:01:51","modified_gmt":"2017-11-13T21:01:51","slug":"el-presidente-de-la-asamblea-general-confia-en-que-el-70o-periodo-de-sesiones-sea-historico","status":"publish","type":"post","link":"https:\/\/www.un.org\/sustainabledevelopment\/es\/2015\/09\/el-presidente-de-la-asamblea-general-confia-en-que-el-70o-periodo-de-sesiones-sea-historico\/","title":{"rendered":"El Presidente de la Asamblea General conf\u00eda en que el 70\u00ba periodo de sesiones sea hist\u00f3rico"},"content":{"rendered":"<p>Al inaugurar el 70\u00ba periodo de sesiones de la Asamblea General de la ONU, el nuevo presidente del mayor \u00f3rgano de debate mundial confi\u00f3 en que el trabajo del ciclo que empieza sea hist\u00f3rico.<\/p>\n<p>Mogens Lykkentoft afirm\u00f3 que se tratar\u00e1 de una sesi\u00f3n de grandes decisiones que requerir\u00e1 de la acci\u00f3n concertada a favor de la gente y del planeta.<\/p>\n<p>Entre los grandes acontecimientos que ocurrir\u00e1n este a\u00f1o en la Asamblea General, Lykkentoft cit\u00f3 la pr\u00f3xima cumbre de jefes de Estado y de Gobierno para adoptar la Agenda de Desarrollo Sostenible 2030.<\/p>\n<blockquote><p>\u00abAhora, el reto y la prioridad de mi presidencia es garantizar que todos los actores act\u00faen con celeridad para cumplir las promesas hechas\u00bb, dijo.<\/p><\/blockquote>\n<p>El nuevo presidente tambi\u00e9n reconoci\u00f3 los grandes desaf\u00edos que afronta el mundo y entre ellos list\u00f3 guerras, crisis humanitarias, extremismo, pobreza, inequidad, cambio clim\u00e1tico y degradaci\u00f3n ambiental.<\/p>\n<p>Al concluir su discurso, Lykkentoft exhort\u00f3 a los Estados miembros a ayudar a que la ONU avance con un esp\u00edritu de solidaridad global para cumplir con el mandato de la Carta que la fund\u00f3 hace 70 a\u00f1os.<\/p>\n<p>Por su parte, el Secretario General de la Organizaci\u00f3n asever\u00f3 que el sistema de la ONU se prepara para alcanzar los nuevos objetivos y afrontar las actuales emergencias, como la crisis de refugiados que se observa en Europa y Medio Oriente.<\/p>\n<blockquote><p>\u00abLa 70\u00aa sesi\u00f3n de la Asamblea General debe desempe\u00f1arse con miras en la compasi\u00f3n, la prevenci\u00f3n y, sobre todo, la acci\u00f3n\u00bb, apunt\u00f3 Ban Ki-moon.<\/p><\/blockquote>\n<p><a href=\"http:\/\/www.un.org\/spanish\/News\/story.asp?NewsID=33289\" title=\"La Asamblea General de la ONU conf\u00eda en que su 70\u00ba periodo de sesiones sea hist\u00f3rico\">Centro de noticias de la ONU<\/a><\/p>\n","protected":false},"excerpt":{"rendered":"<p>Al inaugurar el 70\u00ba periodo de sesiones de la Asamblea  [&#8230;]<\/p>\n","protected":false},"author":37,"featured_media":4729,"comment_status":"closed","ping_status":"closed","sticky":false,"template":"","format":"standard","meta":{"_et_pb_use_builder":"","_et_pb_old_content":"","_et_gb_content_width":"","footnotes":""},"categories":[1],"tags":[],"class_list":["post-4725","post","type-post","status-publish","format-standard","has-post-thumbnail","hentry","category-uncategorized"],"_links":{"self":[{"href":"https:\/\/www.un.org\/sustainabledevelopment\/es\/wp-json\/wp\/v2\/posts\/4725","targetHints":{"allow":["GET"]}}],"collection":[{"href":"https:\/\/www.un.org\/sustainabledevelopment\/es\/wp-json\/wp\/v2\/posts"}],"about":[{"href":"https:\/\/www.un.org\/sustainabledevelopment\/es\/wp-json\/wp\/v2\/types\/post"}],"author":[{"embeddable":true,"href":"https:\/\/www.un.org\/sustainabledevelopment\/es\/wp-json\/wp\/v2\/users\/37"}],"replies":[{"embeddable":true,"href":"https:\/\/www.un.org\/sustainabledevelopment\/es\/wp-json\/wp\/v2\/comments?post=4725"}],"version-history":[{"count":0,"href":"https:\/\/www.un.org\/sustainabledevelopment\/es\/wp-json\/wp\/v2\/posts\/4725\/revisions"}],"wp:featuredmedia":[{"embeddable":true,"href":"https:\/\/www.un.org\/sustainabledevelopment\/es\/wp-json\/wp\/v2\/media\/4729"}],"wp:attachment":[{"href":"https:\/\/www.un.org\/sustainabledevelopment\/es\/wp-json\/wp\/v2\/media?parent=4725"}],"wp:term":[{"taxonomy":"category","embeddable":true,"href":"https:\/\/www.un.org\/sustainabledevelopment\/es\/wp-json\/wp\/v2\/categories?post=4725"},{"taxonomy":"post_tag","embeddable":true,"href":"https:\/\/www.un.org\/sustainabledevelopment\/es\/wp-json\/wp\/v2\/tags?post=4725"}],"curies":[{"name":"wp","href":"https:\/\/api.w.org\/{rel}","templated":true}]}}