  {"id":4709,"date":"2015-09-15T09:22:37","date_gmt":"2015-09-15T13:22:37","guid":{"rendered":"http:\/\/www.un.org\/sustainabledevelopment\/es\/?p=4709"},"modified":"2017-11-13T16:01:51","modified_gmt":"2017-11-13T21:01:51","slug":"ban-ki-moon-senala-que-la-sociedad-civil-es-el-oxigeno-de-la-democracia","status":"publish","type":"post","link":"https:\/\/www.un.org\/sustainabledevelopment\/es\/2015\/09\/ban-ki-moon-senala-que-la-sociedad-civil-es-el-oxigeno-de-la-democracia\/","title":{"rendered":"Ban Ki-moon se\u00f1ala que la sociedad civil es el ox\u00edgeno de la democracia"},"content":{"rendered":"<p>El Secretario General de la ONU subray\u00f3 hoy que la sociedad civil \u201ces el ox\u00edgeno de la democracia\u201d y act\u00faa como catalizador del progreso social y del crecimiento econ\u00f3mico.<\/p>\n<p>En un mensaje con motivo del D\u00eda Internacional de la Democracia, Ban Ki-moon resalt\u00f3 que en esta ocasi\u00f3n se quiere resaltar la importancia que tiene la sociedad civil para que una democracia sea din\u00e1mica y estable.<\/p>\n<blockquote><p>\u00abEn este D\u00eda, recordemos que el progreso y la participaci\u00f3n c\u00edvica van de la mano. Una naci\u00f3n segura de s\u00ed misma da voz a los ciudadanos y les permite participar en el desarrollo del pa\u00eds\u00bb., enfatiz\u00f3 el Secretario General de la ONU.<\/p><\/blockquote>\n<p>Tambi\u00e9n aprovech\u00f3 la ocasi\u00f3n para destacar que para la sociedad civil, la libertad de acci\u00f3n est\u00e1 disminuyendo o incluso desapareciendo y que un n\u00famero alarmante de gobiernos est\u00e1n restringiendo la capacidad de las organizaciones no gubernamentales para trabajar o recibir financiaci\u00f3n, o para ambas cosas.<\/p>\n<p>\u00abLa funci\u00f3n de la sociedad civil nunca ha sido tan importante\u00bb, remarc\u00f3 Ban Ki-moon y agreg\u00f3 que el Estado y la sociedad civil pueden y deben colaborar en la creaci\u00f3n del futuro que desean las personas.<\/p>\n<p><a href=\"http:\/\/www.un.org\/spanish\/News\/story.asp?NewsID=33279\" title=\"Ban: la funci\u00f3n de la sociedad civil nunca ha sido tan importante\">Centro de noticias de la ONU<\/a><\/p>\n","protected":false},"excerpt":{"rendered":"<p>El Secretario General de la ONU subray\u00f3 hoy que la  [&#8230;]<\/p>\n","protected":false},"author":37,"featured_media":4713,"comment_status":"closed","ping_status":"closed","sticky":false,"template":"","format":"standard","meta":{"_et_pb_use_builder":"","_et_pb_old_content":"","_et_gb_content_width":"","footnotes":""},"categories":[19,16],"tags":[],"class_list":["post-4709","post","type-post","status-publish","format-standard","has-post-thumbnail","hentry","category-peace-and-justice","category-news"],"_links":{"self":[{"href":"https:\/\/www.un.org\/sustainabledevelopment\/es\/wp-json\/wp\/v2\/posts\/4709","targetHints":{"allow":["GET"]}}],"collection":[{"href":"https:\/\/www.un.org\/sustainabledevelopment\/es\/wp-json\/wp\/v2\/posts"}],"about":[{"href":"https:\/\/www.un.org\/sustainabledevelopment\/es\/wp-json\/wp\/v2\/types\/post"}],"author":[{"embeddable":true,"href":"https:\/\/www.un.org\/sustainabledevelopment\/es\/wp-json\/wp\/v2\/users\/37"}],"replies":[{"embeddable":true,"href":"https:\/\/www.un.org\/sustainabledevelopment\/es\/wp-json\/wp\/v2\/comments?post=4709"}],"version-history":[{"count":0,"href":"https:\/\/www.un.org\/sustainabledevelopment\/es\/wp-json\/wp\/v2\/posts\/4709\/revisions"}],"wp:featuredmedia":[{"embeddable":true,"href":"https:\/\/www.un.org\/sustainabledevelopment\/es\/wp-json\/wp\/v2\/media\/4713"}],"wp:attachment":[{"href":"https:\/\/www.un.org\/sustainabledevelopment\/es\/wp-json\/wp\/v2\/media?parent=4709"}],"wp:term":[{"taxonomy":"category","embeddable":true,"href":"https:\/\/www.un.org\/sustainabledevelopment\/es\/wp-json\/wp\/v2\/categories?post=4709"},{"taxonomy":"post_tag","embeddable":true,"href":"https:\/\/www.un.org\/sustainabledevelopment\/es\/wp-json\/wp\/v2\/tags?post=4709"}],"curies":[{"name":"wp","href":"https:\/\/api.w.org\/{rel}","templated":true}]}}