  {"id":4693,"date":"2015-09-14T18:00:23","date_gmt":"2015-09-14T22:00:23","guid":{"rendered":"http:\/\/www.un.org\/sustainabledevelopment\/es\/?p=4693"},"modified":"2017-11-13T16:01:51","modified_gmt":"2017-11-13T21:01:51","slug":"el-presidente-de-la-asamblea-general-considera-los-ods-el-maximo-logro-del-69-periodo-de-sesiones","status":"publish","type":"post","link":"https:\/\/www.un.org\/sustainabledevelopment\/es\/2015\/09\/el-presidente-de-la-asamblea-general-considera-los-ods-el-maximo-logro-del-69-periodo-de-sesiones\/","title":{"rendered":"El presidente de la Asamblea General considera los ODS el m\u00e1ximo logro del 69 periodo de sesiones"},"content":{"rendered":"<p>El presidente de la Asamblea General, Sam Kutesa, ofreci\u00f3 hoy su \u00faltima conferencia de prensa con motivo de la clausura del 69\u00ba periodo de sesiones de ese \u00f3rgano de Naciones Unidas.<\/p>\n<p>En su intervenci\u00f3n subray\u00f3 que la decisi\u00f3n del contenido de los Objetivos de Desarrollo Sostenible (ODS) 2015-2030 fue lo m\u00e1s destacado del a\u00f1o, en conjunto con la Agenda de Acci\u00f3n de Addis Abeba sobre financiaci\u00f3n para el desarrollo.<\/p>\n<p>En ese sentido, indic\u00f3 que la sesi\u00f3n 69 present\u00f3 una oportunidad hist\u00f3rica de cambiar el mundo para mejor.<\/p>\n<p>Sam Kutesa se\u00f1al\u00f3 que en el a\u00f1o de su presidencia se avanz\u00f3 bastante aunque quedan pendientes tareas importantes, como alcanzar un acuerdo ambicioso sobre cambio clim\u00e1tico en la cumbre a celebrarse en diciembre en Par\u00eds. <\/p>\n<p>Una de las prioridades de Kutesa fue la reforma del Consejo de Seguridad con la que se mostr\u00f3 complacido y anim\u00f3 a continuar fortaleciendo la voluntad de reformar ese \u00f3rgano de manera que refleje las realidades geopol\u00edticas del mundo actual.<\/p>\n<blockquote><p>\u00abMe gustar\u00eda que el proceso siguiera avanzando. Durante m\u00e1s de diez a\u00f1os cada grupo ha repetido su posici\u00f3n al respecto (\u2026). Pero ahora hemos arribado a una especie de texto que re\u00fane estas posiciones y que se concentra en los puntos de convergencia\u00bb, se\u00f1al\u00f3 el presidente saliente de la Asamblea General.<\/p><\/blockquote>\n<p>Por otra parte, Sam Kutesa se\u00f1al\u00f3 que tanto la reforma del Consejo de Seguridad como la revitalizaci\u00f3n de los m\u00e9todos de trabajo de la Asamblea General son \u00e1reas que requieren atenci\u00f3n para remover impedimentos a la hora de encontrar soluciones a los problemas que afronta la ONU.<\/p>\n<p>Destac\u00f3 que entre los cambios positivos se encuentra una resoluci\u00f3n que pide m\u00e1s conciencia y sensibilidad con la distribuci\u00f3n geopol\u00edtica y de g\u00e9nero en la elecci\u00f3n del pr\u00f3ximo Secretario General de la ONU, lo que consider\u00f3 que abre las puertas para que se elija a una mujer al frente del organismo mundial. <\/p>\n<p>Sam Kutesa fue electo presidente de la sesi\u00f3n 69 de la Asamblea General en junio de 2014. En ese momento, se desempe\u00f1aba como ministro de Relaciones Exteriores de Uganda.<\/p>\n<p>El nuevo presidente de la Asamblea General es, Mogens Lykketoft, ex presidente del Parlamento y ex ministro de Relaciones Exteriores de Dinamarca, quien presidir\u00e1 durante el 70\u00ba aniversario de la Organizaci\u00f3n.<\/p>\n<p><a href=\"http:\/\/www.un.org\/spanish\/News\/story.asp?NewsID=33274\" title=\"El presidente de la Asamblea General considera los ODS el m\u00e1ximo logro del 69 periodo de sesiones\">Centro de noticias de la ONU<\/a><\/p>\n","protected":false},"excerpt":{"rendered":"<p>El presidente de la Asamblea General, Sam Kutesa, ofreci\u00f3 hoy  [&#8230;]<\/p>\n","protected":false},"author":37,"featured_media":4697,"comment_status":"closed","ping_status":"closed","sticky":false,"template":"","format":"standard","meta":{"_et_pb_use_builder":"","_et_pb_old_content":"","_et_gb_content_width":"","footnotes":""},"categories":[16,33],"tags":[],"class_list":["post-4693","post","type-post","status-publish","format-standard","has-post-thumbnail","hentry","category-news","category-programa-de-desarrollo-sostenible"],"_links":{"self":[{"href":"https:\/\/www.un.org\/sustainabledevelopment\/es\/wp-json\/wp\/v2\/posts\/4693","targetHints":{"allow":["GET"]}}],"collection":[{"href":"https:\/\/www.un.org\/sustainabledevelopment\/es\/wp-json\/wp\/v2\/posts"}],"about":[{"href":"https:\/\/www.un.org\/sustainabledevelopment\/es\/wp-json\/wp\/v2\/types\/post"}],"author":[{"embeddable":true,"href":"https:\/\/www.un.org\/sustainabledevelopment\/es\/wp-json\/wp\/v2\/users\/37"}],"replies":[{"embeddable":true,"href":"https:\/\/www.un.org\/sustainabledevelopment\/es\/wp-json\/wp\/v2\/comments?post=4693"}],"version-history":[{"count":0,"href":"https:\/\/www.un.org\/sustainabledevelopment\/es\/wp-json\/wp\/v2\/posts\/4693\/revisions"}],"wp:featuredmedia":[{"embeddable":true,"href":"https:\/\/www.un.org\/sustainabledevelopment\/es\/wp-json\/wp\/v2\/media\/4697"}],"wp:attachment":[{"href":"https:\/\/www.un.org\/sustainabledevelopment\/es\/wp-json\/wp\/v2\/media?parent=4693"}],"wp:term":[{"taxonomy":"category","embeddable":true,"href":"https:\/\/www.un.org\/sustainabledevelopment\/es\/wp-json\/wp\/v2\/categories?post=4693"},{"taxonomy":"post_tag","embeddable":true,"href":"https:\/\/www.un.org\/sustainabledevelopment\/es\/wp-json\/wp\/v2\/tags?post=4693"}],"curies":[{"name":"wp","href":"https:\/\/api.w.org\/{rel}","templated":true}]}}