  {"id":4525,"date":"2015-09-10T15:07:18","date_gmt":"2015-09-10T19:07:18","guid":{"rendered":"http:\/\/www.un.org\/sustainabledevelopment\/es\/?p=4525"},"modified":"2017-11-13T16:01:57","modified_gmt":"2017-11-13T21:01:57","slug":"unos-2-millones-de-ninos-en-siria-no-pueden-ir-a-la-escuela","status":"publish","type":"post","link":"https:\/\/www.un.org\/sustainabledevelopment\/es\/2015\/09\/unos-2-millones-de-ninos-en-siria-no-pueden-ir-a-la-escuela\/","title":{"rendered":"Unos 2 millones de ni\u00f1os en Siria no pueden ir a la escuela"},"content":{"rendered":"<p> El Fondo de la ONU para la Infancia (±¬ÁÏÍøICEF) reclam\u00f3 hoy m\u00e1s atenci\u00f3n a la situaci\u00f3n humanitaria en Siria y en particular a la protecci\u00f3n de los ni\u00f1os y se\u00f1al\u00f3 que unos dos millones de menores no pueden asistir a clases a causa del conflicto en ese pa\u00eds.<\/p>\n<p>Tambi\u00e9n resalt\u00f3 que m\u00e1s de cuatro millones de sirios han abandonado el pa\u00eds desde que comenz\u00f3 la crisis hace m\u00e1s de cuatro a\u00f1os y la mitad de ellos son ni\u00f1os.<\/p>\n<p>±¬ÁÏÍøICEF advirti\u00f3 de que la crisis de refugiados y migrantes que afronta Europa en estos momentos ser\u00e1 m\u00e1s grave si no se hacen m\u00e1s esfuerzos para poner fin a ese conflicto y atender las necesidades humanitarias de millones de personas afectadas por la violencia.<\/p>\n<p>Peter Salama, director de ±¬ÁÏÍøICEF para el Medio Oriente y el Norte de \u00c1frica explic\u00f3 en un comunicado que todos los sirios con lo que ha hablado manifestaron que se habr\u00edan quedado en su pa\u00eds si se hubieran sentido seguros, si pudieran vivir en paz y si fueran tratados con dignidad.<\/p>\n<p>±¬ÁÏÍøICEF se\u00f1al\u00f3 que unos 16 millones de personas afectadas por el conflicto en ese pa\u00eds, y la mitad de ellos ni\u00f1os, necesitan asistencia para sobrevivir, protecci\u00f3n y disponer de acceso a servicios de salud, agua potable y educaci\u00f3n, entre otros.<\/p>\n<p>Datos recientes de la Uni\u00f3n Europea muestran que entre los refugiados que han llegado a Europa durante este a\u00f1o el grupo mayor procede de Siria.<\/p>\n<p>±¬ÁÏÍøICEF subray\u00f3 la necesidad urgente de fondos para atender a los afectados por el conflicto de Siria y explic\u00f3 que de los 903 millones de d\u00f3lares solicitados hasta el momento ha recibido menos de la mitad de esa cantidad.<\/p>\n<p><a href=\"http:\/\/www.un.org\/spanish\/News\/story.asp?NewsID=33246\" title=\"Unos 2 millones de ni\u00f1os en Siria no pueden ir a la escuela\"><br \/>\nCentro de noticias de la ONU<\/a><\/p>\n","protected":false},"excerpt":{"rendered":"<p>El Fondo de la ONU para la Infancia (±¬ÁÏÍøICEF) reclam\u00f3  [&#8230;]<\/p>\n","protected":false},"author":37,"featured_media":4529,"comment_status":"closed","ping_status":"closed","sticky":false,"template":"","format":"standard","meta":{"_et_pb_use_builder":"","_et_pb_old_content":"","_et_gb_content_width":"","footnotes":""},"categories":[7,16],"tags":[],"class_list":["post-4525","post","type-post","status-publish","format-standard","has-post-thumbnail","hentry","category-education","category-news"],"_links":{"self":[{"href":"https:\/\/www.un.org\/sustainabledevelopment\/es\/wp-json\/wp\/v2\/posts\/4525","targetHints":{"allow":["GET"]}}],"collection":[{"href":"https:\/\/www.un.org\/sustainabledevelopment\/es\/wp-json\/wp\/v2\/posts"}],"about":[{"href":"https:\/\/www.un.org\/sustainabledevelopment\/es\/wp-json\/wp\/v2\/types\/post"}],"author":[{"embeddable":true,"href":"https:\/\/www.un.org\/sustainabledevelopment\/es\/wp-json\/wp\/v2\/users\/37"}],"replies":[{"embeddable":true,"href":"https:\/\/www.un.org\/sustainabledevelopment\/es\/wp-json\/wp\/v2\/comments?post=4525"}],"version-history":[{"count":0,"href":"https:\/\/www.un.org\/sustainabledevelopment\/es\/wp-json\/wp\/v2\/posts\/4525\/revisions"}],"wp:featuredmedia":[{"embeddable":true,"href":"https:\/\/www.un.org\/sustainabledevelopment\/es\/wp-json\/wp\/v2\/media\/4529"}],"wp:attachment":[{"href":"https:\/\/www.un.org\/sustainabledevelopment\/es\/wp-json\/wp\/v2\/media?parent=4525"}],"wp:term":[{"taxonomy":"category","embeddable":true,"href":"https:\/\/www.un.org\/sustainabledevelopment\/es\/wp-json\/wp\/v2\/categories?post=4525"},{"taxonomy":"post_tag","embeddable":true,"href":"https:\/\/www.un.org\/sustainabledevelopment\/es\/wp-json\/wp\/v2\/tags?post=4525"}],"curies":[{"name":"wp","href":"https:\/\/api.w.org\/{rel}","templated":true}]}}