  {"id":4389,"date":"2015-09-09T10:52:03","date_gmt":"2015-09-09T14:52:03","guid":{"rendered":"http:\/\/www.un.org\/sustainabledevelopment\/es\/?p=4389"},"modified":"2017-11-13T16:01:58","modified_gmt":"2017-11-13T21:01:58","slug":"ban-una-cultura-de-paz-requiere-actuar-contra-la-division-y-la-injusticia","status":"publish","type":"post","link":"https:\/\/www.un.org\/sustainabledevelopment\/es\/2015\/09\/ban-una-cultura-de-paz-requiere-actuar-contra-la-division-y-la-injusticia\/","title":{"rendered":"Ban: una cultura de paz requiere actuar contra la divisi\u00f3n y la injusticia"},"content":{"rendered":"<p>El Secretario General de la ONU manifest\u00f3 hoy que no se puede construir una cultura de paz sin una activa campa\u00f1a contra la divisi\u00f3n y la injusticia y alent\u00f3 a contar en esa tarea con los j\u00f3venes de todo el mundo.<\/p>\n<p>Durante un foro de alto nivel en la Asamblea General, Ban Ki-moon resalt\u00f3 algunos de los graves problemas que afronta la comunidad internacional en estos momentos, 70 a\u00f1os despu\u00e9s de que se fundara la ONU en un mundo tambi\u00e9n quebrado por los conflictos.<\/p>\n<blockquote><p>\u00abLas Naciones Unidas siguen trabajando en la primera l\u00ednea del sufrimiento humano, atendiendo a m\u00e1s refugiados que cuando se fund\u00f3 y desplegando m\u00e1s cascos azules que nunca. A la vez que acudimos a emergencias, tambi\u00e9n trabajamos para evitar conflictos y promover la reconciliaci\u00f3n. Necesitamos actuar en todos los frentes, Se lo debemos a las generaciones futuras\u00bb, declar\u00f3 el Titular de la ONU.<\/p><\/blockquote>\n<p>Agreg\u00f3 que los j\u00f3venes pueden ayudar a construir una cultura de paz y enfatiz\u00f3 que la gran mayor\u00eda de los 1.800 millones de j\u00f3venes en todo el mundo anhelan la paz, la seguridad y el desarrollo<\/p>\n<blockquote><p>\u00abPor eso pido que se de a los j\u00f3venes una un puesto en la mesa de negociaciones. Es hora de invertir en ellos como consolidadores de la paz. Pueden hacer contribuciones masivas a una estabilidad duradera\u00bb, agreg\u00f3 Ban. <\/p><\/blockquote>\n<p>En otro momento de su intervenci\u00f3n en este foro de alto nivel aludi\u00f3 al conflicto en Siria y a los efectos que est\u00e1 teniendo en su poblaci\u00f3n, en el patrimonio cultural y en los pa\u00edses vecinos, y c\u00f3mo ha suscitado tambi\u00e9n una crisis de refugiados en Europa.<\/p>\n<p>Explic\u00f3 que ha mantenido frecuentes contactos con l\u00edderes europeos respecto de ese asunto y subray\u00f3 que ese \u00abes un asunto global\u00bb, por lo que se abordar\u00e1 tambi\u00e9n durante las reuniones de alto nivel, a finales de este mes, coincidiendo con la apertura de una nueva sesi\u00f3n de la Asamblea General.<\/p>\n<p><a href=\"http:\/\/www.un.org\/spanish\/News\/story.asp?NewsID=33238\" title=\"Ban: una cultura de paz requiere actuar contra la divisi\u00f3n y la injusticia\"><br \/>\nCentro de noticias de la ONU<\/a><\/p>\n","protected":false},"excerpt":{"rendered":"<p>El Secretario General de la ONU manifest\u00f3 hoy que no  [&#8230;]<\/p>\n","protected":false},"author":37,"featured_media":3178,"comment_status":"closed","ping_status":"closed","sticky":false,"template":"","format":"standard","meta":{"_et_pb_use_builder":"","_et_pb_old_content":"","_et_gb_content_width":"","footnotes":""},"categories":[19,16],"tags":[],"class_list":["post-4389","post","type-post","status-publish","format-standard","has-post-thumbnail","hentry","category-peace-and-justice","category-news"],"_links":{"self":[{"href":"https:\/\/www.un.org\/sustainabledevelopment\/es\/wp-json\/wp\/v2\/posts\/4389","targetHints":{"allow":["GET"]}}],"collection":[{"href":"https:\/\/www.un.org\/sustainabledevelopment\/es\/wp-json\/wp\/v2\/posts"}],"about":[{"href":"https:\/\/www.un.org\/sustainabledevelopment\/es\/wp-json\/wp\/v2\/types\/post"}],"author":[{"embeddable":true,"href":"https:\/\/www.un.org\/sustainabledevelopment\/es\/wp-json\/wp\/v2\/users\/37"}],"replies":[{"embeddable":true,"href":"https:\/\/www.un.org\/sustainabledevelopment\/es\/wp-json\/wp\/v2\/comments?post=4389"}],"version-history":[{"count":0,"href":"https:\/\/www.un.org\/sustainabledevelopment\/es\/wp-json\/wp\/v2\/posts\/4389\/revisions"}],"wp:featuredmedia":[{"embeddable":true,"href":"https:\/\/www.un.org\/sustainabledevelopment\/es\/wp-json\/wp\/v2\/media\/3178"}],"wp:attachment":[{"href":"https:\/\/www.un.org\/sustainabledevelopment\/es\/wp-json\/wp\/v2\/media?parent=4389"}],"wp:term":[{"taxonomy":"category","embeddable":true,"href":"https:\/\/www.un.org\/sustainabledevelopment\/es\/wp-json\/wp\/v2\/categories?post=4389"},{"taxonomy":"post_tag","embeddable":true,"href":"https:\/\/www.un.org\/sustainabledevelopment\/es\/wp-json\/wp\/v2\/tags?post=4389"}],"curies":[{"name":"wp","href":"https:\/\/api.w.org\/{rel}","templated":true}]}}