  {"id":4251,"date":"2015-09-02T14:41:12","date_gmt":"2015-09-02T18:41:12","guid":{"rendered":"http:\/\/www.un.org\/sustainabledevelopment\/es\/?p=4251"},"modified":"2015-09-02T14:41:12","modified_gmt":"2015-09-02T18:41:12","slug":"analizaran-papel-de-los-bosques-en-el-alcance-del-desarrollo-sostenible","status":"publish","type":"post","link":"https:\/\/www.un.org\/sustainabledevelopment\/es\/2015\/09\/analizaran-papel-de-los-bosques-en-el-alcance-del-desarrollo-sostenible\/","title":{"rendered":"Analizar\u00e1n papel de los bosques en el alcance del desarrollo sostenible"},"content":{"rendered":"<p>La necesidad de que los gobiernos, la sociedad civil y el sector privado impulsen la inversi\u00f3n en los bosques como un elemento clave para el desarrollo sostenible, ser\u00e1 el eje central del XIV Congreso Forestal Mundial que se celebrar\u00e1 en Durban,Sud\u00e1frica, del 7 al 11 de septiembre.<\/p>\n<p>Bajo el lema \u00abBosques y Gente: Invertir en un Futuro Sostenible\u00bb, los participantes debatir\u00e1n formas de aprovechar todo el potencial de los bosques para sacar a la poblaci\u00f3n rural de la pobreza, paliar los efectos del cambio clim\u00e1tico y desarrollar nuevas tecnolog\u00edas y productos renovables.<\/p>\n<p>El evento,que se celebra cada seis a\u00f1os, es organizado en esta edici\u00f3n por la Rep\u00fablica de Sud\u00e1frica con la ayuda de la FAO y es la primera vez que se celebra en \u00c1frica desde su creaci\u00f3n en 1926.<\/p>\n<p>En la ceremonia inaugural, el Director General de la FAO, Jos\u00e9 Graziano da Silva, presentar\u00e1 la \u00faltima Evaluaci\u00f3n de los Recursos Forestales Mundiales de la FAO, que muestra c\u00f3mo han cambiado los bosques mundiales en los \u00faltimos 25 a\u00f1os y aporta informaci\u00f3n actualizada sobre el estado de la gesti\u00f3n forestal sostenible.<\/p>\n<p>Unos 20 ministros y viceministros participar\u00e1n en el di\u00e1logo de alto nivel sobre la agenda forestal mundial para estudiar c\u00f3mo las inversiones en los bosques, las actividades forestales y las comunidades forestales pueden contribuir mejor a la implementaci\u00f3n de los Objetivos de Desarrollo Sostenible (ODS).<\/p>\n<p><a href=\"http:\/\/www.un.org\/spanish\/News\/story.asp?NewsID=33196\">Centro de noticias<\/a><\/p>\n","protected":false},"excerpt":{"rendered":"<p>La necesidad de que los gobiernos, la sociedad civil y  [&#8230;]<\/p>\n","protected":false},"author":34,"featured_media":2084,"comment_status":"closed","ping_status":"closed","sticky":false,"template":"","format":"standard","meta":{"_et_pb_use_builder":"","_et_pb_old_content":"","_et_gb_content_width":"","footnotes":""},"categories":[9,16,33],"tags":[],"class_list":["post-4251","post","type-post","status-publish","format-standard","has-post-thumbnail","hentry","category-forests-desertification-and-biodiversity","category-news","category-programa-de-desarrollo-sostenible"],"_links":{"self":[{"href":"https:\/\/www.un.org\/sustainabledevelopment\/es\/wp-json\/wp\/v2\/posts\/4251","targetHints":{"allow":["GET"]}}],"collection":[{"href":"https:\/\/www.un.org\/sustainabledevelopment\/es\/wp-json\/wp\/v2\/posts"}],"about":[{"href":"https:\/\/www.un.org\/sustainabledevelopment\/es\/wp-json\/wp\/v2\/types\/post"}],"author":[{"embeddable":true,"href":"https:\/\/www.un.org\/sustainabledevelopment\/es\/wp-json\/wp\/v2\/users\/34"}],"replies":[{"embeddable":true,"href":"https:\/\/www.un.org\/sustainabledevelopment\/es\/wp-json\/wp\/v2\/comments?post=4251"}],"version-history":[{"count":0,"href":"https:\/\/www.un.org\/sustainabledevelopment\/es\/wp-json\/wp\/v2\/posts\/4251\/revisions"}],"wp:featuredmedia":[{"embeddable":true,"href":"https:\/\/www.un.org\/sustainabledevelopment\/es\/wp-json\/wp\/v2\/media\/2084"}],"wp:attachment":[{"href":"https:\/\/www.un.org\/sustainabledevelopment\/es\/wp-json\/wp\/v2\/media?parent=4251"}],"wp:term":[{"taxonomy":"category","embeddable":true,"href":"https:\/\/www.un.org\/sustainabledevelopment\/es\/wp-json\/wp\/v2\/categories?post=4251"},{"taxonomy":"post_tag","embeddable":true,"href":"https:\/\/www.un.org\/sustainabledevelopment\/es\/wp-json\/wp\/v2\/tags?post=4251"}],"curies":[{"name":"wp","href":"https:\/\/api.w.org\/{rel}","templated":true}]}}