  {"id":4066,"date":"2015-08-26T14:27:05","date_gmt":"2015-08-26T18:27:05","guid":{"rendered":"http:\/\/www.un.org\/sustainabledevelopment\/es\/?p=4066"},"modified":"2017-11-13T16:02:06","modified_gmt":"2017-11-13T21:02:06","slug":"ban-ki-moon-pide-acelerar-las-negociaciones-sobre-el-cambio-climatico","status":"publish","type":"post","link":"https:\/\/www.un.org\/sustainabledevelopment\/es\/2015\/08\/ban-ki-moon-pide-acelerar-las-negociaciones-sobre-el-cambio-climatico\/","title":{"rendered":"Ban Ki-moon pide acelerar las negociaciones sobre el cambio clim\u00e1tico"},"content":{"rendered":"<p>El Secretario General de la ONU, Ban Ki-moon, urgi\u00f3 este mi\u00e9rcoles a los l\u00edderes mundiales a acelerar las negociaciones para asegurar un acuerdo significativo sobre cambio clim\u00e1tico.<\/p>\n<p>Durante una conferencia de prensa celebrada en Par\u00eds, en conjunto con los ministros de Relaciones Exteriores de Francia, Laurent Fabius; y del Medio Ambiente de Per\u00fa, Manuel Pulgar; Ban pidi\u00f3 a los negociadores mirar m\u00e1s all\u00e1 de sus intereses nacionales porque se trata de un problema que afecta a toda la humanidad.<\/p>\n<p>El Secretario General subray\u00f3 que debe acabar el lento ritmo de esas negociaciones porque quedan menos de 100 d\u00edas para la firma de un pacto universal que aborde los problemas clim\u00e1ticos causados por las actividades humanas.<\/p>\n<p>\u00abPor eso estoy pidiendo a los l\u00edderes mundiales que den un mensaje claro a sus representantes que deben acelerar las negociaciones. Estoy pidiendo a los ministros dar instrucciones precisas a sus delegados. De eso he conversado ayer en Par\u00eds con el presidentes de Francia, Hollande, as\u00ed como con la Canciller alemana, Merkel, y el presidente, Humala, de Per\u00fa\u00bb, especific\u00f3 Ban. <\/p>\n<p>El cambio clim\u00e1tico est\u00e1 sucediendo ahora, record\u00f3 el Secretario General, y subray\u00f3 que hemos vivido sucesos de clima extremo, y que los cient\u00edficos han alertado que para prevenir fen\u00f3menos a\u00fan m\u00e1s peligrosos la temperatura global del Planeta no debe aumentar por encima de los dos grados cent\u00edgrados registrados durante la era pre industrial. <\/p>\n<p><a href=\"http:\/\/www.un.org\/spanish\/News\/story.asp?NewsID=33138\" title=\"Ban Ki-moon pide acelerar las negociaciones sobre cambio clim\u00e1tico\">Centro de noticias de la ONU<\/a><\/p>\n","protected":false},"excerpt":{"rendered":"<p>El Secretario General de la ONU, Ban Ki-moon, urgi\u00f3 este  [&#8230;]<\/p>\n","protected":false},"author":37,"featured_media":4071,"comment_status":"closed","ping_status":"closed","sticky":false,"template":"","format":"standard","meta":{"_et_pb_use_builder":"","_et_pb_old_content":"","_et_gb_content_width":"","footnotes":""},"categories":[5,16,31],"tags":[],"class_list":["post-4066","post","type-post","status-publish","format-standard","has-post-thumbnail","hentry","category-climate-change","category-news","category-secretario-general"],"_links":{"self":[{"href":"https:\/\/www.un.org\/sustainabledevelopment\/es\/wp-json\/wp\/v2\/posts\/4066","targetHints":{"allow":["GET"]}}],"collection":[{"href":"https:\/\/www.un.org\/sustainabledevelopment\/es\/wp-json\/wp\/v2\/posts"}],"about":[{"href":"https:\/\/www.un.org\/sustainabledevelopment\/es\/wp-json\/wp\/v2\/types\/post"}],"author":[{"embeddable":true,"href":"https:\/\/www.un.org\/sustainabledevelopment\/es\/wp-json\/wp\/v2\/users\/37"}],"replies":[{"embeddable":true,"href":"https:\/\/www.un.org\/sustainabledevelopment\/es\/wp-json\/wp\/v2\/comments?post=4066"}],"version-history":[{"count":0,"href":"https:\/\/www.un.org\/sustainabledevelopment\/es\/wp-json\/wp\/v2\/posts\/4066\/revisions"}],"wp:featuredmedia":[{"embeddable":true,"href":"https:\/\/www.un.org\/sustainabledevelopment\/es\/wp-json\/wp\/v2\/media\/4071"}],"wp:attachment":[{"href":"https:\/\/www.un.org\/sustainabledevelopment\/es\/wp-json\/wp\/v2\/media?parent=4066"}],"wp:term":[{"taxonomy":"category","embeddable":true,"href":"https:\/\/www.un.org\/sustainabledevelopment\/es\/wp-json\/wp\/v2\/categories?post=4066"},{"taxonomy":"post_tag","embeddable":true,"href":"https:\/\/www.un.org\/sustainabledevelopment\/es\/wp-json\/wp\/v2\/tags?post=4066"}],"curies":[{"name":"wp","href":"https:\/\/api.w.org\/{rel}","templated":true}]}}