  {"id":3876,"date":"2015-08-18T19:43:36","date_gmt":"2015-08-18T23:43:36","guid":{"rendered":"http:\/\/www.un.org\/sustainabledevelopment\/es\/?p=3876"},"modified":"2017-11-13T16:02:11","modified_gmt":"2017-11-13T21:02:11","slug":"la-onu-rinde-tributo-a-quienes-asisten-a-los-mas-vulnerables-en-el-mundo","status":"publish","type":"post","link":"https:\/\/www.un.org\/sustainabledevelopment\/es\/2015\/08\/la-onu-rinde-tributo-a-quienes-asisten-a-los-mas-vulnerables-en-el-mundo\/","title":{"rendered":"La ONU rinde tributo a quienes asisten a los m\u00e1s vulnerables en el mundo"},"content":{"rendered":"<p>El Secretario General de la ONU dedic\u00f3 este martes palabras de homenaje y reconocimiento a quienes trabajan en todo el mundo para atender las necesidades de numerosas familias y comunidades que luchan por sobrevivir cada d\u00eda.<\/p>\n<p>Durante un acto en la sede del Consejo Econ\u00f3mico y Social (ECOSOC) con motivo del <a href=\"http:\/\/www.un.org\/es\/events\/humanitarianday\/\" title=\"D\u00eda Mundial de la Asistencia Humanitaria\">D\u00eda Mundial de la Asistencia Humanitaria<\/a>, que se celebra cada 19 de agosto, Ban Ki-moon destac\u00f3 que m\u00e1s de 100 millones de personas requieren en estos momentos asistencia humanitaria para seguir viviendo.<\/p>\n<blockquote><p>\u00abNecesitan y merecen nuestra solidaridad. Cada uno de nosotros puede hacer la diferencia. Cada uno de nosotros tiene el poder y la responsabilidad de ayudar a crear un mundo m\u00e1s humano\u00bb, se\u00f1al\u00f3 el Secretario General durante su discurso y alent\u00f3 a todos a mostrar esa solidaridad participando en la campa\u00f1a<br \/>\n#ShareHumanity (#compartetuhumanidad) en las redes sociales.<\/p><\/blockquote>\n<p>Ban Ki-moon record\u00f3 tambi\u00e9n que la Asamblea General design\u00f3 el D\u00eda Mundial de la Asistencia Humanitaria para se\u00f1alar el aniversario del ataque terrorista contra el cuartel general de la ONU en Bagdad, en 2003, que se cobr\u00f3 la vida de 22 personas y entre ellas la de Sergio Viera de Mello, una destacada personalidad en el \u00e1mbito humanitario.<\/p>\n<blockquote><p>\u00abHoy recordamos a Sergio y a todos los trabajadores humanitarios que han entregado su vida ayudando a otros. Estos trabajadores y voluntarios en todo el mundo nos recuerdan nuestra humanidad com\u00fan y nuestro deber de apoyar a aquellos que m\u00e1s nos necesitan\u00bb, subray\u00f3.<\/p><\/blockquote>\n<p>Ban explic\u00f3 que en mayo pr\u00f3ximo se celebrar\u00e1 en Estambul (Turqu\u00eda) la primera Cumbre Mundial de Asistencia Humanitaria, que asegur\u00f3 servir\u00e1 tambi\u00e9n para reforzar la agenda 2030 para un desarrollo sostenible y el compromiso para acabar con la pobreza.<\/p>\n<p>En este acto en el complejo de la ONU en Nueva York particip\u00f3 adem\u00e1s el coordinador de Ayuda Humanitaria de la ONU, Stephen O\u00b4Brien, reci\u00e9n llegado de sus recientes visitas a Yemen, Siria y L\u00edbano. <\/p>\n<p>O\u00b4Brien explic\u00f3 que este acto era el inicio de una larga serie de eventos en todo el mundo durante los que este mi\u00e9rcoles trabajadores humanitarios se juntar\u00e1n con comunidades locales para hacer realidad el lema de este a\u00f1o: \u201ccomparte tu humanidad\u201d.<\/p>\n<blockquote><p>\n\u00abCelebramos el esp\u00edritu que inspira el trabajo humanitario en todo el mundo. Y rendimos tributo a la valent\u00eda y el compromiso de los trabajadores humanitarios. Doy las gracias a cada trabajador humanitario y a sus familias por su labor inspiradora\u00bb, manifest\u00f3 O\u00b4Brien.<\/p><\/blockquote>\n<p>Este evento, en el que se presentaron historias conmovedoras relacionadas con la ayuda humanitaria, tambi\u00e9n tuvo un s\u00f3lido componente musical, en la voz y las canciones del colombiano Juanes, del australiano Cody Simpson y de la cantante de Mali Inna Modja.<\/p>\n<p><a href=\"http:\/\/www.un.org\/spanish\/News\/story.asp?NewsID=33085\" title=\"La ONU rinde tributo a quienes asisten a los m\u00e1s vulnerables en el mundo\"><br \/>\nCentro de noticias de la ONU<\/a><\/p>\n","protected":false},"excerpt":{"rendered":"<p>El Secretario General de la ONU dedic\u00f3 este martes palabras  [&#8230;]<\/p>\n","protected":false},"author":37,"featured_media":3886,"comment_status":"closed","ping_status":"closed","sticky":false,"template":"","format":"standard","meta":{"_et_pb_use_builder":"","_et_pb_old_content":"","_et_gb_content_width":"","footnotes":""},"categories":[16,33],"tags":[],"class_list":["post-3876","post","type-post","status-publish","format-standard","has-post-thumbnail","hentry","category-news","category-programa-de-desarrollo-sostenible"],"_links":{"self":[{"href":"https:\/\/www.un.org\/sustainabledevelopment\/es\/wp-json\/wp\/v2\/posts\/3876","targetHints":{"allow":["GET"]}}],"collection":[{"href":"https:\/\/www.un.org\/sustainabledevelopment\/es\/wp-json\/wp\/v2\/posts"}],"about":[{"href":"https:\/\/www.un.org\/sustainabledevelopment\/es\/wp-json\/wp\/v2\/types\/post"}],"author":[{"embeddable":true,"href":"https:\/\/www.un.org\/sustainabledevelopment\/es\/wp-json\/wp\/v2\/users\/37"}],"replies":[{"embeddable":true,"href":"https:\/\/www.un.org\/sustainabledevelopment\/es\/wp-json\/wp\/v2\/comments?post=3876"}],"version-history":[{"count":0,"href":"https:\/\/www.un.org\/sustainabledevelopment\/es\/wp-json\/wp\/v2\/posts\/3876\/revisions"}],"wp:featuredmedia":[{"embeddable":true,"href":"https:\/\/www.un.org\/sustainabledevelopment\/es\/wp-json\/wp\/v2\/media\/3886"}],"wp:attachment":[{"href":"https:\/\/www.un.org\/sustainabledevelopment\/es\/wp-json\/wp\/v2\/media?parent=3876"}],"wp:term":[{"taxonomy":"category","embeddable":true,"href":"https:\/\/www.un.org\/sustainabledevelopment\/es\/wp-json\/wp\/v2\/categories?post=3876"},{"taxonomy":"post_tag","embeddable":true,"href":"https:\/\/www.un.org\/sustainabledevelopment\/es\/wp-json\/wp\/v2\/tags?post=3876"}],"curies":[{"name":"wp","href":"https:\/\/api.w.org\/{rel}","templated":true}]}}