  {"id":3666,"date":"2015-08-09T15:22:08","date_gmt":"2015-08-09T19:22:08","guid":{"rendered":"http:\/\/www.un.org\/sustainabledevelopment\/es\/?p=3666"},"modified":"2017-11-13T16:02:14","modified_gmt":"2017-11-13T21:02:14","slug":"en-el-dia-internacional-de-los-pueblos-indigenas-la-onu-destaca-los-desafios-de-salud-que-afrontan","status":"publish","type":"post","link":"https:\/\/www.un.org\/sustainabledevelopment\/es\/2015\/08\/en-el-dia-internacional-de-los-pueblos-indigenas-la-onu-destaca-los-desafios-de-salud-que-afrontan\/","title":{"rendered":"En el D\u00eda Internacional de los Pueblos Ind\u00edgenas, la ONU destaca los desaf\u00edos de salud que afrontan"},"content":{"rendered":"<p>La ONU est\u00e1 preocupada por la salud y el bienestar de los pueblos ind\u00edgenas de todo el mundo.<\/p>\n<p>En un mensaje con motivo del <a href=\"http:\/\/www.un.org\/es\/events\/indigenousday\/\" title=\"D\u00eda Internacional de los Pueblos Ind\u00edgenas\">D\u00eda Internacional de los Pueblos Ind\u00edgenas del Mundo<\/a>, que se celebra hoy, el Secretario General de Naciones Unidas destac\u00f3 varios desaf\u00edos que necesitan atenci\u00f3n urgente, como la falta de vivienda y de atenci\u00f3n m\u00e9dica adecuada. El \u00edndice de diabetes entre los ind\u00edgenas es muy alto y muchos abusan del alcohol y las drogas.<\/p>\n<p>Adem\u00e1s, muchas ind\u00edgenas embarazadas no reciben cuidados prenatales. Otro problema es la violencia dom\u00e9stica. Ban Ki-moon se\u00f1al\u00f3 que las tasas de suicidio entre los j\u00f3venes y la mortalidad infantil se est\u00e1n disparando de manera alarmante.<\/p>\n<p>El Titular de la ONU pidi\u00f3 que estos problemas sean abordados con urgencia en la nueva agenda global de desarrollo sostenible, pero destac\u00f3 que es necesario que se haga de la manera culturalmente m\u00e1s apropiada.<\/p>\n<p>Para un futuro m\u00e1s justo, Ban record\u00f3 que los ind\u00edgenas no pueden ser olvidados, por eso apel\u00f3 a la comunidad internacional a contribuir a mejorar la salud de estas comunidades.<\/p>\n<p>El Fondo Internacional para el Desarrollo Agr\u00edcola (FIDA) destac\u00f3 que en los \u00faltimos a\u00f1os varios alimentos t\u00edpicos de las comunidades ind\u00edgenas se han vuelto muy populares, como la quinoa.<\/p>\n<p>Sin embargo, en todo el mundo la malnutrici\u00f3n es uno de los principales problemas de salud que afectan a los ind\u00edgenas. En Am\u00e9rica Latina, por ejemplo, la tasa de desnutrici\u00f3n entre los ni\u00f1os ind\u00edgenas es dos veces mayor que el \u00edndice promedio de la poblaci\u00f3n.<\/p>\n<p>El FIDA calcula que con el aumento de la demanda internacional de productos como la quinoa, las reservas de las comunidades ind\u00edgenas disminuir\u00e1n. En 2007, la Asamblea General adopt\u00f3 la Declaraci\u00f3n sobre los Derechos de los Pueblos Ind\u00edgenas, que establece su derecho a recibir servicios sociales y de salud.<\/p>\n<p><a href=\"http:\/\/www.un.org\/spanish\/News\/story.asp?NewsID=33002\" title=\"En el D\u00eda Internacional de los Pueblos Ind\u00edgenas, la ONU destaca los desaf\u00edos de salud que afrontan\"><br \/>\nCentro de noticias de la ONU<\/a><\/p>\n","protected":false},"excerpt":{"rendered":"<p>La ONU est\u00e1 preocupada por la salud y el bienestar  [&#8230;]<\/p>\n","protected":false},"author":37,"featured_media":3667,"comment_status":"closed","ping_status":"closed","sticky":false,"template":"","format":"standard","meta":{"_et_pb_use_builder":"","_et_pb_old_content":"","_et_gb_content_width":"","footnotes":""},"categories":[16,11],"tags":[],"class_list":["post-3666","post","type-post","status-publish","format-standard","has-post-thumbnail","hentry","category-news","category-health"],"_links":{"self":[{"href":"https:\/\/www.un.org\/sustainabledevelopment\/es\/wp-json\/wp\/v2\/posts\/3666","targetHints":{"allow":["GET"]}}],"collection":[{"href":"https:\/\/www.un.org\/sustainabledevelopment\/es\/wp-json\/wp\/v2\/posts"}],"about":[{"href":"https:\/\/www.un.org\/sustainabledevelopment\/es\/wp-json\/wp\/v2\/types\/post"}],"author":[{"embeddable":true,"href":"https:\/\/www.un.org\/sustainabledevelopment\/es\/wp-json\/wp\/v2\/users\/37"}],"replies":[{"embeddable":true,"href":"https:\/\/www.un.org\/sustainabledevelopment\/es\/wp-json\/wp\/v2\/comments?post=3666"}],"version-history":[{"count":0,"href":"https:\/\/www.un.org\/sustainabledevelopment\/es\/wp-json\/wp\/v2\/posts\/3666\/revisions"}],"wp:featuredmedia":[{"embeddable":true,"href":"https:\/\/www.un.org\/sustainabledevelopment\/es\/wp-json\/wp\/v2\/media\/3667"}],"wp:attachment":[{"href":"https:\/\/www.un.org\/sustainabledevelopment\/es\/wp-json\/wp\/v2\/media?parent=3666"}],"wp:term":[{"taxonomy":"category","embeddable":true,"href":"https:\/\/www.un.org\/sustainabledevelopment\/es\/wp-json\/wp\/v2\/categories?post=3666"},{"taxonomy":"post_tag","embeddable":true,"href":"https:\/\/www.un.org\/sustainabledevelopment\/es\/wp-json\/wp\/v2\/tags?post=3666"}],"curies":[{"name":"wp","href":"https:\/\/api.w.org\/{rel}","templated":true}]}}