  {"id":3442,"date":"2015-07-13T08:56:50","date_gmt":"2015-07-13T12:56:50","guid":{"rendered":"http:\/\/www.un.org\/sustainabledevelopment\/es\/?p=3442"},"modified":"2017-11-13T16:02:29","modified_gmt":"2017-11-13T21:02:29","slug":"honduras-y-unicef-lanzan-campana-sobre-los-derechos-de-la-primera-infancia","status":"publish","type":"post","link":"https:\/\/www.un.org\/sustainabledevelopment\/es\/2015\/07\/honduras-y-unicef-lanzan-campana-sobre-los-derechos-de-la-primera-infancia\/","title":{"rendered":"Honduras y ±¬ÁÏÍøICEF lanzan campa\u00f1a sobre los derechos de la primera infancia"},"content":{"rendered":"<p>13 de julio de 2015 \u2014 El gobierno de Honduras lanz\u00f3 una campa\u00f1a apoyada por ±¬ÁÏÍøICEF que tiene el fin de hacer efectivos los derechos de los ni\u00f1os desde que nacen hasta que inician la educaci\u00f3n b\u00e1sica.<\/p>\n<p>La iniciativa se implementar\u00e1, para empezar, en los municipios de Lempira e Intibuc\u00e1 y m\u00e1s tarde se extender\u00e1 al resto del pa\u00eds.<\/p>\n<p>La campa\u00f1a \u00abCriando con Amor\u00bb fue dise\u00f1ada para asegurar el ambio de comportamiento a nivel familiar, comunitario y educativo en las regiones m\u00e1s vulnerables en cuanto a salud, agua y saneamiento, seguridad alimentaria y nutricional, educaci\u00f3n pre-b\u00e1sica, recreaci\u00f3n y formaci\u00f3n de valores.<\/p>\n<p>Seg\u00fan las estad\u00edsticas, los menores hondure\u00f1os entre cero y 6 a\u00f1os representan el 28,3% de la poblaci\u00f3n. De ellos, el 22,6% sufre desnutrici\u00f3n cr\u00f3nica y el 15% no recibe todas las vacunas.<\/p>\n<p>El sistema educativo nacional solo contempla un a\u00f1o obligatorio de educaci\u00f3n preescolar y la matr\u00edcula no alcanza ni a la mitad de ni\u00f1os. <\/p>\n<p>Cristian Munduate, representante de ±¬ÁÏÍøICEF en el pa\u00eds, asegur\u00f3 que la campa\u00f1a marca el compromiso del gobierno de invertir en lo m\u00e1s importante para el futuro del pa\u00eds: los ni\u00f1os, en especial en los m\u00e1s vulnerables.<\/p>\n<blockquote><p>\n\u00abA ellos queremos darles un buen comienzo de vida para que desarrollen sus capacidades cognitivas, creativas, comunicativas y emocionales; invertir en estos primeros a\u00f1os es una oportunidad con amplios m\u00e1rgenes de ganancia a futuro\u00bb, puntualiz\u00f3. <\/p><\/blockquote>\n<p><a href=\"http:\/\/www.un.org\/spanish\/News\/story.asp?NewsID=32812\" title=\"Honduras y ±¬ÁÏÍøICEF lanzan campa\u00f1a sobre los derechos de la primera infancia\">Centro de noticias de la ONU<\/a><\/p>\n","protected":false},"excerpt":{"rendered":"<p>13 de julio de 2015 \u2014 El gobierno de Honduras  [&#8230;]<\/p>\n","protected":false},"author":37,"featured_media":3445,"comment_status":"closed","ping_status":"closed","sticky":false,"template":"","format":"standard","meta":{"_et_pb_use_builder":"","_et_pb_old_content":"","_et_gb_content_width":"","footnotes":""},"categories":[46,16],"tags":[],"class_list":["post-3442","post","type-post","status-publish","format-standard","has-post-thumbnail","hentry","category-financiacion-para-el-desarrollo","category-news"],"_links":{"self":[{"href":"https:\/\/www.un.org\/sustainabledevelopment\/es\/wp-json\/wp\/v2\/posts\/3442","targetHints":{"allow":["GET"]}}],"collection":[{"href":"https:\/\/www.un.org\/sustainabledevelopment\/es\/wp-json\/wp\/v2\/posts"}],"about":[{"href":"https:\/\/www.un.org\/sustainabledevelopment\/es\/wp-json\/wp\/v2\/types\/post"}],"author":[{"embeddable":true,"href":"https:\/\/www.un.org\/sustainabledevelopment\/es\/wp-json\/wp\/v2\/users\/37"}],"replies":[{"embeddable":true,"href":"https:\/\/www.un.org\/sustainabledevelopment\/es\/wp-json\/wp\/v2\/comments?post=3442"}],"version-history":[{"count":0,"href":"https:\/\/www.un.org\/sustainabledevelopment\/es\/wp-json\/wp\/v2\/posts\/3442\/revisions"}],"wp:featuredmedia":[{"embeddable":true,"href":"https:\/\/www.un.org\/sustainabledevelopment\/es\/wp-json\/wp\/v2\/media\/3445"}],"wp:attachment":[{"href":"https:\/\/www.un.org\/sustainabledevelopment\/es\/wp-json\/wp\/v2\/media?parent=3442"}],"wp:term":[{"taxonomy":"category","embeddable":true,"href":"https:\/\/www.un.org\/sustainabledevelopment\/es\/wp-json\/wp\/v2\/categories?post=3442"},{"taxonomy":"post_tag","embeddable":true,"href":"https:\/\/www.un.org\/sustainabledevelopment\/es\/wp-json\/wp\/v2\/tags?post=3442"}],"curies":[{"name":"wp","href":"https:\/\/api.w.org\/{rel}","templated":true}]}}