  {"id":3409,"date":"2015-07-13T08:21:27","date_gmt":"2015-07-13T12:21:27","guid":{"rendered":"http:\/\/www.un.org\/sustainabledevelopment\/es\/?p=3409"},"modified":"2017-11-13T16:02:29","modified_gmt":"2017-11-13T21:02:29","slug":"la-cepal-planteara-el-alivio-de-la-deuda-de-los-paises-caribenos-durante-la-conferencia-sobre-la-financiamiento-para-el-desarrollo","status":"publish","type":"post","link":"https:\/\/www.un.org\/sustainabledevelopment\/es\/2015\/07\/la-cepal-planteara-el-alivio-de-la-deuda-de-los-paises-caribenos-durante-la-conferencia-sobre-la-financiamiento-para-el-desarrollo\/","title":{"rendered":"La CEPAL plantear\u00e1 el alivio de la deuda de los pa\u00edses caribe\u00f1os durante la Conferencia sobre la Financiamiento para el Desarrollo"},"content":{"rendered":"<p>13 de julio de 2015 \u2014 La Secretaria Ejecutiva de la Comisi\u00f3n Econ\u00f3mica para Am\u00e9rica Latina y el Caribe (CEPAL) propondr\u00e1 la condonaci\u00f3n de la deuda de los pa\u00edses del Caribe por parte de las organizaciones multilaterales acreedoras y la creaci\u00f3n de un fondo de resiliencia.<\/p>\n<p>El anuncio lo llevar\u00e1 a cabo Alicia B\u00e1rcena en el marco de la Tercera Conferencia Internacional sobre Financiamiento para el Desarrollo que se celebra estos d\u00edas en Addis Abeba, Etiop\u00eda.<\/p>\n<p>El motivo de la petici\u00f3n se debe a que la deuda dificulta los avances econ\u00f3micos y sociales de esos pa\u00edses y el cumplimiento de los Objetivos de Desarrollo del Milenio a aprobarse el pr\u00f3ximo septiembre en Nueva York. <\/p>\n<p>La propuesta de la CEPAL plantea que la Comunidad del Caribe (CARICOM) llegue a un entendimiento con el Banco de Desarrollo del Caribe, el Banco Mundial (BM) y el Fondo Monetario Internacional (FMI) con el objetivo de lograr una condonaci\u00f3n gradual de la totalidad de la deuda externa p\u00fablica multilateral.<\/p>\n<p>Por su parte, los pa\u00edses del Caribe realizar\u00edan pagos anuales al fondo de resiliencia, cuyo administrador podr\u00eda ser el Banco de Desarrollo del Caribe, que servir\u00edan para mitigar el impacto de desastres naturales y financiar medidas de adaptaci\u00f3n al cambio clim\u00e1tico.<\/p>\n<p>Durante el a\u00f1o 2013 cinco pa\u00edses del Caribe figuraban entre los veinte m\u00e1s endeudados del mundo. Ese a\u00f1o la deuda total, tanto interna como externa, en quince pa\u00edses del Caribe ascendi\u00f3 a 46.000 millones de d\u00f3lares, equivalentes al 71% del PIB subregional.<\/p>\n<p>Seg\u00fan la CEPAL, los esfuerzos fiscales para reducir la deuda a niveles sostenibles ser\u00edan de tal magnitud que llevar\u00eda a los pa\u00edses caribe\u00f1os a la recesi\u00f3n.<\/p>\n<p>Cabe recordar que los fondos fueron usados para financiar las medidas de recuperaci\u00f3n tras el azote de desastres naturales en el per\u00edodo comprendido entre 1990 y 2014.<\/p>\n<p><a href=\"http:\/\/www.un.org\/spanish\/News\/story.asp?newsID=32818\" title=\"La CEPAL plantear\u00e1 el alivio de la deuda de los pa\u00edses caribe\u00f1os durante la Conferencia sobre el Financiamiento para el Desarrollo\">Centro de noticias de la ONU<\/a><\/p>\n","protected":false},"excerpt":{"rendered":"<p>13 de julio de 2015 \u2014 La Secretaria Ejecutiva de  [&#8230;]<\/p>\n","protected":false},"author":37,"featured_media":3412,"comment_status":"closed","ping_status":"closed","sticky":false,"template":"","format":"standard","meta":{"_et_pb_use_builder":"","_et_pb_old_content":"","_et_gb_content_width":"","footnotes":""},"categories":[46,16],"tags":[],"class_list":["post-3409","post","type-post","status-publish","format-standard","has-post-thumbnail","hentry","category-financiacion-para-el-desarrollo","category-news"],"_links":{"self":[{"href":"https:\/\/www.un.org\/sustainabledevelopment\/es\/wp-json\/wp\/v2\/posts\/3409","targetHints":{"allow":["GET"]}}],"collection":[{"href":"https:\/\/www.un.org\/sustainabledevelopment\/es\/wp-json\/wp\/v2\/posts"}],"about":[{"href":"https:\/\/www.un.org\/sustainabledevelopment\/es\/wp-json\/wp\/v2\/types\/post"}],"author":[{"embeddable":true,"href":"https:\/\/www.un.org\/sustainabledevelopment\/es\/wp-json\/wp\/v2\/users\/37"}],"replies":[{"embeddable":true,"href":"https:\/\/www.un.org\/sustainabledevelopment\/es\/wp-json\/wp\/v2\/comments?post=3409"}],"version-history":[{"count":0,"href":"https:\/\/www.un.org\/sustainabledevelopment\/es\/wp-json\/wp\/v2\/posts\/3409\/revisions"}],"wp:featuredmedia":[{"embeddable":true,"href":"https:\/\/www.un.org\/sustainabledevelopment\/es\/wp-json\/wp\/v2\/media\/3412"}],"wp:attachment":[{"href":"https:\/\/www.un.org\/sustainabledevelopment\/es\/wp-json\/wp\/v2\/media?parent=3409"}],"wp:term":[{"taxonomy":"category","embeddable":true,"href":"https:\/\/www.un.org\/sustainabledevelopment\/es\/wp-json\/wp\/v2\/categories?post=3409"},{"taxonomy":"post_tag","embeddable":true,"href":"https:\/\/www.un.org\/sustainabledevelopment\/es\/wp-json\/wp\/v2\/tags?post=3409"}],"curies":[{"name":"wp","href":"https:\/\/api.w.org\/{rel}","templated":true}]}}