  {"id":3343,"date":"2015-07-07T10:30:56","date_gmt":"2015-07-07T14:30:56","guid":{"rendered":"http:\/\/www.un.org\/sustainabledevelopment\/es\/?p=3343"},"modified":"2017-11-13T16:02:31","modified_gmt":"2017-11-13T21:02:31","slug":"onu-apoya-la-respuesta-del-gobierno-de-honduras-a-la-sequia","status":"publish","type":"post","link":"https:\/\/www.un.org\/sustainabledevelopment\/es\/2015\/07\/onu-apoya-la-respuesta-del-gobierno-de-honduras-a-la-sequia\/","title":{"rendered":"ONU apoya la respuesta del gobierno de Honduras a la sequ\u00eda"},"content":{"rendered":"<p>7 de julio de 2015 \u2014 El sistema de la ONU apoya al gobierno de Honduras en la respuesta a la sequ\u00eda que se prev\u00e9 en 146 municipios del pa\u00eds y que afectar\u00e1 a m\u00e1s de 160.000 familias.<\/p>\n<p>El gobierno declar\u00f3 en situaci\u00f3n de emergencia a esos municipios seg\u00fan los pron\u00f3sticos del Centro Nacional de Estudios Atmosf\u00e9ricos que se\u00f1alan que la can\u00edcula de este a\u00f1o se prolongar\u00e1 casi un mes m\u00e1s que el promedio.<\/p>\n<p>Los cultivos de granos b\u00e1sicos ser\u00e1n gravemente afectados y se pondr\u00e1n en riesgo los medios de vida de las poblaciones ubicadas en el llamado Corredor Seco.<\/p>\n<p>Como parte de la respuesta al fen\u00f3meno, el gobierno ha activado el Plan de Acci\u00f3n contra la Sequ\u00eda, que contempla la vigilancia alimentaria y nutricional, as\u00ed como del agua y saneamiento.<\/p>\n<p>La estrategia tambi\u00e9n incluye la entrega del paquete b\u00e1sico de salud a las familias y grupos m\u00e1s vulnerables.<\/p>\n<p>El sistema de las Naciones Unidas y la Red Humanitaria est\u00e1n activados, monitorean la situaci\u00f3n y contin\u00faan desarrollando acciones de apoyo al gobierno.<\/p>\n<p><a href=\"http:\/\/www.un.org\/spanish\/News\/story.asp?NewsID=32779\" title=\"ONU apoya la respuesta del gobierno de Honduras a la sequ\u00eda\">Centro de noticias de la ONU<\/a><\/p>\n","protected":false},"excerpt":{"rendered":"<p>7 de julio de 2015 \u2014 El sistema de la  [&#8230;]<\/p>\n","protected":false},"author":37,"featured_media":3346,"comment_status":"closed","ping_status":"closed","sticky":false,"template":"","format":"standard","meta":{"_et_pb_use_builder":"","_et_pb_old_content":"","_et_gb_content_width":"","footnotes":""},"categories":[41,23,9,16],"tags":[],"class_list":["post-3343","post","type-post","status-publish","format-standard","has-post-thumbnail","hentry","category-agricultura-y-medios-de-vida","category-water-and-sanitation","category-forests-desertification-and-biodiversity","category-news"],"_links":{"self":[{"href":"https:\/\/www.un.org\/sustainabledevelopment\/es\/wp-json\/wp\/v2\/posts\/3343","targetHints":{"allow":["GET"]}}],"collection":[{"href":"https:\/\/www.un.org\/sustainabledevelopment\/es\/wp-json\/wp\/v2\/posts"}],"about":[{"href":"https:\/\/www.un.org\/sustainabledevelopment\/es\/wp-json\/wp\/v2\/types\/post"}],"author":[{"embeddable":true,"href":"https:\/\/www.un.org\/sustainabledevelopment\/es\/wp-json\/wp\/v2\/users\/37"}],"replies":[{"embeddable":true,"href":"https:\/\/www.un.org\/sustainabledevelopment\/es\/wp-json\/wp\/v2\/comments?post=3343"}],"version-history":[{"count":0,"href":"https:\/\/www.un.org\/sustainabledevelopment\/es\/wp-json\/wp\/v2\/posts\/3343\/revisions"}],"wp:featuredmedia":[{"embeddable":true,"href":"https:\/\/www.un.org\/sustainabledevelopment\/es\/wp-json\/wp\/v2\/media\/3346"}],"wp:attachment":[{"href":"https:\/\/www.un.org\/sustainabledevelopment\/es\/wp-json\/wp\/v2\/media?parent=3343"}],"wp:term":[{"taxonomy":"category","embeddable":true,"href":"https:\/\/www.un.org\/sustainabledevelopment\/es\/wp-json\/wp\/v2\/categories?post=3343"},{"taxonomy":"post_tag","embeddable":true,"href":"https:\/\/www.un.org\/sustainabledevelopment\/es\/wp-json\/wp\/v2\/tags?post=3343"}],"curies":[{"name":"wp","href":"https:\/\/api.w.org\/{rel}","templated":true}]}}