  {"id":2914,"date":"2015-06-12T16:46:22","date_gmt":"2015-06-12T20:46:22","guid":{"rendered":"http:\/\/www.un.org\/sustainabledevelopment\/es\/?p=2914"},"modified":"2017-11-13T16:02:38","modified_gmt":"2017-11-13T21:02:38","slug":"ban-destaca-los-avances-de-uzbekistan-hacia-los-objetivos-de-desarrollo-del-milenio","status":"publish","type":"post","link":"https:\/\/www.un.org\/sustainabledevelopment\/es\/2015\/06\/ban-destaca-los-avances-de-uzbekistan-hacia-los-objetivos-de-desarrollo-del-milenio\/","title":{"rendered":"Ban destaca los avances de Uzbekist\u00e1n hacia los Objetivos de Desarrollo del Milenio"},"content":{"rendered":"<p>12 de junio de 2015 \u2014 El Secretario General de la ONU encomi\u00f3 hoy los avances de Uzbekist\u00e1n hacia el cumplimiento de los Objetivos de Desarrollo del Milenio relacionados con la reducci\u00f3n de la pobreza, la mortalidad materna y el acceso universal a la educaci\u00f3n.<\/p>\n<p>Ban Ki-moon tambi\u00e9n se\u00f1al\u00f3 que no puede haber paz y desarrollo sin derechos humanos.<\/p>\n<p>En declaraciones a la prensa en Taskent, la capital uzbeka, Ban reconoci\u00f3 la participaci\u00f3n activa de Asia Central en las discusiones multilaterales en Naciones Unidas y su contribuci\u00f3n a la soluci\u00f3n de problemas internacionales y regionales.<\/p>\n<p>Durante su visita, el titular de la ONU afirm\u00f3 que el organismo mundial est\u00e1 listo para ayudar a Uzbekist\u00e1n en la promoci\u00f3n y la protecci\u00f3n de las garant\u00edas fundamentales, as\u00ed como en el dise\u00f1o de un modelo que ofrezca a la poblaci\u00f3n de una participaci\u00f3n p\u00fablica plena, mediante el establecimiento de medios de prensa independientes, instituciones democr\u00e1ticas y el acceso a la justicia.<\/p>\n<p>Ban se reuni\u00f3 con el presidente uzbeco Islam Karimov, y visit\u00f3 el centro hist\u00f3rico de la ciudad de Bujar\u00e1, incluido en la lista del Patrimonio Mundial de la ±¬ÁÏÍøESCO.<\/p>\n<p>El Secretario General viajar\u00e1 hoy a Turkmenist\u00e1n, la \u00faltima escala en su gira por los Estados de Asia Central. All\u00ed tiene prevista una conversaci\u00f3n con su presidente y participar en un encuentro con alumnos y profesores de la Universidad Internacional para las Humanidades y el Desarrollo.<\/p>\n<p>El domingo, Ban estar\u00e1 en Ginebra donde participar\u00e1 en el comienzo de las consultas sobre Yemen.<\/p>\n<p><a href=\"http:\/\/www.un.org\/spanish\/News\/story.asp?newsID=32590\" title=\"Ban destaca los avances de Uzbekist\u00e1n hacia los Objetivos de Desarrollo del Milenio\">Centro de noticias de la ONU<\/a><\/p>\n","protected":false},"excerpt":{"rendered":"<p>12 de junio de 2015 \u2014 El Secretario General de  [&#8230;]<\/p>\n","protected":false},"author":37,"featured_media":2917,"comment_status":"closed","ping_status":"closed","sticky":false,"template":"","format":"standard","meta":{"_et_pb_use_builder":"","_et_pb_old_content":"","_et_gb_content_width":"","footnotes":""},"categories":[16,15],"tags":[],"class_list":["post-2914","post","type-post","status-publish","format-standard","has-post-thumbnail","hentry","category-news","category-mdgs"],"_links":{"self":[{"href":"https:\/\/www.un.org\/sustainabledevelopment\/es\/wp-json\/wp\/v2\/posts\/2914","targetHints":{"allow":["GET"]}}],"collection":[{"href":"https:\/\/www.un.org\/sustainabledevelopment\/es\/wp-json\/wp\/v2\/posts"}],"about":[{"href":"https:\/\/www.un.org\/sustainabledevelopment\/es\/wp-json\/wp\/v2\/types\/post"}],"author":[{"embeddable":true,"href":"https:\/\/www.un.org\/sustainabledevelopment\/es\/wp-json\/wp\/v2\/users\/37"}],"replies":[{"embeddable":true,"href":"https:\/\/www.un.org\/sustainabledevelopment\/es\/wp-json\/wp\/v2\/comments?post=2914"}],"version-history":[{"count":0,"href":"https:\/\/www.un.org\/sustainabledevelopment\/es\/wp-json\/wp\/v2\/posts\/2914\/revisions"}],"wp:featuredmedia":[{"embeddable":true,"href":"https:\/\/www.un.org\/sustainabledevelopment\/es\/wp-json\/wp\/v2\/media\/2917"}],"wp:attachment":[{"href":"https:\/\/www.un.org\/sustainabledevelopment\/es\/wp-json\/wp\/v2\/media?parent=2914"}],"wp:term":[{"taxonomy":"category","embeddable":true,"href":"https:\/\/www.un.org\/sustainabledevelopment\/es\/wp-json\/wp\/v2\/categories?post=2914"},{"taxonomy":"post_tag","embeddable":true,"href":"https:\/\/www.un.org\/sustainabledevelopment\/es\/wp-json\/wp\/v2\/tags?post=2914"}],"curies":[{"name":"wp","href":"https:\/\/api.w.org\/{rel}","templated":true}]}}