  {"id":2856,"date":"2015-06-09T10:18:19","date_gmt":"2015-06-09T14:18:19","guid":{"rendered":"http:\/\/www.un.org\/sustainabledevelopment\/es\/?p=2856"},"modified":"2017-11-13T16:02:41","modified_gmt":"2017-11-13T21:02:41","slug":"la-presidenta-argentina-urge-a-reducir-la-desigualdad-para-acabar-con-el-hambre","status":"publish","type":"post","link":"https:\/\/www.un.org\/sustainabledevelopment\/es\/2015\/06\/la-presidenta-argentina-urge-a-reducir-la-desigualdad-para-acabar-con-el-hambre\/","title":{"rendered":"La presidenta argentina urge a reducir la desigualdad para acabar con el hambre"},"content":{"rendered":"<p>8 de junio de 2015 \u2014 La causa del hambre es la pobreza, por lo tanto las pol\u00edticas dirigidas a disminuir la desigualdad son la forma m\u00e1s eficaz para erradicar ese flagelo, dijo hoy la presidenta de Argentina, Cristina Fern\u00e1ndez de Kirchner.<\/p>\n<p>La mandataria particip\u00f3 en la reuni\u00f3n de la conferencia bianual de la Organizaci\u00f3n de Naciones Unidas para la Alimentaci\u00f3n y la Agricultura (FAO), que se celebra esta semana en Roma.<\/p>\n<p>En esta ocasi\u00f3n, el director general de la FAO, Jos\u00e9 Graziano da Silva, elogi\u00f3 a Argentina por el progreso en la lucha contra el hambre. Ese pa\u00eds logr\u00f3 reducir la prevalencia de la desnutrici\u00f3n a menos del 5%. <\/p>\n<blockquote><p>\u00abTenemos una capacidad para alimentar a m\u00e1s de 400 millones de personas y somos apenas 41 millones, y calculamos que en cinco a\u00f1os m\u00e1s, est\u00e1 capacidad va a aumentar a 600 millones. Creemos que adem\u00e1s de esto, si no se distribuye la riqueza en el mundo, nuestra capacidad para mitigar el hambre de 600 millones de personas va a ser exitosa en cuanto a pol\u00edticas de Estado en la Argentina para producir m\u00e1s, pero el \u00e9xito se corona con que realmente 600 millones de personas puedan acceder a esos alimentos.\u00bb<\/p><\/blockquote>\n<p>La presidenta record\u00f3 que su pa\u00eds logr\u00f3 avances en este campo debido a pol\u00edticas p\u00fablicas implementadas tras la crisis econ\u00f3mica de 2003, incluido un programa nacional sobre alimentaci\u00f3n y la creaci\u00f3n de puestos de trabajo industrial con salarios m\u00ednimos robustos.<\/p>\n<p>Adem\u00e1s, en 2009, ese pa\u00eds puso en marcha un sistema de prestaci\u00f3n universal de alimentos que beneficia a m\u00e1s de 3 millones de familias, con un costo de 0,5% del Producto Interno Bruto. <\/p>\n<p>Por otra parte, en su discurso de inauguraci\u00f3n del encuentro, Fern\u00e1ndez de Kirchner llam\u00f3 a los Estados a desmantelar los aranceles y las barreras al comercio mundial de alimentos.<\/p>\n<p><a href=\"http:\/\/www.un.org\/spanish\/News\/story.asp?NewsID=32542\" title=\"La presidenta argentina urge a reducir la desigualdad para acabar con el hambre\">Centro de noticias de la ONU<\/a><\/p>\n","protected":false},"excerpt":{"rendered":"<p>8 de junio de 2015 \u2014 La causa del hambre  [&#8230;]<\/p>\n","protected":false},"author":37,"featured_media":2859,"comment_status":"closed","ping_status":"closed","sticky":false,"template":"","format":"standard","meta":{"_et_pb_use_builder":"","_et_pb_old_content":"","_et_gb_content_width":"","footnotes":""},"categories":[5,12,16],"tags":[],"class_list":["post-2856","post","type-post","status-publish","format-standard","has-post-thumbnail","hentry","category-climate-change","category-hunger","category-news"],"_links":{"self":[{"href":"https:\/\/www.un.org\/sustainabledevelopment\/es\/wp-json\/wp\/v2\/posts\/2856","targetHints":{"allow":["GET"]}}],"collection":[{"href":"https:\/\/www.un.org\/sustainabledevelopment\/es\/wp-json\/wp\/v2\/posts"}],"about":[{"href":"https:\/\/www.un.org\/sustainabledevelopment\/es\/wp-json\/wp\/v2\/types\/post"}],"author":[{"embeddable":true,"href":"https:\/\/www.un.org\/sustainabledevelopment\/es\/wp-json\/wp\/v2\/users\/37"}],"replies":[{"embeddable":true,"href":"https:\/\/www.un.org\/sustainabledevelopment\/es\/wp-json\/wp\/v2\/comments?post=2856"}],"version-history":[{"count":0,"href":"https:\/\/www.un.org\/sustainabledevelopment\/es\/wp-json\/wp\/v2\/posts\/2856\/revisions"}],"wp:featuredmedia":[{"embeddable":true,"href":"https:\/\/www.un.org\/sustainabledevelopment\/es\/wp-json\/wp\/v2\/media\/2859"}],"wp:attachment":[{"href":"https:\/\/www.un.org\/sustainabledevelopment\/es\/wp-json\/wp\/v2\/media?parent=2856"}],"wp:term":[{"taxonomy":"category","embeddable":true,"href":"https:\/\/www.un.org\/sustainabledevelopment\/es\/wp-json\/wp\/v2\/categories?post=2856"},{"taxonomy":"post_tag","embeddable":true,"href":"https:\/\/www.un.org\/sustainabledevelopment\/es\/wp-json\/wp\/v2\/tags?post=2856"}],"curies":[{"name":"wp","href":"https:\/\/api.w.org\/{rel}","templated":true}]}}