  {"id":2638,"date":"2015-06-01T17:44:32","date_gmt":"2015-06-01T21:44:32","guid":{"rendered":"http:\/\/www.un.org\/sustainabledevelopment\/es\/?p=2638"},"modified":"2017-11-13T16:02:47","modified_gmt":"2017-11-13T21:02:47","slug":"la-oit-busca-apoyar-la-transicion-de-la-economia-informal-a-la-economia-formal","status":"publish","type":"post","link":"https:\/\/www.un.org\/sustainabledevelopment\/es\/2015\/06\/la-oit-busca-apoyar-la-transicion-de-la-economia-informal-a-la-economia-formal\/","title":{"rendered":"La OIT busca apoyar la transici\u00f3n de la econom\u00eda informal a la econom\u00eda formal"},"content":{"rendered":"<p>1 de junio de 2015 \u2014 El director general de la Organizaci\u00f3n Internacional del Trabajo (OIT) destac\u00f3 hoy la importancia de elaborar un marco institucional que apoye el tr\u00e1nsito de la econom\u00eda informal a la econom\u00eda formal en todos los pa\u00edses.<\/p>\n<p>Guy Ryder se dirigi\u00f3 a los 4.000 delegados que asisten en Ginebra a la 104\u00aa reuni\u00f3n de la Conferencia Internacional del Trabajo. <\/p>\n<p>Ryder explic\u00f3 que dicho marco deber\u00e1 incluir la perspectiva de los trabajadores, los empleadores y los gobiernos.<\/p>\n<p>Por otra parte, el titular de la agencia de la ONU cit\u00f3 las dificultades de la comunidad internacional para responder a la crisis global de los trabajadores migrantes y urgi\u00f3 a abordar el tema laboral con un enfoque mundial.<\/p>\n<p>Asimismo, Ryder solicit\u00f3 la modernizaci\u00f3n de la OIT para aumentar su capacidad de influencia en las discusiones de temas laborales en cualquier parte del mundo.<\/p>\n<p>Seg\u00fan los datos de ese organismo, el desempleo global afect\u00f3 a 201 millones de trabajadores en 2014, 30 millones m\u00e1s que cuando inici\u00f3 la crisis econ\u00f3mica de 2008.<\/p>\n<p><a href=\"http:\/\/www.un.org\/spanish\/News\/story.asp?NewsID=32488\" title=\"La OIT busca apoyar la transici\u00f3n de la econom\u00eda informal a la econom\u00eda formal\">Centro de noticias de la ONU<\/a><\/p>\n","protected":false},"excerpt":{"rendered":"<p>1 de junio de 2015 \u2014 El director general de  [&#8230;]<\/p>\n","protected":false},"author":37,"featured_media":2641,"comment_status":"closed","ping_status":"closed","sticky":false,"template":"","format":"standard","meta":{"_et_pb_use_builder":"","_et_pb_old_content":"","_et_gb_content_width":"","footnotes":""},"categories":[6,16],"tags":[],"class_list":["post-2638","post","type-post","status-publish","format-standard","has-post-thumbnail","hentry","category-economic-growth","category-news"],"_links":{"self":[{"href":"https:\/\/www.un.org\/sustainabledevelopment\/es\/wp-json\/wp\/v2\/posts\/2638","targetHints":{"allow":["GET"]}}],"collection":[{"href":"https:\/\/www.un.org\/sustainabledevelopment\/es\/wp-json\/wp\/v2\/posts"}],"about":[{"href":"https:\/\/www.un.org\/sustainabledevelopment\/es\/wp-json\/wp\/v2\/types\/post"}],"author":[{"embeddable":true,"href":"https:\/\/www.un.org\/sustainabledevelopment\/es\/wp-json\/wp\/v2\/users\/37"}],"replies":[{"embeddable":true,"href":"https:\/\/www.un.org\/sustainabledevelopment\/es\/wp-json\/wp\/v2\/comments?post=2638"}],"version-history":[{"count":0,"href":"https:\/\/www.un.org\/sustainabledevelopment\/es\/wp-json\/wp\/v2\/posts\/2638\/revisions"}],"wp:featuredmedia":[{"embeddable":true,"href":"https:\/\/www.un.org\/sustainabledevelopment\/es\/wp-json\/wp\/v2\/media\/2641"}],"wp:attachment":[{"href":"https:\/\/www.un.org\/sustainabledevelopment\/es\/wp-json\/wp\/v2\/media?parent=2638"}],"wp:term":[{"taxonomy":"category","embeddable":true,"href":"https:\/\/www.un.org\/sustainabledevelopment\/es\/wp-json\/wp\/v2\/categories?post=2638"},{"taxonomy":"post_tag","embeddable":true,"href":"https:\/\/www.un.org\/sustainabledevelopment\/es\/wp-json\/wp\/v2\/tags?post=2638"}],"curies":[{"name":"wp","href":"https:\/\/api.w.org\/{rel}","templated":true}]}}