  {"id":1819,"date":"2015-04-23T13:38:38","date_gmt":"2015-04-23T17:38:38","guid":{"rendered":"http:\/\/www.un.org\/sustainabledevelopment\/es\/?p=1819"},"modified":"2017-11-13T16:03:01","modified_gmt":"2017-11-13T21:03:01","slug":"la-uit-busca-fomentar-el-uso-de-internet-por-ninas-y-jovenes","status":"publish","type":"post","link":"https:\/\/www.un.org\/sustainabledevelopment\/es\/2015\/04\/la-uit-busca-fomentar-el-uso-de-internet-por-ninas-y-jovenes\/","title":{"rendered":"La UIT busca fomentar el uso de Internet por ni\u00f1as y j\u00f3venes"},"content":{"rendered":"<p>23 de abril de 2015 \u2014 La Uni\u00f3n Internacional de Telecomunicaciones (UIT) celebra hoy en todo el mundo el D\u00eda de las Ni\u00f1as y las Tecnolog\u00edas, un esfuerzo de Naciones Unidas para promover que ni\u00f1as y j\u00f3venes se involucren m\u00e1s en el estudio, uso y desarrollo de las nuevas herramientas en este campo.<\/p>\n<p>Doreen Bogdan-Martin, jefa de planeaci\u00f3n estrat\u00e9gica de la UIT, se\u00f1ala que en 160 pa\u00edses del mundo solamente el 16 por ciento de las mujeres usa el Internet. <\/p>\n<p>\u201cAl d\u00eda de hoy, 200 millones de mujeres acceden menos al internet que los hombres. Y sin ninguna acci\u00f3n de nuestra parte eso puede ir a 350 millones menos en los pr\u00f3ximos tres a\u00f1os\u201d. <\/p>\n<p>De acuerdo con Bogdan, en las \u00faltimas 4 ediciones del D\u00eda de las Ni\u00f1as y las Tecnolog\u00edas se han llevado a cabo m\u00e1s de 3.400 eventos en 140 pa\u00edses que han logrado motivar a 110.000 ni\u00f1as a que estudien carreras relacionadas con la ciencia y la tecnolog\u00eda.<\/p>\n<p>La funcionaria, la mujer de m\u00e1s alto nivel en la UIT, dice que incluso en Europa, una de las regiones en que la brecha de g\u00e9nero en el campo laboral es menor, la presencia de las mujeres en el \u00e1mbito tecnol\u00f3gico sigue siendo muy reducida.<\/p>\n<p><a href=\"http:\/\/www.un.org\/spanish\/News\/story.asp?NewsID=32214\" title=\"La UIT busca fomentar el uso de Internet por ni\u00f1as y j\u00f3venes\">Centro de Noticias de la ONU<\/a><\/p>\n","protected":false},"excerpt":{"rendered":"<p>23 de abril de 2015 \u2014 La Uni\u00f3n Internacional de  [&#8230;]<\/p>\n","protected":false},"author":37,"featured_media":1824,"comment_status":"closed","ping_status":"closed","sticky":false,"template":"","format":"standard","meta":{"_et_pb_use_builder":"","_et_pb_old_content":"","_et_gb_content_width":"","footnotes":""},"categories":[10,16],"tags":[],"class_list":["post-1819","post","type-post","status-publish","format-standard","has-post-thumbnail","hentry","category-gender-equality","category-news"],"_links":{"self":[{"href":"https:\/\/www.un.org\/sustainabledevelopment\/es\/wp-json\/wp\/v2\/posts\/1819","targetHints":{"allow":["GET"]}}],"collection":[{"href":"https:\/\/www.un.org\/sustainabledevelopment\/es\/wp-json\/wp\/v2\/posts"}],"about":[{"href":"https:\/\/www.un.org\/sustainabledevelopment\/es\/wp-json\/wp\/v2\/types\/post"}],"author":[{"embeddable":true,"href":"https:\/\/www.un.org\/sustainabledevelopment\/es\/wp-json\/wp\/v2\/users\/37"}],"replies":[{"embeddable":true,"href":"https:\/\/www.un.org\/sustainabledevelopment\/es\/wp-json\/wp\/v2\/comments?post=1819"}],"version-history":[{"count":0,"href":"https:\/\/www.un.org\/sustainabledevelopment\/es\/wp-json\/wp\/v2\/posts\/1819\/revisions"}],"wp:featuredmedia":[{"embeddable":true,"href":"https:\/\/www.un.org\/sustainabledevelopment\/es\/wp-json\/wp\/v2\/media\/1824"}],"wp:attachment":[{"href":"https:\/\/www.un.org\/sustainabledevelopment\/es\/wp-json\/wp\/v2\/media?parent=1819"}],"wp:term":[{"taxonomy":"category","embeddable":true,"href":"https:\/\/www.un.org\/sustainabledevelopment\/es\/wp-json\/wp\/v2\/categories?post=1819"},{"taxonomy":"post_tag","embeddable":true,"href":"https:\/\/www.un.org\/sustainabledevelopment\/es\/wp-json\/wp\/v2\/tags?post=1819"}],"curies":[{"name":"wp","href":"https:\/\/api.w.org\/{rel}","templated":true}]}}