  {"id":1751,"date":"2015-04-21T16:17:28","date_gmt":"2015-04-21T20:17:28","guid":{"rendered":"http:\/\/www.un.org\/sustainabledevelopment\/es\/?p=1751"},"modified":"2017-11-13T16:03:02","modified_gmt":"2017-11-13T21:03:02","slug":"la-lucha-antiterrorista-debe-respetar-estrictamente-los-derechos-humanos","status":"publish","type":"post","link":"https:\/\/www.un.org\/sustainabledevelopment\/es\/2015\/04\/la-lucha-antiterrorista-debe-respetar-estrictamente-los-derechos-humanos\/","title":{"rendered":"La lucha antiterrorista debe respetar estrictamente los derechos humanos"},"content":{"rendered":"<p>21 de abril de  2015 \u2014 La propagaci\u00f3n del extremismo y el radicalismo es profundamente preocupante y debemos abordar sus motivaciones y c\u00f3mo prevenirlo, dijo hoy el Secretario General de la ONU.<\/p>\n<p>En su discurso de apertura de un evento de alto nivel de la Asamblea General sobre la promoci\u00f3n de la tolerancia y la reconciliaci\u00f3n, Ban Ki-moon lament\u00f3 que muchas comunidades, demasiados ni\u00f1os, familias y personas hayan sido innecesariamente enfrentadas unas a otras por esos motivos.<\/p>\n<p>El mundo debe hacer frente a esta amenaza y debe hacerlo unido, enfatiz\u00f3 el Secretario General.<\/p>\n<blockquote><p>\u00abEl extremismo violento es una prueba global. Nuestra respuesta debe resolver el problema, no agravarlo. Daesh, Al Shabaab y Boko Haram son parte de una nueva generaci\u00f3n de grupos terroristas que amenazan la paz y la seguridad internacionales. Pero el problema va m\u00e1s all\u00e1 de Medio Oriente y \u00c1frica. El racismo, el fascismo, el antisemitismo y la islamofobia alimentan el odio y cobran vidas incluso en sociedades pac\u00edficas y democr\u00e1ticas\u00bb, sostuvo Ban Ki-moon.<\/p><\/blockquote>\n<p>En este sentido, Ban inst\u00f3 a las naciones a luchar contra el terrorismo respetando estrictamente los derechos humanos y advirti\u00f3 que es contraproducente cometer abusos en nombre de esa causa.<br \/>\n<a href=\"http:\/\/www.un.org\/spanish\/News\/story.asp?NewsID=32193\" title=\"ONU: La lucha contra el terrorismo debe respetar estrictamente los derechos humanos\"><br \/>\nCentro de noticias de la ONU<\/a><\/p>\n","protected":false},"excerpt":{"rendered":"<p>21 de abril de 2015 \u2014 La propagaci\u00f3n del extremismo  [&#8230;]<\/p>\n","protected":false},"author":37,"featured_media":1756,"comment_status":"closed","ping_status":"closed","sticky":false,"template":"","format":"standard","meta":{"_et_pb_use_builder":"","_et_pb_old_content":"","_et_gb_content_width":"","footnotes":""},"categories":[19,16],"tags":[],"class_list":["post-1751","post","type-post","status-publish","format-standard","has-post-thumbnail","hentry","category-peace-and-justice","category-news"],"_links":{"self":[{"href":"https:\/\/www.un.org\/sustainabledevelopment\/es\/wp-json\/wp\/v2\/posts\/1751","targetHints":{"allow":["GET"]}}],"collection":[{"href":"https:\/\/www.un.org\/sustainabledevelopment\/es\/wp-json\/wp\/v2\/posts"}],"about":[{"href":"https:\/\/www.un.org\/sustainabledevelopment\/es\/wp-json\/wp\/v2\/types\/post"}],"author":[{"embeddable":true,"href":"https:\/\/www.un.org\/sustainabledevelopment\/es\/wp-json\/wp\/v2\/users\/37"}],"replies":[{"embeddable":true,"href":"https:\/\/www.un.org\/sustainabledevelopment\/es\/wp-json\/wp\/v2\/comments?post=1751"}],"version-history":[{"count":0,"href":"https:\/\/www.un.org\/sustainabledevelopment\/es\/wp-json\/wp\/v2\/posts\/1751\/revisions"}],"wp:featuredmedia":[{"embeddable":true,"href":"https:\/\/www.un.org\/sustainabledevelopment\/es\/wp-json\/wp\/v2\/media\/1756"}],"wp:attachment":[{"href":"https:\/\/www.un.org\/sustainabledevelopment\/es\/wp-json\/wp\/v2\/media?parent=1751"}],"wp:term":[{"taxonomy":"category","embeddable":true,"href":"https:\/\/www.un.org\/sustainabledevelopment\/es\/wp-json\/wp\/v2\/categories?post=1751"},{"taxonomy":"post_tag","embeddable":true,"href":"https:\/\/www.un.org\/sustainabledevelopment\/es\/wp-json\/wp\/v2\/tags?post=1751"}],"curies":[{"name":"wp","href":"https:\/\/api.w.org\/{rel}","templated":true}]}}