  {"id":1677,"date":"2015-04-15T08:14:18","date_gmt":"2015-04-15T12:14:18","guid":{"rendered":"http:\/\/www.un.org\/sustainabledevelopment\/es\/?p=1677"},"modified":"2017-11-13T16:03:03","modified_gmt":"2017-11-13T21:03:03","slug":"el-camino-hacia-addis-logotipo-de-la-financiacion-para-el-de-desarrollo-del-sitio-web","status":"publish","type":"post","link":"https:\/\/www.un.org\/sustainabledevelopment\/es\/2015\/04\/el-camino-hacia-addis-logotipo-de-la-financiacion-para-el-de-desarrollo-del-sitio-web\/","title":{"rendered":"El camino hacia Addis: lanzamiento del logotipo y de la p\u00e1gina web sobre el financiamiento para el desarrollo"},"content":{"rendered":"<p><a href=\"http:\/\/www.un.org\/sustainabledevelopment\/es\/wp-content\/uploads\/sites\/3\/2015\/05\/FfD_Logo_Vertical-S.jpg\"><img decoding=\"async\" class=\"alignleft wp-image-4026\" src=\"http:\/\/www.un.org\/sustainabledevelopment\/es\/wp-content\/uploads\/sites\/3\/2015\/05\/FfD_Logo_Vertical-S_small.png?resize=312%2C360\" alt=\"Logo de la Tercera Conferencia Internacional sobre la Financiaci\u00f3n para el Desarrollo\" \/><\/a>Cuando faltan tres meses para que los l\u00edderes mundiales se den cita en Addis Abeba para llegar a un acuerdo sobre la financiaci\u00f3n del desarrollo sostenible, hoy se dieron a conocer en la Sede de las Naciones Unidas en Nueva York el logotipo y el sitio web de la Conferencia.<\/p>\n<p>Hablando en la segunda sesi\u00f3n de redacci\u00f3n del documento final de la tercera Conferencia Internacional sobre la Financiaci\u00f3n para el Desarrollo \u2014que se conoce como el Acuerdo de Addis Abeba\u2014, el Sr. Wu Hongbo, Secretario General de la Conferencia, present\u00f3 el nuevo logotipo y explic\u00f3 su significado. \u00abLa forma circular simboliza el car\u00e1cter mundial de la Conferencia\u00bb, dijo el Sr. Wu, a\u00f1adiendo que otros elementos gr\u00e1ficos ten\u00edan una clara referencia africana en homenaje al lugar donde se celebrar\u00e1 la Conferencia.<\/p>\n<p>A fin de garantizar un desarrollo sostenible para todos, se necesita un marco de financiaci\u00f3n multifac\u00e9tico, incluso con aportaciones provenientes de fuentes nacionales, internacionales, p\u00fablicas y privadas. Seg\u00fan el Sr. Wu, las puntas de flecha en el logotipo representan ese proceso de financiaci\u00f3n para el desarrollo en el que participan m\u00faltiples interesados, mientras que \u00abel sol alude al resultado de la Conferencia, en particular un marco integral de financiaci\u00f3n y productos concreto\u00bb\u201d.<\/p>\n<p>El reci\u00e9n inaugurado sitio web (<a href=\"http:\/\/www.un.org\/ffd3\" target=\"_blank\">www.un.org\/ffd3<\/a> <img decoding=\"async\" style=\"border: none\" title=\"Disponible en ingl\u00e9s\" src=\"\/common\/images\/icons\/ico_en.gif\" alt=\"Disponible en ingl\u00e9s\" width=\"14\" height=\"14\" \/>) cumplir\u00e1 una funci\u00f3n importante \u00abcomo principal plataforma de informaci\u00f3n en l\u00ednea de la Conferencia\u00bb, agreg\u00f3 el Sr. Wu, aclarando que contendr\u00e1 \u00abinformaci\u00f3n sustantiva e institucional, material y documentos relativos al pa\u00eds anfitri\u00f3n, la sede de la Conferencia, el proceso preparatorio, el programa de la Conferencia y el documento final\u00bb.<\/p>\n<p>La Sra. Cristina Gallach, Secretaria General Adjunta de Comunicaciones e Informaci\u00f3n P\u00fablica de las Naciones Unidas, tambi\u00e9n se dirigi\u00f3 a los representantes presentes en la sesi\u00f3n de redacci\u00f3n del Acuerdo de Addis Abeba para ofrecer un panorama m\u00e1s amplio de las actividades de divulgaci\u00f3n orientadas al p\u00fablico y a los medios de comunicaci\u00f3n que se prev\u00e9 llevar a cabo con antelaci\u00f3n a la venidera Conferencia. La reuni\u00f3n en Addis Abeba marca \u00abun hito importante\u00bb en un a\u00f1o crucial, dijo la Sra. Gallach, enmarcando las comunicaciones de la Conferencia en el contexto de la campa\u00f1a emblem\u00e1tica de las Naciones Unidas <a href=\"http:\/\/www.un.org\/sustainabledevelopment\/es\">\u00ab2015: Hora de Acci\u00f3n Mundial\u00bb<\/a>.<\/p>\n<p>Refiri\u00e9ndose a las pr\u00f3ximas medidas de divulgaci\u00f3n sobre la financiaci\u00f3n para el desarrollo, la Secretaria General Adjunta mencion\u00f3 la producci\u00f3n de afiches multiling\u00fces, banderolas y material promocional; actividades con los medios de comunicaci\u00f3n mundiales; y la colaboraci\u00f3n con la red internacional de 63 centros de informaci\u00f3n de las Naciones Unidas. \u00abNuestro objetivo es garantizar que el mensaje llegue a cada rinc\u00f3n del mundo\u00bb, apunt\u00f3 la Sra. Gallach.<\/p>\n<p>El Excmo. Sr. Embajador Tekeda Alemu, Representante Permanente de Etiop\u00eda ante las Naciones Unidas, recalc\u00f3 que \u00abAddis est\u00e1 lista\u00bb, y explic\u00f3 que los preparativos log\u00edsticos de la reuni\u00f3n se desarrollan satisfactoriamente y que para Etiop\u00eda ser\u00e1 \u00abun gran honor y privilegio\u00bb acoger en julio a representantes de alto nivel de todo el mundo.<\/p>\n<p>La actual sesi\u00f3n de redacci\u00f3n del Acuerdo de Addis Abeba continuar\u00e1 en Nueva York hasta el 17 de abril, al tiempo que la tercera y \u00faltima sesi\u00f3n se celebrar\u00e1 en el mismo lugar del 15 al 19 de junio. Del 13 al 16 de julio los pa\u00edses se dar\u00e1n cita en la tercera Conferencia Internacional sobre la Financiaci\u00f3n para el Desarrollo en la sede de la Comisi\u00f3n de las Naciones Unidas para \u00c1frica en Addis Abeba, a fin de ayudar a liberar recursos p\u00fablicos y privados e inversiones a largo plazo que produzcan resultados.<\/p>\n","protected":false},"excerpt":{"rendered":"<p>Cuando faltan tres meses para que los l\u00edderes mundiales se  [&#8230;]<\/p>\n","protected":false},"author":37,"featured_media":1681,"comment_status":"closed","ping_status":"closed","sticky":false,"template":"","format":"standard","meta":{"_et_pb_use_builder":"","_et_pb_old_content":"","_et_gb_content_width":"","footnotes":""},"categories":[46,16],"tags":[],"class_list":["post-1677","post","type-post","status-publish","format-standard","has-post-thumbnail","hentry","category-financiacion-para-el-desarrollo","category-news"],"_links":{"self":[{"href":"https:\/\/www.un.org\/sustainabledevelopment\/es\/wp-json\/wp\/v2\/posts\/1677","targetHints":{"allow":["GET"]}}],"collection":[{"href":"https:\/\/www.un.org\/sustainabledevelopment\/es\/wp-json\/wp\/v2\/posts"}],"about":[{"href":"https:\/\/www.un.org\/sustainabledevelopment\/es\/wp-json\/wp\/v2\/types\/post"}],"author":[{"embeddable":true,"href":"https:\/\/www.un.org\/sustainabledevelopment\/es\/wp-json\/wp\/v2\/users\/37"}],"replies":[{"embeddable":true,"href":"https:\/\/www.un.org\/sustainabledevelopment\/es\/wp-json\/wp\/v2\/comments?post=1677"}],"version-history":[{"count":0,"href":"https:\/\/www.un.org\/sustainabledevelopment\/es\/wp-json\/wp\/v2\/posts\/1677\/revisions"}],"wp:featuredmedia":[{"embeddable":true,"href":"https:\/\/www.un.org\/sustainabledevelopment\/es\/wp-json\/wp\/v2\/media\/1681"}],"wp:attachment":[{"href":"https:\/\/www.un.org\/sustainabledevelopment\/es\/wp-json\/wp\/v2\/media?parent=1677"}],"wp:term":[{"taxonomy":"category","embeddable":true,"href":"https:\/\/www.un.org\/sustainabledevelopment\/es\/wp-json\/wp\/v2\/categories?post=1677"},{"taxonomy":"post_tag","embeddable":true,"href":"https:\/\/www.un.org\/sustainabledevelopment\/es\/wp-json\/wp\/v2\/tags?post=1677"}],"curies":[{"name":"wp","href":"https:\/\/api.w.org\/{rel}","templated":true}]}}