  {"id":16732,"date":"2018-01-07T10:23:27","date_gmt":"2018-01-07T15:23:27","guid":{"rendered":"http:\/\/www.un.org\/sustainabledevelopment\/es\/?p=16732"},"modified":"2018-01-12T10:28:01","modified_gmt":"2018-01-12T15:28:01","slug":"secretario-general-de-la-onu-lamenta-fallecimiento-de-su-representante-especial-sobre-migracion-internacional","status":"publish","type":"post","link":"https:\/\/www.un.org\/sustainabledevelopment\/es\/2018\/01\/secretario-general-de-la-onu-lamenta-fallecimiento-de-su-representante-especial-sobre-migracion-internacional\/","title":{"rendered":"Secretario General de la ONU lamenta fallecimiento de su representante especial sobre migraci\u00f3n internacional"},"content":{"rendered":"<p> El Secretario General de Naciones Unidas lament\u00f3 profundamente este domingo el fallecimiento de Peter Sutherland, su representante especial sobre migraci\u00f3n internacional que ostent\u00f3 el cargo durante m\u00e1s de una d\u00e9cada.<\/p>\n<p>Ant\u00f3nio Guterres destac\u00f3 en un comunicado que Sutherland prest\u00f3 un \u00abservicio esencial\u00bb a Naciones Unidas, y calific\u00f3 como \u00abintr\u00e9pida y en\u00e9rgica\u00bb su defensa en favor de las personas m\u00e1s vulnerables del mundo.<\/p>\n<p>\u201cSiempre me pareci\u00f3 un apasionado aliado e incansable defensor de los retos de la movilidad humana y el desplazamiento forzado\u201d, a\u00f1adi\u00f3.<\/p>\n<p>El titular de la ONU elogi\u00f3 sus esfuerzos en la creaci\u00f3n del Foro Mundial sobre la Migraci\u00f3n y el Desarrollo, en garantizar la representaci\u00f3n de migrantes y refugiados en los Objetivos de Desarrollo Sostenible (ODS) y en convocar la primera Cumbre de Naciones Unidas sobre Migrantes y Refugiados en septiembre de 2016.<\/p>\n<p>Guterres ofreci\u00f3 sus m\u00e1s sinceras condolencias a la familia de Sutherland y a todas las personas afectadas por su p\u00e9rdida. <\/p>\n<p><a href=\"http:\/\/www.un.org\/spanish\/News\/story.asp?NewsID=38655\">Noticias ONU<\/a><\/p>\n","protected":false},"excerpt":{"rendered":"<p>El Secretario General de Naciones Unidas lament\u00f3 profundamente este domingo  [&#8230;]<\/p>\n","protected":false},"author":34,"featured_media":16736,"comment_status":"closed","ping_status":"closed","sticky":false,"template":"","format":"standard","meta":{"_et_pb_use_builder":"","_et_pb_old_content":"","_et_gb_content_width":"","footnotes":""},"categories":[31],"tags":[],"class_list":["post-16732","post","type-post","status-publish","format-standard","has-post-thumbnail","hentry","category-secretario-general"],"_links":{"self":[{"href":"https:\/\/www.un.org\/sustainabledevelopment\/es\/wp-json\/wp\/v2\/posts\/16732","targetHints":{"allow":["GET"]}}],"collection":[{"href":"https:\/\/www.un.org\/sustainabledevelopment\/es\/wp-json\/wp\/v2\/posts"}],"about":[{"href":"https:\/\/www.un.org\/sustainabledevelopment\/es\/wp-json\/wp\/v2\/types\/post"}],"author":[{"embeddable":true,"href":"https:\/\/www.un.org\/sustainabledevelopment\/es\/wp-json\/wp\/v2\/users\/34"}],"replies":[{"embeddable":true,"href":"https:\/\/www.un.org\/sustainabledevelopment\/es\/wp-json\/wp\/v2\/comments?post=16732"}],"version-history":[{"count":0,"href":"https:\/\/www.un.org\/sustainabledevelopment\/es\/wp-json\/wp\/v2\/posts\/16732\/revisions"}],"wp:featuredmedia":[{"embeddable":true,"href":"https:\/\/www.un.org\/sustainabledevelopment\/es\/wp-json\/wp\/v2\/media\/16736"}],"wp:attachment":[{"href":"https:\/\/www.un.org\/sustainabledevelopment\/es\/wp-json\/wp\/v2\/media?parent=16732"}],"wp:term":[{"taxonomy":"category","embeddable":true,"href":"https:\/\/www.un.org\/sustainabledevelopment\/es\/wp-json\/wp\/v2\/categories?post=16732"},{"taxonomy":"post_tag","embeddable":true,"href":"https:\/\/www.un.org\/sustainabledevelopment\/es\/wp-json\/wp\/v2\/tags?post=16732"}],"curies":[{"name":"wp","href":"https:\/\/api.w.org\/{rel}","templated":true}]}}