  {"id":16534,"date":"2017-12-08T09:17:18","date_gmt":"2017-12-08T14:17:18","guid":{"rendered":"http:\/\/www.un.org\/sustainabledevelopment\/es\/?p=16534"},"modified":"2017-12-11T09:20:33","modified_gmt":"2017-12-11T14:20:33","slug":"dia-de-los-dd-hh-guterres-subraya-trascendencia-de-la-declaracion-universal-de-derechos-humanos","status":"publish","type":"post","link":"https:\/\/www.un.org\/sustainabledevelopment\/es\/2017\/12\/dia-de-los-dd-hh-guterres-subraya-trascendencia-de-la-declaracion-universal-de-derechos-humanos\/","title":{"rendered":"D\u00eda de los DD. HH: Guterres subraya trascendencia de la Declaraci\u00f3n Universal de Derechos Humanos"},"content":{"rendered":"<p>La celebraci\u00f3n este 10 de diciembre del D\u00eda de los Derechos Humanos viene marcada por la conmemoraci\u00f3n del 70\u00ba aniversario de la Declaraci\u00f3n Universal de esas garant\u00edas fundamentales que se producir\u00e1 durante 2018.<\/p>\n<p>El Secretario General de la ONU manifest\u00f3 que la aprobaci\u00f3n de la Declaraci\u00f3n supuso poner en marcha uno de los acuerdos m\u00e1s importantes del mundo, y que desde su proclamaci\u00f3n el a\u00f1o 1948, los derechos humanos han conformado, junto a la paz y el desarrollo, uno de los tres pilares de Naciones Unidas.<\/p>\n<p>Ant\u00f3nio Guterres record\u00f3 que, pese a todos los progresos que ha supuesto el documento, actualmente sus avances se enfrentan a serios desaf\u00edos alrededor del mundo.<\/p>\n<p>Finalmente, Guterres expres\u00f3 su gratitud a todos los defensores de los derechos humanos y a todas las naciones y mandatarios que protegen esas garant\u00edas fundamentales.<\/p>\n<p>El Alto Comisionado de la ONU para los Derechos Humanos record\u00f3 que la redacci\u00f3n de la Declaraci\u00f3n Universal tuvo lugar \u201cen un mundo devastado por la guerra y fue el remedio que los Estados recetaron a sus pueblos para vacunarlos contra sus peores instintos y omisiones\u201d.<\/p>\n<p>Zeid Ra\u2019ad Al Hussein remarc\u00f3 que en muchas partes del mundo se cuestiona la \u201cuniversalidad\u201d de los derechos proclamados en la Declaraci\u00f3n y emplaz\u00f3 a todos los pueblos y ciudadanos a defender las garant\u00edas fundamentales. <\/p>\n<p><a href=\"http:\/\/www.un.org\/spanish\/News\/story.asp?NewsID=38556\">Noticias ONU<\/a><\/p>\n","protected":false},"excerpt":{"rendered":"<p>La celebraci\u00f3n este 10 de diciembre del D\u00eda de los  [&#8230;]<\/p>\n","protected":false},"author":34,"featured_media":16537,"comment_status":"closed","ping_status":"closed","sticky":false,"template":"","format":"standard","meta":{"_et_pb_use_builder":"","_et_pb_old_content":"","_et_gb_content_width":"","footnotes":""},"categories":[19],"tags":[],"class_list":["post-16534","post","type-post","status-publish","format-standard","has-post-thumbnail","hentry","category-peace-and-justice"],"_links":{"self":[{"href":"https:\/\/www.un.org\/sustainabledevelopment\/es\/wp-json\/wp\/v2\/posts\/16534","targetHints":{"allow":["GET"]}}],"collection":[{"href":"https:\/\/www.un.org\/sustainabledevelopment\/es\/wp-json\/wp\/v2\/posts"}],"about":[{"href":"https:\/\/www.un.org\/sustainabledevelopment\/es\/wp-json\/wp\/v2\/types\/post"}],"author":[{"embeddable":true,"href":"https:\/\/www.un.org\/sustainabledevelopment\/es\/wp-json\/wp\/v2\/users\/34"}],"replies":[{"embeddable":true,"href":"https:\/\/www.un.org\/sustainabledevelopment\/es\/wp-json\/wp\/v2\/comments?post=16534"}],"version-history":[{"count":0,"href":"https:\/\/www.un.org\/sustainabledevelopment\/es\/wp-json\/wp\/v2\/posts\/16534\/revisions"}],"wp:featuredmedia":[{"embeddable":true,"href":"https:\/\/www.un.org\/sustainabledevelopment\/es\/wp-json\/wp\/v2\/media\/16537"}],"wp:attachment":[{"href":"https:\/\/www.un.org\/sustainabledevelopment\/es\/wp-json\/wp\/v2\/media?parent=16534"}],"wp:term":[{"taxonomy":"category","embeddable":true,"href":"https:\/\/www.un.org\/sustainabledevelopment\/es\/wp-json\/wp\/v2\/categories?post=16534"},{"taxonomy":"post_tag","embeddable":true,"href":"https:\/\/www.un.org\/sustainabledevelopment\/es\/wp-json\/wp\/v2\/tags?post=16534"}],"curies":[{"name":"wp","href":"https:\/\/api.w.org\/{rel}","templated":true}]}}