  {"id":16491,"date":"2017-12-05T15:58:19","date_gmt":"2017-12-05T20:58:19","guid":{"rendered":"http:\/\/www.un.org\/sustainabledevelopment\/es\/?p=16491"},"modified":"2017-12-05T15:58:19","modified_gmt":"2017-12-05T20:58:19","slug":"onu-encomia-veredicto-por-crimenes-de-lesa-humanidad-durante-dictadura-argentina","status":"publish","type":"post","link":"https:\/\/www.un.org\/sustainabledevelopment\/es\/2017\/12\/onu-encomia-veredicto-por-crimenes-de-lesa-humanidad-durante-dictadura-argentina\/","title":{"rendered":"ONU encomia veredicto por cr\u00edmenes de lesa humanidad durante dictadura argentina"},"content":{"rendered":"<p>Un grupo de expertos de la ONU en derechos humanos acogi\u00f3 con benepl\u00e1cito la condena de 48 personas acusadas de cometer torturas, asesinatos y desapariciones forzadas, durante la \u00faltima dictadura militar en Argentina.<\/p>\n<p>Un tribunal federal de Buenos Aires determin\u00f3 el pasado mi\u00e9rcoles que los acusados cometieron cr\u00edmenes de lesa humanidad contra casi 800 personas en la ex Escuela de Mec\u00e1nica de la Armada (ESMA).<\/p>\n<p>El juicio es \u201cun paso fundamental hacia la realizaci\u00f3n del derecho a la verdad, la justicia, la reparaci\u00f3n y las garant\u00edas de no repetici\u00f3n que tienen todas las v\u00edctimas de graves violaciones a derechos humanos, as\u00ed como sus familiares\u201d, destacaron los expertos.<\/p>\n<p>29 de los imputados fueron condenados a cadena perpetua y el resto recibieron penas de entre 8 y 25 a\u00f1os de prisi\u00f3n, con la excepci\u00f3n de 6 absueltos.<\/p>\n<p><a href=\"https:\/\/www.un.org\/spanish\/News\/story.asp?NewsID=38533\">Noticias ONU<\/a><\/p>\n","protected":false},"excerpt":{"rendered":"<p>Un grupo de expertos de la ONU en derechos humanos  [&#8230;]<\/p>\n","protected":false},"author":34,"featured_media":16493,"comment_status":"closed","ping_status":"closed","sticky":false,"template":"","format":"standard","meta":{"_et_pb_use_builder":"","_et_pb_old_content":"","_et_gb_content_width":"","footnotes":""},"categories":[19],"tags":[],"class_list":["post-16491","post","type-post","status-publish","format-standard","has-post-thumbnail","hentry","category-peace-and-justice"],"_links":{"self":[{"href":"https:\/\/www.un.org\/sustainabledevelopment\/es\/wp-json\/wp\/v2\/posts\/16491","targetHints":{"allow":["GET"]}}],"collection":[{"href":"https:\/\/www.un.org\/sustainabledevelopment\/es\/wp-json\/wp\/v2\/posts"}],"about":[{"href":"https:\/\/www.un.org\/sustainabledevelopment\/es\/wp-json\/wp\/v2\/types\/post"}],"author":[{"embeddable":true,"href":"https:\/\/www.un.org\/sustainabledevelopment\/es\/wp-json\/wp\/v2\/users\/34"}],"replies":[{"embeddable":true,"href":"https:\/\/www.un.org\/sustainabledevelopment\/es\/wp-json\/wp\/v2\/comments?post=16491"}],"version-history":[{"count":0,"href":"https:\/\/www.un.org\/sustainabledevelopment\/es\/wp-json\/wp\/v2\/posts\/16491\/revisions"}],"wp:featuredmedia":[{"embeddable":true,"href":"https:\/\/www.un.org\/sustainabledevelopment\/es\/wp-json\/wp\/v2\/media\/16493"}],"wp:attachment":[{"href":"https:\/\/www.un.org\/sustainabledevelopment\/es\/wp-json\/wp\/v2\/media?parent=16491"}],"wp:term":[{"taxonomy":"category","embeddable":true,"href":"https:\/\/www.un.org\/sustainabledevelopment\/es\/wp-json\/wp\/v2\/categories?post=16491"},{"taxonomy":"post_tag","embeddable":true,"href":"https:\/\/www.un.org\/sustainabledevelopment\/es\/wp-json\/wp\/v2\/tags?post=16491"}],"curies":[{"name":"wp","href":"https:\/\/api.w.org\/{rel}","templated":true}]}}