  {"id":16467,"date":"2017-12-04T08:45:43","date_gmt":"2017-12-04T13:45:43","guid":{"rendered":"http:\/\/www.un.org\/sustainabledevelopment\/es\/?p=16467"},"modified":"2017-12-05T08:48:04","modified_gmt":"2017-12-05T13:48:04","slug":"mexico-debe-redoblar-esfuerzos-para-proteger-sus-periodistas-dicen-expertos-en-derechos-humanos","status":"publish","type":"post","link":"https:\/\/www.un.org\/sustainabledevelopment\/es\/2017\/12\/mexico-debe-redoblar-esfuerzos-para-proteger-sus-periodistas-dicen-expertos-en-derechos-humanos\/","title":{"rendered":"M\u00e9xico debe redoblar esfuerzos para proteger a sus periodistas, dicen expertos en derechos humanos"},"content":{"rendered":"<p>\u201cM\u00e9xico debe redoblar esfuerzos para proteger a los periodistas\u201d, declararon dos expertos de derechos humanos este lunes al concluir su misi\u00f3n oficial de una semana para evaluar la libertad de expresi\u00f3n en el pa\u00eds. <\/p>\n<p>David Kaye y Edison Lanza, relatores especiales sobre libertad de expresi\u00f3n para la ONU y la Comisi\u00f3n Interamericana de Derechos Humanos, respectivamente, aseguraron que la violencia contra quienes ejercen el periodismo ha sido una crisis para M\u00e9xico por m\u00e1s de una d\u00e9cada y que a pesar de que el gobierno haya creado mecanismos de protecci\u00f3n y persecuci\u00f3n, la impunidad y la inseguridad siguen caracterizando esta situaci\u00f3n a lo largo del pa\u00eds.<\/p>\n<p>Los expertos instaron al gobierno a incrementar \u201cr\u00e1pida y sustancialmente\u201d los recursos disponibles para los mecanismos que han sido establecidos para proveer protecci\u00f3n y transparencia.<\/p>\n<blockquote><p>\u201cNos horrorizaron las historias que escuchamos de los periodistas, en las que presentaron una cruda imagen del ambiente hostil que han enfrentado. El acoso sexual contra mujeres periodistas, el desplazamiento forzoso de reporteros, los asesinatos y las desapariciones, as\u00ed como una impunidad profunda, fueron elementos comunes en sus narrativas\u201d, dijeron.<\/p><\/blockquote>\n<p>Kaye y Lanza adem\u00e1s aseguraron que las autoridades deb\u00edan llevar a cabo una investigaci\u00f3n independiente sobre los documentados informes sobre vigilancia digital de periodistas, defensores de derechos humanos y otros.<\/p>\n<blockquote><p>\u201cNos inspir\u00f3 la pasi\u00f3n de las y los periodistas con quienes nos encontramos, su compromiso con su papel de informar a la sociedad mexicana y su anhelo de investigar sobre corrupci\u00f3n, crimen organizado u otros asuntos de inter\u00e9s p\u00fablico, sin importar los riesgos que saben que podr\u00edan enfrentar\u201d, agregaron.<\/p><\/blockquote>\n<p>Los expertos resaltaron que en 2018 la necesidad de abordar los temas de protecci\u00f3n y transparencia ser\u00e1 especialmente cr\u00edtica en el marco de las elecciones federales, estatales y locales.<\/p>\n<blockquote><p>\u201cGarantizar la seguridad de los y las periodistas les permite recabar y difundir informaci\u00f3n sobre cuestiones del m\u00e1s alto inter\u00e9s p\u00fablico\u201d, dijeron los expertos, en una declaraci\u00f3n conjunta al final de su visita.<\/p><\/blockquote>\n<p>Durante su misi\u00f3n, del 27 de noviembre al 4 de diciembre, los relatores especiales se reunieron con m\u00e1s de 250 periodistas y miembros de las organizaciones de la sociedad civil, de 21 estados del pa\u00eds.<\/p>\n<p><a href=\"http:\/\/www.un.org\/spanish\/News\/story.asp?NewsID=38531\">Noticias ONU<\/a><\/p>\n","protected":false},"excerpt":{"rendered":"<p>\u201cM\u00e9xico debe redoblar esfuerzos para proteger a los periodistas\u201d, declararon  [&#8230;]<\/p>\n","protected":false},"author":34,"featured_media":16469,"comment_status":"closed","ping_status":"closed","sticky":false,"template":"","format":"standard","meta":{"_et_pb_use_builder":"","_et_pb_old_content":"","_et_gb_content_width":"","footnotes":""},"categories":[19],"tags":[],"class_list":["post-16467","post","type-post","status-publish","format-standard","has-post-thumbnail","hentry","category-peace-and-justice"],"_links":{"self":[{"href":"https:\/\/www.un.org\/sustainabledevelopment\/es\/wp-json\/wp\/v2\/posts\/16467","targetHints":{"allow":["GET"]}}],"collection":[{"href":"https:\/\/www.un.org\/sustainabledevelopment\/es\/wp-json\/wp\/v2\/posts"}],"about":[{"href":"https:\/\/www.un.org\/sustainabledevelopment\/es\/wp-json\/wp\/v2\/types\/post"}],"author":[{"embeddable":true,"href":"https:\/\/www.un.org\/sustainabledevelopment\/es\/wp-json\/wp\/v2\/users\/34"}],"replies":[{"embeddable":true,"href":"https:\/\/www.un.org\/sustainabledevelopment\/es\/wp-json\/wp\/v2\/comments?post=16467"}],"version-history":[{"count":0,"href":"https:\/\/www.un.org\/sustainabledevelopment\/es\/wp-json\/wp\/v2\/posts\/16467\/revisions"}],"wp:featuredmedia":[{"embeddable":true,"href":"https:\/\/www.un.org\/sustainabledevelopment\/es\/wp-json\/wp\/v2\/media\/16469"}],"wp:attachment":[{"href":"https:\/\/www.un.org\/sustainabledevelopment\/es\/wp-json\/wp\/v2\/media?parent=16467"}],"wp:term":[{"taxonomy":"category","embeddable":true,"href":"https:\/\/www.un.org\/sustainabledevelopment\/es\/wp-json\/wp\/v2\/categories?post=16467"},{"taxonomy":"post_tag","embeddable":true,"href":"https:\/\/www.un.org\/sustainabledevelopment\/es\/wp-json\/wp\/v2\/tags?post=16467"}],"curies":[{"name":"wp","href":"https:\/\/api.w.org\/{rel}","templated":true}]}}