  {"id":16393,"date":"2017-11-30T13:05:52","date_gmt":"2017-11-30T18:05:52","guid":{"rendered":"http:\/\/www.un.org\/sustainabledevelopment\/es\/?p=16393"},"modified":"2017-11-30T13:05:52","modified_gmt":"2017-11-30T18:05:52","slug":"antalya-exposicion-mundial-de-desarrollo-sur-sur-concluye-con-compromisos-fortalecidos-de-cooperacion","status":"publish","type":"post","link":"https:\/\/www.un.org\/sustainabledevelopment\/es\/2017\/11\/antalya-exposicion-mundial-de-desarrollo-sur-sur-concluye-con-compromisos-fortalecidos-de-cooperacion\/","title":{"rendered":"Antalya: Exposici\u00f3n Mundial de Desarrollo Sur-Sur concluye con compromisos fortalecidos de cooperaci\u00f3n"},"content":{"rendered":"<p> Exposici\u00f3n Mundial de Desarrollo Sur-Sur 20172017 finaliz\u00f3 este jueves en Antalya, Turqu\u00eda, con el compromiso de representantes y delegaciones de hasta 120 pa\u00edses de fortalecer alianzas y acuerdos de cooperaci\u00f3n para avanzar en los objetivos globales de la Agenda 2030 de desarrollo sostenible.<\/p>\n<p>\u00a8Hemos notado que se han desarrollado muchas relaciones, relaciones institucionales, propuestas de cooperaci\u00f3n futura para establecer nuevas pautas y nuevos canales de Cooperaci\u00f3n Sur-Sur entre los participantes de la conferencia, creemos entonces que ha sido un gran suceso, estamos muy orgullosos\u00a8, declar\u00f3 Jorge Chediek, Director de la Oficina de la ONU para la Cooperaci\u00f3n Sur-Sur (±¬ÁÏÍøOSSC).<\/p>\n<p>Durante la ceremonia de cierre, Chediek comenz\u00f3 su discurso con un mensaje del Secretario General, Ant\u00f3nio Guterres, quien agradeci\u00f3 a los participantes de la Exposici\u00f3n por su compromiso para compartir conocimiento, buenas pr\u00e1cticas y ejemplos exitosos en el Sur. <\/p>\n<p>Agreg\u00f3 que para el titular de la ONU, la Cooperaci\u00f3n Sur Sur es vital en los esfuerzos para alcanzar los Objetivos de Desarrollo Sostenible y luchar contra el cambio clim\u00e1tico. <\/p>\n<p>Este a\u00f1o, la Exposici\u00f3n fue patrocinada por el gobierno de Turqu\u00eda en coordinaci\u00f3n con ±¬ÁÏÍøOSSC y cont\u00f3 con la participaci\u00f3n de m\u00e1s de 800 personas provenientes de 120 pa\u00edses, quienes hicieron parte de m\u00e1s de 37 eventos y plenarias. <\/p>\n<p>\u00a8Confiamos que la Exposici\u00f3n haya servido para estos participantes y para nuestros colegas del sistema de Naciones Unidas para lograr hacer m\u00e1s y mejor Cooperaci\u00f3n Sur-Sur\u00a8, resalt\u00f3 Chediek. <\/p>\n<p>Durante el evento que dur\u00f3 4 d\u00edas, se lanzaron 6 publicaciones y 9 iniciativas recibieron el inter\u00e9s de casi 100 participantes, en temas que van desde juventud hasta desarrollo rural. <\/p>\n<p>Adem\u00e1s se realiz\u00f3 la primera reuni\u00f3n del Grupo de Expertos Sur-Sur, en la que se present\u00f3 una nueva plataforma en l\u00ednea que conectar\u00e1 a acad\u00e9micos de todas las regiones para compartir conocimiento y trabajar juntos en programas de investigaci\u00f3n. <\/p>\n<p>Este jueves tambi\u00e9n se realiz\u00f3 una reuni\u00f3n de alto nivel, en la que participaron delegaciones de varios pa\u00edses y se establecieron pautas en miras a la segunda Conferencia de Alto Nivel en Cooperaci\u00f3n Sur-Sur, que se realizar\u00e1 en Buenos Aires, Argentina en marzo de 2019.<\/p>\n<p><a href=\"http:\/\/www.un.org\/spanish\/News\/story.asp?NewsID=38516\">Noticias ONU<\/a><\/p>\n","protected":false},"excerpt":{"rendered":"<p>Exposici\u00f3n Mundial de Desarrollo Sur-Sur 20172017 finaliz\u00f3 este jueves en  [&#8230;]<\/p>\n","protected":false},"author":34,"featured_media":16397,"comment_status":"closed","ping_status":"closed","sticky":false,"template":"","format":"standard","meta":{"_et_pb_use_builder":"","_et_pb_old_content":"","_et_gb_content_width":"","footnotes":""},"categories":[18,6],"tags":[],"class_list":["post-16393","post","type-post","status-publish","format-standard","has-post-thumbnail","hentry","category-partnerships","category-economic-growth"],"_links":{"self":[{"href":"https:\/\/www.un.org\/sustainabledevelopment\/es\/wp-json\/wp\/v2\/posts\/16393","targetHints":{"allow":["GET"]}}],"collection":[{"href":"https:\/\/www.un.org\/sustainabledevelopment\/es\/wp-json\/wp\/v2\/posts"}],"about":[{"href":"https:\/\/www.un.org\/sustainabledevelopment\/es\/wp-json\/wp\/v2\/types\/post"}],"author":[{"embeddable":true,"href":"https:\/\/www.un.org\/sustainabledevelopment\/es\/wp-json\/wp\/v2\/users\/34"}],"replies":[{"embeddable":true,"href":"https:\/\/www.un.org\/sustainabledevelopment\/es\/wp-json\/wp\/v2\/comments?post=16393"}],"version-history":[{"count":0,"href":"https:\/\/www.un.org\/sustainabledevelopment\/es\/wp-json\/wp\/v2\/posts\/16393\/revisions"}],"wp:featuredmedia":[{"embeddable":true,"href":"https:\/\/www.un.org\/sustainabledevelopment\/es\/wp-json\/wp\/v2\/media\/16397"}],"wp:attachment":[{"href":"https:\/\/www.un.org\/sustainabledevelopment\/es\/wp-json\/wp\/v2\/media?parent=16393"}],"wp:term":[{"taxonomy":"category","embeddable":true,"href":"https:\/\/www.un.org\/sustainabledevelopment\/es\/wp-json\/wp\/v2\/categories?post=16393"},{"taxonomy":"post_tag","embeddable":true,"href":"https:\/\/www.un.org\/sustainabledevelopment\/es\/wp-json\/wp\/v2\/tags?post=16393"}],"curies":[{"name":"wp","href":"https:\/\/api.w.org\/{rel}","templated":true}]}}