  {"id":16153,"date":"2017-11-24T13:33:33","date_gmt":"2017-11-24T18:33:33","guid":{"rendered":"http:\/\/www.un.org\/sustainabledevelopment\/es\/?p=16153"},"modified":"2017-11-24T13:33:33","modified_gmt":"2017-11-24T18:33:33","slug":"experto-de-la-onu-repudia-asesinato-del-ombudsman-de-baja-california-sur-mexico","status":"publish","type":"post","link":"https:\/\/www.un.org\/sustainabledevelopment\/es\/2017\/11\/experto-de-la-onu-repudia-asesinato-del-ombudsman-de-baja-california-sur-mexico\/","title":{"rendered":"Experto de la ONU repudia asesinato del ombudsman de Baja California Sur, M\u00e9xico"},"content":{"rendered":"<p>El relator especial de la ONU sobre la situaci\u00f3n de los defensores de los derechos humanos conden\u00f3 categ\u00f3ricamente el asesinato del ombudsman del estado mexicano de Baja California Sur, Silvestre de la Toba Camacho, cometido el 20 de noviembre, y pidi\u00f3 investigar a fondo el crimen.<\/p>\n<p>En un comunicado divulgado hoy, Michel Forst llam\u00f3 al gobierno de M\u00e9xico a implementar mecanismos de protecci\u00f3n para los activistas en riesgo, entre ellos los que trabajan en instituciones nacionales y estatales de derechos humanos.<\/p>\n<p>Silvestre de la Toba Camacho era presidente de la Comisi\u00f3n de Derechos Humanos de Baja California Sur y perdi\u00f3 la vida en la ciudad de La Paz, capital del estado, a causa de un ataque en el que tambi\u00e9n falleci\u00f3 su hijo y que dej\u00f3 gravemente heridas a su esposa e hija.<\/p>\n<p>El relator exhort\u00f3 a las autoridades estatales y federales a emprender una investigaci\u00f3n exhaustiva y a procesar a los responsables.<\/p>\n<blockquote><p>\u201cLa mejor manera de garantizar la seguridad de los defensores de derechos humanos es llevando a las personas que intentan hacerles da\u00f1o ante la justicia\u201d, puntualiz\u00f3.<\/p><\/blockquote>\n<p>Forst record\u00f3 que, tras su misi\u00f3n a M\u00e9xico en enero de este a\u00f1o, concluy\u00f3 que uno de los principales retos del pa\u00eds era terminar el ciclo de impunidad actual.<\/p>\n<blockquote><p>\u201cLas instituciones nacionales de derechos humanos tienen un papel crucial en la protecci\u00f3n de esas garant\u00edas. Por ello, los gobiernos deben asegurar la existencia de mecanismos de protecci\u00f3n para que quienes trabajan en ellas puedan ejercer sus funciones de una manera segura y aut\u00f3noma\u201d, acot\u00f3 Forst.<\/p><\/blockquote>\n<p><a href=\"http:\/\/www.un.org\/spanish\/News\/story.asp?NewsID=38485\">Noticias ONU<\/a><\/p>\n","protected":false},"excerpt":{"rendered":"<p>El relator especial de la ONU sobre la situaci\u00f3n de  [&#8230;]<\/p>\n","protected":false},"author":34,"featured_media":16157,"comment_status":"closed","ping_status":"closed","sticky":false,"template":"","format":"standard","meta":{"_et_pb_use_builder":"","_et_pb_old_content":"","_et_gb_content_width":"","footnotes":""},"categories":[19],"tags":[],"class_list":["post-16153","post","type-post","status-publish","format-standard","has-post-thumbnail","hentry","category-peace-and-justice"],"_links":{"self":[{"href":"https:\/\/www.un.org\/sustainabledevelopment\/es\/wp-json\/wp\/v2\/posts\/16153","targetHints":{"allow":["GET"]}}],"collection":[{"href":"https:\/\/www.un.org\/sustainabledevelopment\/es\/wp-json\/wp\/v2\/posts"}],"about":[{"href":"https:\/\/www.un.org\/sustainabledevelopment\/es\/wp-json\/wp\/v2\/types\/post"}],"author":[{"embeddable":true,"href":"https:\/\/www.un.org\/sustainabledevelopment\/es\/wp-json\/wp\/v2\/users\/34"}],"replies":[{"embeddable":true,"href":"https:\/\/www.un.org\/sustainabledevelopment\/es\/wp-json\/wp\/v2\/comments?post=16153"}],"version-history":[{"count":0,"href":"https:\/\/www.un.org\/sustainabledevelopment\/es\/wp-json\/wp\/v2\/posts\/16153\/revisions"}],"wp:featuredmedia":[{"embeddable":true,"href":"https:\/\/www.un.org\/sustainabledevelopment\/es\/wp-json\/wp\/v2\/media\/16157"}],"wp:attachment":[{"href":"https:\/\/www.un.org\/sustainabledevelopment\/es\/wp-json\/wp\/v2\/media?parent=16153"}],"wp:term":[{"taxonomy":"category","embeddable":true,"href":"https:\/\/www.un.org\/sustainabledevelopment\/es\/wp-json\/wp\/v2\/categories?post=16153"},{"taxonomy":"post_tag","embeddable":true,"href":"https:\/\/www.un.org\/sustainabledevelopment\/es\/wp-json\/wp\/v2\/tags?post=16153"}],"curies":[{"name":"wp","href":"https:\/\/api.w.org\/{rel}","templated":true}]}}