  {"id":16111,"date":"2017-11-21T10:25:14","date_gmt":"2017-11-21T15:25:14","guid":{"rendered":"http:\/\/www.un.org\/sustainabledevelopment\/es\/?p=16111"},"modified":"2017-11-22T10:27:35","modified_gmt":"2017-11-22T15:27:35","slug":"la-cepal-impulsa-proyecto-de-ciudades-cuidadoras-en-america-latina-y-el-caribe","status":"publish","type":"post","link":"https:\/\/www.un.org\/sustainabledevelopment\/es\/2017\/11\/la-cepal-impulsa-proyecto-de-ciudades-cuidadoras-en-america-latina-y-el-caribe\/","title":{"rendered":"La CEPAL impulsa proyecto de \u00abciudades cuidadoras\u00bb en Am\u00e9rica Latina y el Caribe"},"content":{"rendered":"<p>Se debe avanzar en la construcci\u00f3n de \u201cciudades cuidadoras\u201d, donde el Estado, el mercado, las familias, la comunidad, los hombres y las mujeres se hagan cargo, en un contexto de corresponsabilidad y solidaridad, de las labores de cuidado necesarias para la reproducci\u00f3n de la sociedad, expres\u00f3 la secretaria ejecutiva de Comisi\u00f3n Econ\u00f3mica para Am\u00e9rica Latina y el Caribe (CEPAL) este martes durante un seminario internacional en la sede del organismo. <\/p>\n<p>Alicia B\u00e1rcena, declar\u00f3 que las urbes latinoamericanas exhiben enormes desigualdades en materia de g\u00e9nero en cuestiones de acceso a ingresos propios, niveles de pobreza, uso del tiempo y dedicaci\u00f3n al trabajo remunerado y no remunerado.<\/p>\n<blockquote><p>\u201cSeg\u00fan datos de encuestas sobre el uso del tiempo de 9 ciudades capitales de la regi\u00f3n, las mujeres est\u00e1n sobrerrepresentadas en el trabajo no remunerado, destinando entre 15,8 y 34,5 horas semanales m\u00e1s que los hombres a este tipo de tareas, mientras que en materia de trabajo remunerado se produce la situaci\u00f3n inversa\u201d, apunt\u00f3 B\u00e1rcena.<\/p><\/blockquote>\n<p>Agreg\u00f3 que la incorporaci\u00f3n de las mujeres al mercado laboral no ha ido de la mano de una mayor participaci\u00f3n de los hombres en las tareas dom\u00e9sticas de cuidado en los hogares, lo que representa retos para las pol\u00edticas p\u00fablicas urbanas.<\/p>\n<blockquote><p>\u201cLas mujeres ocupadas, desocupadas e inactivas, todas, sea cual sea su condici\u00f3n, realizan al menos el doble de horas diarias de trabajo no remunerado en comparaci\u00f3n a los hombres en esas mismas categor\u00edas\u201d, dijo la Ministrad de la Mujer y la Equidad de G\u00e9nero de Chile, Claudia Pascual.<\/p><\/blockquote>\n<p>Por su parte, el director regional de ONU-H\u00e1bitat, Elkin Vel\u00e1squez, revel\u00f3 durante el seminario que Am\u00e9rica latina y el Caribe tiene 18.000 municipalidades y el llamado es a generar los mecanismos concretos para erradicar la segregaci\u00f3n socio-espacial y promover el empoderamiento econ\u00f3mico de las mujeres en las ciudades, entre otros desaf\u00edos.<\/p>\n<p>La propuesta de la CEPAL sobre \u201cciudades cuidadoras\u201d, contenida en el libro \u00bfQui\u00e9n cuida en la ciudad? Aportes para pol\u00edticas urbanas de igualdad, aspira a lograr una zona urbana que sea inclusiva, lo que implica contar con pol\u00edticas que respondan a los desaf\u00edos de sociedades en creciente transformaci\u00f3n demogr\u00e1fica, socioecon\u00f3mica, social y tecnol\u00f3gica.<\/p>\n<p><a href=\"http:\/\/www.un.org\/spanish\/News\/story.asp?NewsID=38472\">Noticias ONU<\/a><\/p>\n","protected":false},"excerpt":{"rendered":"<p>Se debe avanzar en la construcci\u00f3n de \u201cciudades cuidadoras\u201d, donde  [&#8230;]<\/p>\n","protected":false},"author":34,"featured_media":10153,"comment_status":"closed","ping_status":"closed","sticky":false,"template":"","format":"standard","meta":{"_et_pb_use_builder":"","_et_pb_old_content":"","_et_gb_content_width":"","footnotes":""},"categories":[4],"tags":[],"class_list":["post-16111","post","type-post","status-publish","format-standard","has-post-thumbnail","hentry","category-cities"],"_links":{"self":[{"href":"https:\/\/www.un.org\/sustainabledevelopment\/es\/wp-json\/wp\/v2\/posts\/16111","targetHints":{"allow":["GET"]}}],"collection":[{"href":"https:\/\/www.un.org\/sustainabledevelopment\/es\/wp-json\/wp\/v2\/posts"}],"about":[{"href":"https:\/\/www.un.org\/sustainabledevelopment\/es\/wp-json\/wp\/v2\/types\/post"}],"author":[{"embeddable":true,"href":"https:\/\/www.un.org\/sustainabledevelopment\/es\/wp-json\/wp\/v2\/users\/34"}],"replies":[{"embeddable":true,"href":"https:\/\/www.un.org\/sustainabledevelopment\/es\/wp-json\/wp\/v2\/comments?post=16111"}],"version-history":[{"count":0,"href":"https:\/\/www.un.org\/sustainabledevelopment\/es\/wp-json\/wp\/v2\/posts\/16111\/revisions"}],"wp:featuredmedia":[{"embeddable":true,"href":"https:\/\/www.un.org\/sustainabledevelopment\/es\/wp-json\/wp\/v2\/media\/10153"}],"wp:attachment":[{"href":"https:\/\/www.un.org\/sustainabledevelopment\/es\/wp-json\/wp\/v2\/media?parent=16111"}],"wp:term":[{"taxonomy":"category","embeddable":true,"href":"https:\/\/www.un.org\/sustainabledevelopment\/es\/wp-json\/wp\/v2\/categories?post=16111"},{"taxonomy":"post_tag","embeddable":true,"href":"https:\/\/www.un.org\/sustainabledevelopment\/es\/wp-json\/wp\/v2\/tags?post=16111"}],"curies":[{"name":"wp","href":"https:\/\/api.w.org\/{rel}","templated":true}]}}