  {"id":16061,"date":"2017-11-19T13:33:29","date_gmt":"2017-11-19T18:33:29","guid":{"rendered":"http:\/\/www.un.org\/sustainabledevelopment\/es\/?p=16061"},"modified":"2017-11-20T13:37:36","modified_gmt":"2017-11-20T18:37:36","slug":"zeid-guatemala-un-pais-con-dos-realidades","status":"publish","type":"post","link":"https:\/\/www.un.org\/sustainabledevelopment\/es\/2017\/11\/zeid-guatemala-un-pais-con-dos-realidades\/","title":{"rendered":"Zeid: Guatemala, un pa\u00eds con dos realidades"},"content":{"rendered":"<p>Cinco a\u00f1os despu\u00e9s de la visita a Guatemala de Navi Pillay, su predecesora como Alta Comisionada de derechos humanos, las profundas brechas sociales que se hab\u00edan denunciado siguen existiendo en el pa\u00eds, declar\u00f3 este domingo Zeid Ra&#8217;ad Al Hussein.<\/p>\n<p>Cerca de 83% de la poblaci\u00f3n conoce la pobreza absoluta o extrema, y por lo menos 20% de los guatemaltecos son analfabetos, inform\u00f3 el Alto Comisionado de derechos humanos en un comunicado publicado al concluir su visita de dos d\u00edas en el pa\u00eds.<\/p>\n<p>Una peque\u00f1a minor\u00eda, que concentra el poder econ\u00f3mico y pol\u00edtico, vive en un Guatemala \u00abmoderno y funcional\u00bb. Pero la gran mayor\u00eda del pueblo, y particularmente las mujeres, los ind\u00edgenas, afrodescendientes, migrantes y personas con discapacidad sufren no solamente de la pobreza, sino tambi\u00e9n de la discriminaci\u00f3n, la impunidad, la corrupci\u00f3n y las violaciones de derechos humanos, afirm\u00f3.<\/p>\n<p>Respetar los derechos de los pueblos ind\u00edgenas<\/p>\n<p>Tras su encuentro con autoridades Mayas, Xincas y Gar\u00edfunas as\u00ed como con organizaciones ind\u00edgenas en Solol\u00e1, a unos 140 kil\u00f3metros de la capital, el Alto Comisionado demostr\u00f3 preocupaci\u00f3n por el atropello de los derechos de esos pueblos, en particular por los desalojos y desplazamientos forzados que han sufrido.<\/p>\n<p>En una reuni\u00f3n con el sector privado, hizo hincapi\u00e9 en que la explotaci\u00f3n de los recursos naturales no puede afectar negativamente los derechos humanos y ambientales.<\/p>\n<p>Zeid exhort\u00f3 al Estado a garantizar que los ind\u00edgenas sean plenamente consultados y puedan participar en cualquier decisi\u00f3n que les afecte.<\/p>\n<p>\u201cLas y los representantes de los pueblos ind\u00edgenas destacaron que no se oponen al desarrollo sino a quienes explotan su tierra bajo el pretexto del desarrollo\u201d, asever\u00f3.<\/p>\n<p>\u201cUna sociedad civil impresionante y vibrante\u201d<\/p>\n<p>Para el Alto Comisionado, es esperanzador ver que varios movimientos sociales buscan luchar contra la corrupci\u00f3n y a la impunidad.<\/p>\n<p>Sin embargo, muestra preocupaci\u00f3n por las amenazas e intimidaciones que reciben los jueces que trabajan en casos de alto impacto. \u201cLas y los jueces deben poder trabajar libres de presiones indebidas\u201d, insisti\u00f3.<\/p>\n<p>Zeid expres\u00f3 su pleno apoyo al Procurador de los Derechos Humanos y resalt\u00f3 la importancia del nombramiento del o de la nueva Fiscal General esperado en mayo de 2018.<\/p>\n<p>El trabajo del Ministerio P\u00fablico, bajo el liderazgo de la actual fiscal Thelma Aldana, y en colaboraci\u00f3n con la Comisi\u00f3n Internacional contra la Impunidad en Guatemala (CICIG), ha sido crucial para avanzar en las investigaciones y en el procesamiento de casos de corrupci\u00f3n de alto impacto, afirm\u00f3.<\/p>\n<p>Grandes desaf\u00edos para alcanzar los Objetivos de Desarrollo Sostenible 2030<\/p>\n<p>Zeid destac\u00f3 que 46.5% de los ni\u00f1os sufren desnutrici\u00f3n cr\u00f3nica en Guatemala, lo que afecta no solamente su salud sino tambi\u00e9n sus oportunidades de vida. Clasificado en el lugar 125 en el \u00faltimo \u00cdndice de Desarrollo Humano del Programa de las Naciones Unidas para el Desarrollo (PNUD), Guatemala enfrenta grandes retos para alcanzar los Objetivos de Desarrollo Sostenible planteados en la Agenda 2030.<\/p>\n<p>El sector de la salud, en particular, que solo recibe 3.15% del PIB, sufre de una inversi\u00f3n muy baja. El \u00faltimo Informe Nacional de Desarrollo Humano indica que a pesar de ser de gran importancia en la vida de los m\u00e1s pobres, los servicios p\u00fablicos de salud se caracterizan por una calidad de atenci\u00f3n precaria.<\/p>\n<blockquote><p>Zeid inst\u00f3 al Estado a trabajar para \u201cterminar con la discriminaci\u00f3n y hacer que la igualdad sea una realidad para todas las personas\u201d.<\/p><\/blockquote>\n<p><a href=\"http:\/\/www.un.org\/spanish\/News\/story.asp?NewsID=38459\">Noticias ONU<\/a><\/p>\n","protected":false},"excerpt":{"rendered":"<p>Cinco a\u00f1os despu\u00e9s de la visita a Guatemala de Navi  [&#8230;]<\/p>\n","protected":false},"author":34,"featured_media":16063,"comment_status":"closed","ping_status":"closed","sticky":false,"template":"","format":"standard","meta":{"_et_pb_use_builder":"","_et_pb_old_content":"","_et_gb_content_width":"","footnotes":""},"categories":[19],"tags":[],"class_list":["post-16061","post","type-post","status-publish","format-standard","has-post-thumbnail","hentry","category-peace-and-justice"],"_links":{"self":[{"href":"https:\/\/www.un.org\/sustainabledevelopment\/es\/wp-json\/wp\/v2\/posts\/16061","targetHints":{"allow":["GET"]}}],"collection":[{"href":"https:\/\/www.un.org\/sustainabledevelopment\/es\/wp-json\/wp\/v2\/posts"}],"about":[{"href":"https:\/\/www.un.org\/sustainabledevelopment\/es\/wp-json\/wp\/v2\/types\/post"}],"author":[{"embeddable":true,"href":"https:\/\/www.un.org\/sustainabledevelopment\/es\/wp-json\/wp\/v2\/users\/34"}],"replies":[{"embeddable":true,"href":"https:\/\/www.un.org\/sustainabledevelopment\/es\/wp-json\/wp\/v2\/comments?post=16061"}],"version-history":[{"count":0,"href":"https:\/\/www.un.org\/sustainabledevelopment\/es\/wp-json\/wp\/v2\/posts\/16061\/revisions"}],"wp:featuredmedia":[{"embeddable":true,"href":"https:\/\/www.un.org\/sustainabledevelopment\/es\/wp-json\/wp\/v2\/media\/16063"}],"wp:attachment":[{"href":"https:\/\/www.un.org\/sustainabledevelopment\/es\/wp-json\/wp\/v2\/media?parent=16061"}],"wp:term":[{"taxonomy":"category","embeddable":true,"href":"https:\/\/www.un.org\/sustainabledevelopment\/es\/wp-json\/wp\/v2\/categories?post=16061"},{"taxonomy":"post_tag","embeddable":true,"href":"https:\/\/www.un.org\/sustainabledevelopment\/es\/wp-json\/wp\/v2\/tags?post=16061"}],"curies":[{"name":"wp","href":"https:\/\/api.w.org\/{rel}","templated":true}]}}