  {"id":16041,"date":"2017-11-17T15:03:53","date_gmt":"2017-11-17T20:03:53","guid":{"rendered":"http:\/\/www.un.org\/sustainabledevelopment\/es\/?p=16041"},"modified":"2017-11-17T15:03:53","modified_gmt":"2017-11-17T20:03:53","slug":"una-veintena-de-paises-anuncian-una-alianza-contra-el-carbon","status":"publish","type":"post","link":"https:\/\/www.un.org\/sustainabledevelopment\/es\/2017\/11\/una-veintena-de-paises-anuncian-una-alianza-contra-el-carbon\/","title":{"rendered":"Una veintena de pa\u00edses anuncian una alianza contra el carb\u00f3n"},"content":{"rendered":"<p>La Cumbre del Clima de Bonn ha reunido durante las \u00faltimos dos semanas a cerca de 25.000 personas de unos 200 pa\u00edses. El objetivo era analizar la letra peque\u00f1a del Acuerdo de Par\u00eds. De la cumbre, salen algunos compromisos concretos. Canad\u00e1 y Reino Unido lanzaron este jueves una alianza para pedir a los pa\u00edses que establezcan un calendario de cierre de sus centrales de carb\u00f3n, el combustible f\u00f3sil que m\u00e1s contribuye al cambio clim\u00e1tico. <\/p>\n<p>A alianza se suman tambi\u00e9n Angola, Austria, B\u00e9lgica, Costa Rica, Dinamarca, Fiyi, Finlandia, Francia, Italia, Luxemburgo, Islas Marshall, M\u00e9xico, Holanda, Nueva Zelanda, Portugal, y Suiza. Y el objetivo es llegar a la pr\u00f3xima cumbre del clima de Katowice (Polonia) con al menos 50 pa\u00edses en la plataforma.<\/p>\n<p>El carb\u00f3n genera el 40 % de la electricidad en el mundo, pero que es \u00abuna de las mayores fuentes de contaminaci\u00f3n, y de problemas para la salud de las personas\u00bb, dijo al hacer el anuncio la ministra de Medio Ambiente y Cambio Clim\u00e1tico de Canad\u00e1, Catherine McKenna.<\/p>\n<p>La creaci\u00f3n de alianzas de pa\u00edses es para clave para Jose Luis Samaniego, Director de la Divisi\u00f3n de Desarrollo Sostenible de la Comisi\u00f3n Econ\u00f3mica para Am\u00e9rica y el Caribe (CEPAL). \u201cEl gran reto es lograr trabajar con los mejores ejemplos regionales y hacer grandes grupos de pa\u00edses que favorezcan el cambio\u201d, explica en una entrevista con Noticias ONU. <\/p>\n<p>Samaniego cree que en Am\u00e9rica Latina se lograr\u00edan m\u00e1s avances si se abordara el cambio clim\u00e1tico como regi\u00f3n y no pa\u00eds a pa\u00eds. <\/p>\n<blockquote><p>\u201cPor ejemplo comparar metodolog\u00edas es mejor hacerlo a nivel regional y permite que los pa\u00edses aprendan m\u00e1s r\u00e1pido. Alcanzar un est\u00e1ndar de contabilidad o medici\u00f3n tambi\u00e9n es un esfuerzo que funciona mejor regionalmente que yendo pa\u00eds por pa\u00eds, porque acabas no teniendo datos comparables\u201d, explica.<\/p><\/blockquote>\n<p>Considera que el mayor reto de la regi\u00f3n es generar una mentalidad coherente en torno a los nuevos requerimientos del desarrollo. <\/p>\n<blockquote><p>\u201cY ah\u00ed tenemos el problema no s\u00f3lo del cambio clim\u00e1tico, sino de la Agenda 2030 y no todos los objetivos son compatibles entre s\u00ed, en el sentido de que una tasa de crecimiento alta puede favorecer las emisiones y una tasa que no sea suficientemente alta no te resuelve los problemas del empleo\u201d, remarca. \u201cTienes que lograr el punto donde ambas pol\u00edticas se encuentran. Tienes que lograr que la pol\u00edtica clim\u00e1tica se convierta en una pol\u00edtica de desarrollo, que mejore en todos los campos: empleo, crecimiento, genere diversificaci\u00f3n productiva y proteja tus divisas\u201d. <\/p><\/blockquote>\n<p>\u00bfC\u00f3mo se logra esto? \u201cCon una combinaci\u00f3n de, por ejemplo, mayor absorci\u00f3n de energ\u00edas renovables, mayor penetraci\u00f3n de veh\u00edculos de transporte el\u00e9ctricos a escala masiva, pero junto con una pol\u00edtica industrial que te permita fabricar regionalmente los componentes de esos nuevos sectores industriales. Ah\u00ed estar\u00edas combinando, protecci\u00f3n de divisas, protecci\u00f3n de empleo y un motor nuevo para el desarrollo con protecci\u00f3n del clima\u201d. <\/p>\n<p>Samaniego insiste en que las alianzas hacen ver a los pa\u00edses reticentes que no es imposible reproducir pol\u00edticas comparables. <\/p>\n<p><a href=\"http:\/\/www.un.org\/spanish\/News\/story.asp?NewsID=38454\">Noticias ONU<\/a><\/p>\n","protected":false},"excerpt":{"rendered":"<p>La Cumbre del Clima de Bonn ha reunido durante las  [&#8230;]<\/p>\n","protected":false},"author":34,"featured_media":8019,"comment_status":"closed","ping_status":"closed","sticky":false,"template":"","format":"standard","meta":{"_et_pb_use_builder":"","_et_pb_old_content":"","_et_gb_content_width":"","footnotes":""},"categories":[5],"tags":[],"class_list":["post-16041","post","type-post","status-publish","format-standard","has-post-thumbnail","hentry","category-climate-change"],"_links":{"self":[{"href":"https:\/\/www.un.org\/sustainabledevelopment\/es\/wp-json\/wp\/v2\/posts\/16041","targetHints":{"allow":["GET"]}}],"collection":[{"href":"https:\/\/www.un.org\/sustainabledevelopment\/es\/wp-json\/wp\/v2\/posts"}],"about":[{"href":"https:\/\/www.un.org\/sustainabledevelopment\/es\/wp-json\/wp\/v2\/types\/post"}],"author":[{"embeddable":true,"href":"https:\/\/www.un.org\/sustainabledevelopment\/es\/wp-json\/wp\/v2\/users\/34"}],"replies":[{"embeddable":true,"href":"https:\/\/www.un.org\/sustainabledevelopment\/es\/wp-json\/wp\/v2\/comments?post=16041"}],"version-history":[{"count":0,"href":"https:\/\/www.un.org\/sustainabledevelopment\/es\/wp-json\/wp\/v2\/posts\/16041\/revisions"}],"wp:featuredmedia":[{"embeddable":true,"href":"https:\/\/www.un.org\/sustainabledevelopment\/es\/wp-json\/wp\/v2\/media\/8019"}],"wp:attachment":[{"href":"https:\/\/www.un.org\/sustainabledevelopment\/es\/wp-json\/wp\/v2\/media?parent=16041"}],"wp:term":[{"taxonomy":"category","embeddable":true,"href":"https:\/\/www.un.org\/sustainabledevelopment\/es\/wp-json\/wp\/v2\/categories?post=16041"},{"taxonomy":"post_tag","embeddable":true,"href":"https:\/\/www.un.org\/sustainabledevelopment\/es\/wp-json\/wp\/v2\/tags?post=16041"}],"curies":[{"name":"wp","href":"https:\/\/api.w.org\/{rel}","templated":true}]}}