  {"id":1516,"date":"2015-04-01T09:23:52","date_gmt":"2015-04-01T13:23:52","guid":{"rendered":"http:\/\/www.un.org\/sustainabledevelopment\/es\/?p=1516"},"modified":"2017-11-13T16:03:06","modified_gmt":"2017-11-13T21:03:06","slug":"la-fao-presenta-estrategia-para-erradicar-peste-de-cabras-y-ovejas","status":"publish","type":"post","link":"https:\/\/www.un.org\/sustainabledevelopment\/es\/2015\/04\/la-fao-presenta-estrategia-para-erradicar-peste-de-cabras-y-ovejas\/","title":{"rendered":"La FAO presenta estrategia para erradicar peste de cabras y ovejas"},"content":{"rendered":"<p>31 de marzo de 2015 \u2014 La FAO y la Organizaci\u00f3n Mundial de Sanidad Animal (OIE) presentaron hoy una estrategia para la erradicaci\u00f3n total de la peste de los peque\u00f1os rumiantes (PPR) en 2030 durante una conferencia internacional en Abiy\u00e1n, capital de Cote d&#8217;Ivoire.<\/p>\n<p>Con este plan el mundo podr\u00e1 acabar definitivamente con una devastadora plaga que sufren cabras y ovejas, liberando a cientos de millones de familias rurales de una de las principales amenazas para su seguridad alimentaria y sus medios de subsistencia.<\/p>\n<p>En un comunicado la FAO dijo que esta dolencia se ha expandido r\u00e1pidamente en los \u00faltimos 15 a\u00f1os y est\u00e1 presente en alrededor de 70 pa\u00edses. Si los reba\u00f1os no son vacunados, hasta el 90 por ciento de los animales infectados pueden morir.<\/p>\n<blockquote><p>\u00abSi podemos proteger a los peque\u00f1os rumiantes, protegemos a millones de peque\u00f1as comunidades en todo el mundo\u00bb, explica Juan Luborth, veterinario en jefe de la FAO.<\/p><\/blockquote>\n<p>Hasta ahora, la peste bovina es la \u00fanica enfermedad animal que se ha logrado erradicar. La FAO y la OIE lideraron la campa\u00f1a y lograron que esta catastr\u00f3fica plaga del ganado vacuno, causa de hambrunas y del colapso de imperios, se declarara definitivamente extinguida en 2011.<\/p>\n<p>Seg\u00fan la FAO hay 2.100 millones de peque\u00f1os rumiantes en todo el mundo y esta enfermedad, que provoca fiebre alta y colapso respiratorio, genera p\u00e9rdidas globales anuales de entre 1.450 y 2.100 millones de d\u00f3lares.<\/p>\n<p><a href=\"http:\/\/www.un.org\/spanish\/News\/story.asp?NewsID=32026\" title=\"La FAO presenta estrategia para erradicar peste de cabras y ovejas\" target=\"_blank\">Centro de noticias de la ONU<\/a><\/p>\n","protected":false},"excerpt":{"rendered":"<p>31 de marzo de 2015 \u2014 La FAO y la  [&#8230;]<\/p>\n","protected":false},"author":37,"featured_media":1521,"comment_status":"closed","ping_status":"closed","sticky":false,"template":"","format":"standard","meta":{"_et_pb_use_builder":"","_et_pb_old_content":"","_et_gb_content_width":"","footnotes":""},"categories":[41,16],"tags":[],"class_list":["post-1516","post","type-post","status-publish","format-standard","has-post-thumbnail","hentry","category-agricultura-y-medios-de-vida","category-news"],"_links":{"self":[{"href":"https:\/\/www.un.org\/sustainabledevelopment\/es\/wp-json\/wp\/v2\/posts\/1516","targetHints":{"allow":["GET"]}}],"collection":[{"href":"https:\/\/www.un.org\/sustainabledevelopment\/es\/wp-json\/wp\/v2\/posts"}],"about":[{"href":"https:\/\/www.un.org\/sustainabledevelopment\/es\/wp-json\/wp\/v2\/types\/post"}],"author":[{"embeddable":true,"href":"https:\/\/www.un.org\/sustainabledevelopment\/es\/wp-json\/wp\/v2\/users\/37"}],"replies":[{"embeddable":true,"href":"https:\/\/www.un.org\/sustainabledevelopment\/es\/wp-json\/wp\/v2\/comments?post=1516"}],"version-history":[{"count":0,"href":"https:\/\/www.un.org\/sustainabledevelopment\/es\/wp-json\/wp\/v2\/posts\/1516\/revisions"}],"wp:featuredmedia":[{"embeddable":true,"href":"https:\/\/www.un.org\/sustainabledevelopment\/es\/wp-json\/wp\/v2\/media\/1521"}],"wp:attachment":[{"href":"https:\/\/www.un.org\/sustainabledevelopment\/es\/wp-json\/wp\/v2\/media?parent=1516"}],"wp:term":[{"taxonomy":"category","embeddable":true,"href":"https:\/\/www.un.org\/sustainabledevelopment\/es\/wp-json\/wp\/v2\/categories?post=1516"},{"taxonomy":"post_tag","embeddable":true,"href":"https:\/\/www.un.org\/sustainabledevelopment\/es\/wp-json\/wp\/v2\/tags?post=1516"}],"curies":[{"name":"wp","href":"https:\/\/api.w.org\/{rel}","templated":true}]}}