  {"id":1497,"date":"2015-03-31T15:34:16","date_gmt":"2015-03-31T19:34:16","guid":{"rendered":"http:\/\/www.un.org\/sustainabledevelopment\/es\/?p=1497"},"modified":"2017-11-13T16:03:06","modified_gmt":"2017-11-13T21:03:06","slug":"ecosoc-y-la-oit-auspician-discusion-de-alto-nivel-sobre-el-trabajo-decente","status":"publish","type":"post","link":"https:\/\/www.un.org\/sustainabledevelopment\/es\/2015\/03\/ecosoc-y-la-oit-auspician-discusion-de-alto-nivel-sobre-el-trabajo-decente\/","title":{"rendered":"ECOSOC y la OIT auspician discusi\u00f3n de alto nivel sobre el trabajo decente"},"content":{"rendered":"<p>30 de marzo de 2015 \u2014 El Consejo Econ\u00f3mico y Social de la ONU (ECOSOC) y la Organizaci\u00f3n Internacional del Trabajo (OIT) auspician un foro internacional de alto nivel para debatir estrategias de trabajo decente para todos.<\/p>\n<p>La sesi\u00f3n tiene lugar en la sede de Naciones Unidas en Nueva York desde hoy hasta el mi\u00e9rcoles pr\u00f3ximo.<\/p>\n<p>El encuentro reconoce el desaf\u00edo que representan los 202 millones de desempleados en el mundo, as\u00ed como uno de cada tres trabajadores perciba un salario de menos de dos d\u00f3lares diarios. <\/p>\n<p>El director general de la OIT subray\u00f3 la importancia de encontrar estrategias que generen empleos con ingresos y condiciones dignas para los trabajadores como motor del desarrollo.<\/p>\n<blockquote><p>\u00abLa din\u00e1mica actual de los mercados laborales desaf\u00eda nuestra capacidad de garantizar la creaci\u00f3n de trabajos decentes, lo cual es cr\u00edtico porque generar suficientes trabajos de calidad es central para el desarrollo sustentable\u00bb, dijo Guy Ryder, director general de la OIT.<\/p><\/blockquote>\n<p>Por su parte, el vicepresidente de ECOSOC, Vladimir Drobnjak, se\u00f1al\u00f3 que los esquemas actuales de protecci\u00f3n social se han quedado cortos para proteger a grupos vulnerables como trabajadores j\u00f3venes, de ingresos bajos, personas mayores o con discapacidades, ind\u00edgenas, migrantes y trabajadores de la econom\u00eda informal. <\/p>\n<p>Entre los participantes en la reuni\u00f3n se cuentan el presidente de Tanzania, Jakaya Kikete; el primer ministro sueco, Stefan L\u00f6fven; el primer ministro de Bahamas, Perry Gladstone Christie; y el premio Nobel de econom\u00eda, Joseph Stiglitz.<\/p>\n<p><a href=\"http:\/\/www.un.org\/spanish\/News\/story.asp?NewsID=32015\" title=\"ECOSOC y OIT auspician discusi\u00f3n de alto nivel sobre trabajo decente\">Centro de noticias de la ONU<\/a><\/p>\n","protected":false},"excerpt":{"rendered":"<p>30 de marzo de 2015 \u2014 El Consejo Econ\u00f3mico y  [&#8230;]<\/p>\n","protected":false},"author":37,"featured_media":1501,"comment_status":"closed","ping_status":"closed","sticky":false,"template":"","format":"standard","meta":{"_et_pb_use_builder":"","_et_pb_old_content":"","_et_gb_content_width":"","footnotes":""},"categories":[6,16,33],"tags":[],"class_list":["post-1497","post","type-post","status-publish","format-standard","has-post-thumbnail","hentry","category-economic-growth","category-news","category-programa-de-desarrollo-sostenible"],"_links":{"self":[{"href":"https:\/\/www.un.org\/sustainabledevelopment\/es\/wp-json\/wp\/v2\/posts\/1497","targetHints":{"allow":["GET"]}}],"collection":[{"href":"https:\/\/www.un.org\/sustainabledevelopment\/es\/wp-json\/wp\/v2\/posts"}],"about":[{"href":"https:\/\/www.un.org\/sustainabledevelopment\/es\/wp-json\/wp\/v2\/types\/post"}],"author":[{"embeddable":true,"href":"https:\/\/www.un.org\/sustainabledevelopment\/es\/wp-json\/wp\/v2\/users\/37"}],"replies":[{"embeddable":true,"href":"https:\/\/www.un.org\/sustainabledevelopment\/es\/wp-json\/wp\/v2\/comments?post=1497"}],"version-history":[{"count":0,"href":"https:\/\/www.un.org\/sustainabledevelopment\/es\/wp-json\/wp\/v2\/posts\/1497\/revisions"}],"wp:featuredmedia":[{"embeddable":true,"href":"https:\/\/www.un.org\/sustainabledevelopment\/es\/wp-json\/wp\/v2\/media\/1501"}],"wp:attachment":[{"href":"https:\/\/www.un.org\/sustainabledevelopment\/es\/wp-json\/wp\/v2\/media?parent=1497"}],"wp:term":[{"taxonomy":"category","embeddable":true,"href":"https:\/\/www.un.org\/sustainabledevelopment\/es\/wp-json\/wp\/v2\/categories?post=1497"},{"taxonomy":"post_tag","embeddable":true,"href":"https:\/\/www.un.org\/sustainabledevelopment\/es\/wp-json\/wp\/v2\/tags?post=1497"}],"curies":[{"name":"wp","href":"https:\/\/api.w.org\/{rel}","templated":true}]}}