  {"id":11933,"date":"2017-11-08T15:07:10","date_gmt":"2017-11-08T20:07:10","guid":{"rendered":"http:\/\/www.un.org\/sustainabledevelopment\/es\/?p=11933"},"modified":"2017-11-13T15:59:26","modified_gmt":"2017-11-13T20:59:26","slug":"brasil-expertos-de-la-onu-piden-accion-gubernamental-en-la-lucha-contra-esclavitud-moderna","status":"publish","type":"post","link":"https:\/\/www.un.org\/sustainabledevelopment\/es\/2017\/11\/brasil-expertos-de-la-onu-piden-accion-gubernamental-en-la-lucha-contra-esclavitud-moderna\/","title":{"rendered":"Brasil: Expertos de la ONU piden acci\u00f3n gubernamental en la lucha contra esclavitud moderna"},"content":{"rendered":"<p>Un grupo de expertos de la ONU en derechos humanos pidi\u00f3 hoy al gobierno de Brasil que adopte medidas urgentes para detener una serie de normas que reducir\u00edan la protecci\u00f3n de las personas contra la esclavitud moderna y debilitar\u00eda las regulaciones de las empresas.<\/p>\n<p>La relatora especial sobre las formas contempor\u00e1neas de esclavitud, Urmila Bhoola, destac\u00f3 su preocupaci\u00f3n por la orden ministerial 1129 que limita la definici\u00f3n de esclavitud moderna y podr\u00eda hacer rebajar el n\u00famero de v\u00edctimas detectadas. <\/p>\n<p>Seg\u00fan la experta, esta medida representar\u00eda \u201cun paso atr\u00e1s\u201d en la forma en que Brasil regula las empresas.<\/p>\n<p>Por su parte,Surya Deva, presidente del Grupo de Trabajo del a ONU sobre Derechos Humanos, Empresas Transnacionales y otras Empresas, destac\u00f3 iniciativas beneficiosas como la llamada \u201clista sucia\u201d, que informaba sobre empresarios que usaban mano de obra esclava, pero alert\u00f3 sobre un proyecto de ley del senado que debilita la definici\u00f3n de trabajo esclavo.<\/p>\n<p>Deva manifest\u00f3 adem\u00e1s su preocupaci\u00f3n por el recorte presupuestario que sufre la inspecci\u00f3n de trabajo dedicada a la localizaci\u00f3n de v\u00edctimas y eliminaci\u00f3n de la esclavitud.<\/p>\n<p>El grupo de expertos acogi\u00f3 con satisfacci\u00f3n la suspensi\u00f3n temporal de la orden ministerial por parte de un tribunal Supremo Federal.<\/p>\n<p><a href=\"http:\/\/www.un.org\/spanish\/News\/story.asp?NewsID=38400\" title=\"Brasil: Expertos de la ONU piden acci\u00f3n gubernamental en la lucha contra esclavitud moderna\">Noticias ONU<\/a><\/p>\n","protected":false},"excerpt":{"rendered":"<p>Un grupo de expertos de la ONU en derechos humanos  [&#8230;]<\/p>\n","protected":false},"author":34,"featured_media":11937,"comment_status":"closed","ping_status":"closed","sticky":false,"template":"","format":"standard","meta":{"_et_pb_use_builder":"","_et_pb_old_content":"","_et_gb_content_width":"","footnotes":""},"categories":[19],"tags":[],"class_list":["post-11933","post","type-post","status-publish","format-standard","has-post-thumbnail","hentry","category-peace-and-justice"],"_links":{"self":[{"href":"https:\/\/www.un.org\/sustainabledevelopment\/es\/wp-json\/wp\/v2\/posts\/11933","targetHints":{"allow":["GET"]}}],"collection":[{"href":"https:\/\/www.un.org\/sustainabledevelopment\/es\/wp-json\/wp\/v2\/posts"}],"about":[{"href":"https:\/\/www.un.org\/sustainabledevelopment\/es\/wp-json\/wp\/v2\/types\/post"}],"author":[{"embeddable":true,"href":"https:\/\/www.un.org\/sustainabledevelopment\/es\/wp-json\/wp\/v2\/users\/34"}],"replies":[{"embeddable":true,"href":"https:\/\/www.un.org\/sustainabledevelopment\/es\/wp-json\/wp\/v2\/comments?post=11933"}],"version-history":[{"count":0,"href":"https:\/\/www.un.org\/sustainabledevelopment\/es\/wp-json\/wp\/v2\/posts\/11933\/revisions"}],"wp:featuredmedia":[{"embeddable":true,"href":"https:\/\/www.un.org\/sustainabledevelopment\/es\/wp-json\/wp\/v2\/media\/11937"}],"wp:attachment":[{"href":"https:\/\/www.un.org\/sustainabledevelopment\/es\/wp-json\/wp\/v2\/media?parent=11933"}],"wp:term":[{"taxonomy":"category","embeddable":true,"href":"https:\/\/www.un.org\/sustainabledevelopment\/es\/wp-json\/wp\/v2\/categories?post=11933"},{"taxonomy":"post_tag","embeddable":true,"href":"https:\/\/www.un.org\/sustainabledevelopment\/es\/wp-json\/wp\/v2\/tags?post=11933"}],"curies":[{"name":"wp","href":"https:\/\/api.w.org\/{rel}","templated":true}]}}