  {"id":11563,"date":"2017-10-25T10:11:47","date_gmt":"2017-10-25T14:11:47","guid":{"rendered":"http:\/\/www.un.org\/sustainabledevelopment\/es\/?p=11563"},"modified":"2017-11-13T15:59:35","modified_gmt":"2017-11-13T20:59:35","slug":"zeid-pide-a-peru-que-priorice-los-derechos-humanos-en-sus-planes-de-desarrollo","status":"publish","type":"post","link":"https:\/\/www.un.org\/sustainabledevelopment\/es\/2017\/10\/zeid-pide-a-peru-que-priorice-los-derechos-humanos-en-sus-planes-de-desarrollo\/","title":{"rendered":"Zeid pide a Per\u00fa que priorice los derechos humanos en sus planes de desarrollo"},"content":{"rendered":"<p>Per\u00fa ha logrado grandes avances en la reducci\u00f3n de la pobreza, pero debe defender los derechos humanos para garantizar que su modelo econ\u00f3mico sea sostenible y beneficie a todos los peruanos, dijo el Alto Comisionado de las Naciones Unidas para los Derechos Humanos, Zeid Ra&#8217;ad Al Hussein, al concluir una visita de dos d\u00edas al pa\u00eds.<\/p>\n<p>\u00abCelebro los esfuerzos de Per\u00fa para luchar contra la pobreza y la exclusi\u00f3n, y sus progresos econ\u00f3micos son innegables. El pa\u00eds debe ahora consolidar tales avances, continuando con el fortalecimiento del estado de derecho y la protecci\u00f3n de los derechos humanos\u00bb, manifest\u00f3 Zeid, que se reuni\u00f3 con el Presidente Pedro Pablo Kuczynski, as\u00ed como con autoridades del Congreso y el Poder Judicial, representantes de la sociedad civil y del sector privado.<\/p>\n<p>Zeid se mostr\u00f3 preocupado por la corrupci\u00f3n en el pa\u00eds, pero dijo que \u201cPer\u00fa tiene una gran oportunidad para mejorar su situaci\u00f3n\u201d. Como ejemplo, destac\u00f3 que el gobierno est\u00e1 desarrollando un Plan Nacional de Acci\u00f3n en Derechos Humanos en el que pidi\u00f3 que participen todos los sectores de la sociedad <\/p>\n<p>El Alto Comisionado destac\u00f3 que en Per\u00fa hay docenas de conflictos sociales y protestas vinculados al uso que hacen los sectores mineros, petroleros y madereros de las tierras de los pueblos ind\u00edgenas. \u00abHablando con representantes de la sociedad civil, escuch\u00e9 una fuerte sensaci\u00f3n de injusticia al ver que las decisiones que afectan las tierras, las vidas y el futuro de los pueblos ind\u00edgenas son tomadas por otros\u00bb, dijo Zeid. <\/p>\n<p>En cuanto a la situaci\u00f3n de los defensores de los derechos humanos, Zeid pidi\u00f3 mayor protecci\u00f3n para ellos ya que \u201c\u00bbPer\u00fa no es una excepci\u00f3n a la tendencia en las Am\u00e9ricas\u201d de \u201chostigamiento, intimidaci\u00f3n y ataques alarmantes\u201d contra estos activistas. <\/p>\n<p>Tambi\u00e9n consider\u00f3 urgente poner en marcha el plan nacional para la b\u00fasqueda de personas desaparecidas entre 1980 y 2000, unos pasos \u201cvitales para ayudar a Per\u00fa a superar su doloroso pasado de sufrimiento y derramamiento de sangre\u201d. El Alto Comisionado denunci\u00f3 que las recomendaciones realizadas hace m\u00e1s de una d\u00e9cada atr\u00e1s por la Comisi\u00f3n de la Verdad y la Reconciliaci\u00f3n \u201cse hayan implementado de manera insuficiente\u00bb y dijo que es \u201cprofundamente preocupante el alto nivel de impunidad por las violaciones cometidas durante este periodo\u201d. <\/p>\n<p>Zeid tambi\u00e9n coment\u00f3 la posibilidad de un indulto presidencial para el expresidente Alberto Fujimori, quien fue sentenciado en 2009 a 25 a\u00f1os de prisi\u00f3n por serias violaciones a los derechos humanos. El Alto Comisionado record\u00f3 que \u201cFujimori fue condenado por delitos que constituyen cr\u00edmenes contra la humanidad\u201d y pidi\u00f3 que se involucre a la comunidad internacional en esta decisi\u00f3n. <\/p>\n<p>Zeid est\u00e1 desde este mi\u00e9rcoles en Uruguay, donde tambi\u00e9n se reunir\u00e1 con el presidente Tabar\u00e9 V\u00e1zquez, ministros del gabinete, los presidentes del Congreso y del Poder Judicial, y con representantes de la sociedad civil.<\/p>\n<p><a href=\"http:\/\/www.un.org\/spanish\/News\/story.asp?NewsID=38315\" title=\"Zeid pide a Per\u00fa que priorice los derechos humanos en sus planes de desarrollo\">Noticias ONU<\/a><\/p>\n","protected":false},"excerpt":{"rendered":"<p>Per\u00fa ha logrado grandes avances en la reducci\u00f3n de la  [&#8230;]<\/p>\n","protected":false},"author":34,"featured_media":11566,"comment_status":"closed","ping_status":"closed","sticky":false,"template":"","format":"standard","meta":{"_et_pb_use_builder":"","_et_pb_old_content":"","_et_gb_content_width":"","footnotes":""},"categories":[19],"tags":[],"class_list":["post-11563","post","type-post","status-publish","format-standard","has-post-thumbnail","hentry","category-peace-and-justice"],"_links":{"self":[{"href":"https:\/\/www.un.org\/sustainabledevelopment\/es\/wp-json\/wp\/v2\/posts\/11563","targetHints":{"allow":["GET"]}}],"collection":[{"href":"https:\/\/www.un.org\/sustainabledevelopment\/es\/wp-json\/wp\/v2\/posts"}],"about":[{"href":"https:\/\/www.un.org\/sustainabledevelopment\/es\/wp-json\/wp\/v2\/types\/post"}],"author":[{"embeddable":true,"href":"https:\/\/www.un.org\/sustainabledevelopment\/es\/wp-json\/wp\/v2\/users\/34"}],"replies":[{"embeddable":true,"href":"https:\/\/www.un.org\/sustainabledevelopment\/es\/wp-json\/wp\/v2\/comments?post=11563"}],"version-history":[{"count":0,"href":"https:\/\/www.un.org\/sustainabledevelopment\/es\/wp-json\/wp\/v2\/posts\/11563\/revisions"}],"wp:featuredmedia":[{"embeddable":true,"href":"https:\/\/www.un.org\/sustainabledevelopment\/es\/wp-json\/wp\/v2\/media\/11566"}],"wp:attachment":[{"href":"https:\/\/www.un.org\/sustainabledevelopment\/es\/wp-json\/wp\/v2\/media?parent=11563"}],"wp:term":[{"taxonomy":"category","embeddable":true,"href":"https:\/\/www.un.org\/sustainabledevelopment\/es\/wp-json\/wp\/v2\/categories?post=11563"},{"taxonomy":"post_tag","embeddable":true,"href":"https:\/\/www.un.org\/sustainabledevelopment\/es\/wp-json\/wp\/v2\/tags?post=11563"}],"curies":[{"name":"wp","href":"https:\/\/api.w.org\/{rel}","templated":true}]}}