  {"id":11311,"date":"2017-10-24T14:31:38","date_gmt":"2017-10-24T18:31:38","guid":{"rendered":"http:\/\/www.un.org\/sustainabledevelopment\/es\/?p=11311"},"modified":"2017-10-24T14:31:38","modified_gmt":"2017-10-24T18:31:38","slug":"dia-de-las-naciones-unidas-secretario-general-senala-que-se-necesita-voluntad-para-acabar-con-los-desafios-mundiales","status":"publish","type":"post","link":"https:\/\/www.un.org\/sustainabledevelopment\/es\/2017\/10\/dia-de-las-naciones-unidas-secretario-general-senala-que-se-necesita-voluntad-para-acabar-con-los-desafios-mundiales\/","title":{"rendered":"D\u00eda de las Naciones Unidas: Secretario General se\u00f1ala que se necesita \u00abvoluntad\u00bb para acabar con los desaf\u00edos mundiales"},"content":{"rendered":"<p>Este martes 24 de octubre la ONU conmemor\u00f3 de nuevo el D\u00eda de las Naciones Unidas y el Secretario General de la Organizaci\u00f3n se\u00f1al\u00f3 que las complicaciones mundiales se propagan m\u00e1s all\u00e1 de las fronteras<\/p>\n<p>El titular de la ONU, Ant\u00f3nio Guterres, quiso destacar en su mensaje de este a\u00f1o la multitud de retos a los que se enfrenta la humanidad. <\/p>\n<p>\u00abEl aumento de los conflictos y la desigualdad. El clima extremo y la intolerancia letal. Las amenazas a la seguridad, en especial las armas nucleares. Disponemos de los instrumentos y la riqueza necesarios para superar esos desaf\u00edos. Todo lo que necesitamos es la voluntad de hacerlo\u00bb, destac\u00f3.<\/p>\n<p>Guterres celebrar\u00e1 el d\u00eda de las Naciones Unidas junto a las fuerzas de paz de la ONU en la Rep\u00fablica Centroafricana. La visita del Secretario General supone una muestra de apoyo a las instituciones y al pueblo del pa\u00eds africano que sufre un grave deterioro de la situaci\u00f3n humanitaria desde principios de a\u00f1o.<\/p>\n<p>Asimismo, durante su alocuci\u00f3n el titular de la ONU destac\u00f3 que las complicaciones globales van m\u00e1s all\u00e1 de las fronteras.<\/p>\n<p>\u201cDebemos trascender nuestras diferencias para transformar nuestro futuro. Lograr los derechos humanos y la dignidad humana para todos permitir\u00e1 construir un mundo pac\u00edfico, sostenible y justo. En este D\u00eda de las Naciones Unidas, \u00abNosotros los pueblos\u00bb unamos nuestras fuerzas para hacer realidad este ideal\u201d, dijo Guterres.<\/p>\n<p><a href=\"http:\/\/www.un.org\/spanish\/News\/story.asp?NewsID=38307\">Noticias ONU<\/a><\/p>\n","protected":false},"excerpt":{"rendered":"<p>Este martes 24 de octubre la ONU conmemor\u00f3 de nuevo  [&#8230;]<\/p>\n","protected":false},"author":34,"featured_media":11317,"comment_status":"closed","ping_status":"closed","sticky":false,"template":"","format":"standard","meta":{"_et_pb_use_builder":"","_et_pb_old_content":"","_et_gb_content_width":"","footnotes":""},"categories":[16,31],"tags":[],"class_list":["post-11311","post","type-post","status-publish","format-standard","has-post-thumbnail","hentry","category-news","category-secretario-general"],"_links":{"self":[{"href":"https:\/\/www.un.org\/sustainabledevelopment\/es\/wp-json\/wp\/v2\/posts\/11311","targetHints":{"allow":["GET"]}}],"collection":[{"href":"https:\/\/www.un.org\/sustainabledevelopment\/es\/wp-json\/wp\/v2\/posts"}],"about":[{"href":"https:\/\/www.un.org\/sustainabledevelopment\/es\/wp-json\/wp\/v2\/types\/post"}],"author":[{"embeddable":true,"href":"https:\/\/www.un.org\/sustainabledevelopment\/es\/wp-json\/wp\/v2\/users\/34"}],"replies":[{"embeddable":true,"href":"https:\/\/www.un.org\/sustainabledevelopment\/es\/wp-json\/wp\/v2\/comments?post=11311"}],"version-history":[{"count":0,"href":"https:\/\/www.un.org\/sustainabledevelopment\/es\/wp-json\/wp\/v2\/posts\/11311\/revisions"}],"wp:featuredmedia":[{"embeddable":true,"href":"https:\/\/www.un.org\/sustainabledevelopment\/es\/wp-json\/wp\/v2\/media\/11317"}],"wp:attachment":[{"href":"https:\/\/www.un.org\/sustainabledevelopment\/es\/wp-json\/wp\/v2\/media?parent=11311"}],"wp:term":[{"taxonomy":"category","embeddable":true,"href":"https:\/\/www.un.org\/sustainabledevelopment\/es\/wp-json\/wp\/v2\/categories?post=11311"},{"taxonomy":"post_tag","embeddable":true,"href":"https:\/\/www.un.org\/sustainabledevelopment\/es\/wp-json\/wp\/v2\/tags?post=11311"}],"curies":[{"name":"wp","href":"https:\/\/api.w.org\/{rel}","templated":true}]}}