  {"id":11198,"date":"2017-10-17T14:45:10","date_gmt":"2017-10-17T18:45:10","guid":{"rendered":"http:\/\/www.un.org\/sustainabledevelopment\/es\/?p=11198"},"modified":"2017-11-13T15:59:37","modified_gmt":"2017-11-13T20:59:37","slug":"30-anos-de-lucha-contra-la-pobreza-con-resultados","status":"publish","type":"post","link":"https:\/\/www.un.org\/sustainabledevelopment\/es\/2017\/10\/30-anos-de-lucha-contra-la-pobreza-con-resultados\/","title":{"rendered":"30 a\u00f1os de lucha contra la pobreza (con resultados)"},"content":{"rendered":"<p>Cada 17 de octubre se celebra el D\u00eda de Erradicaci\u00f3n de la Pobreza. Aunque cerca de 800 millones de personas a\u00fan viven en la pobreza extrema, la ONU resalta que no es un problema sin soluci\u00f3n.<\/p>\n<p>Hace 30 a\u00f1os, el 17 de octubre de 1987, el sacerdote Joseph Wresinski, fundador del Movimiento por los derechos humanos ATD Cuarto Mundo convoc\u00f3 una marcha contra la pobreza en la plaza del Trocadero, en Par\u00eds a la que asistieron 100.000 personas. Esta protesta sirvi\u00f3 de base para la pol\u00edtica de lucha por un mundo menos desigual.<\/p>\n<p>Cinco a\u00f1os despu\u00e9s, la Asamblea General de la ONU decidi\u00f3 hacer esta celebraci\u00f3n oficial y nombr\u00f3 el D\u00eda Internacional para la Erradicaci\u00f3n de la Pobreza.<\/p>\n<p>Aunque 767 millones de personas siguen viviendo en la pobreza extrema, en los \u00faltimos a\u00f1os se han conseguido importantes avances. En 1999 esa cifra era de 1.700 millones, un 28% la poblaci\u00f3n mundial, frente al 11% actual.<\/p>\n<p>El PNUD asegura que 250.000 personas salen de la pobreza cada d\u00eda.<\/p>\n<p>La ONU considera que la pobreza no es solo una cuesti\u00f3n econ\u00f3mica, falta de ingresos. Es tambi\u00e9n la falta de acceso a educaci\u00f3n o sanidad de calidad. Por eso, la Agenda 2030 para el Desarrollo Sostenible  fija la erradicaci\u00f3n de la miseria como el objetivo n\u00famero uno, pero incluye otros 16 que garantizan todos los derechos humanos y aseguran que no se deje a nadie atr\u00e1s.<\/p>\n<p>El Secretario General de la ONU, en un video mensaje, dice que esta agenda permitir\u00e1 tomar un rumbo diferente y requerir\u00e1 estrategias innovadoras y alianzas. \u00abEsto significa abordar las causas de ra\u00edz de la pobreza para erradicarla por completo, significa escuchar las opiniones y seguir la orientaci\u00f3n de las personas que viven en la pobreza para actuar junto a ellas\u00bb, asegura Guterres.<\/p>\n<p>En Am\u00e9rica latina, una de cada tres personas que han salido de la pobreza en los \u00faltimos a\u00f1os est\u00e1 en riesgo de volver a caer, seg\u00fan cifras del PNUD.<\/p>\n<p><a href=\"http:\/\/www.un.org\/spanish\/News\/story.asp?NewsID=38267\">Noticias ONU<\/a><\/p>\n","protected":false},"excerpt":{"rendered":"<p>Cada 17 de octubre se celebra el D\u00eda de Erradicaci\u00f3n  [&#8230;]<\/p>\n","protected":false},"author":34,"featured_media":11202,"comment_status":"closed","ping_status":"closed","sticky":false,"template":"","format":"standard","meta":{"_et_pb_use_builder":"","_et_pb_old_content":"","_et_gb_content_width":"","footnotes":""},"categories":[7,16,20],"tags":[],"class_list":["post-11198","post","type-post","status-publish","format-standard","has-post-thumbnail","hentry","category-education","category-news","category-poverty"],"_links":{"self":[{"href":"https:\/\/www.un.org\/sustainabledevelopment\/es\/wp-json\/wp\/v2\/posts\/11198","targetHints":{"allow":["GET"]}}],"collection":[{"href":"https:\/\/www.un.org\/sustainabledevelopment\/es\/wp-json\/wp\/v2\/posts"}],"about":[{"href":"https:\/\/www.un.org\/sustainabledevelopment\/es\/wp-json\/wp\/v2\/types\/post"}],"author":[{"embeddable":true,"href":"https:\/\/www.un.org\/sustainabledevelopment\/es\/wp-json\/wp\/v2\/users\/34"}],"replies":[{"embeddable":true,"href":"https:\/\/www.un.org\/sustainabledevelopment\/es\/wp-json\/wp\/v2\/comments?post=11198"}],"version-history":[{"count":0,"href":"https:\/\/www.un.org\/sustainabledevelopment\/es\/wp-json\/wp\/v2\/posts\/11198\/revisions"}],"wp:featuredmedia":[{"embeddable":true,"href":"https:\/\/www.un.org\/sustainabledevelopment\/es\/wp-json\/wp\/v2\/media\/11202"}],"wp:attachment":[{"href":"https:\/\/www.un.org\/sustainabledevelopment\/es\/wp-json\/wp\/v2\/media?parent=11198"}],"wp:term":[{"taxonomy":"category","embeddable":true,"href":"https:\/\/www.un.org\/sustainabledevelopment\/es\/wp-json\/wp\/v2\/categories?post=11198"},{"taxonomy":"post_tag","embeddable":true,"href":"https:\/\/www.un.org\/sustainabledevelopment\/es\/wp-json\/wp\/v2\/tags?post=11198"}],"curies":[{"name":"wp","href":"https:\/\/api.w.org\/{rel}","templated":true}]}}