  {"id":11072,"date":"2017-10-05T14:03:07","date_gmt":"2017-10-05T18:03:07","guid":{"rendered":"http:\/\/www.un.org\/sustainabledevelopment\/es\/?p=11072"},"modified":"2017-11-13T15:59:40","modified_gmt":"2017-11-13T20:59:40","slug":"en-el-dia-mundial-de-los-docentes-la-onu-reclama-mejor-formacion-y-salarios-para-el-profesorado","status":"publish","type":"post","link":"https:\/\/www.un.org\/sustainabledevelopment\/es\/2017\/10\/en-el-dia-mundial-de-los-docentes-la-onu-reclama-mejor-formacion-y-salarios-para-el-profesorado\/","title":{"rendered":"En el D\u00eda Mundial de los Docentes, la ONU reclama mejor formaci\u00f3n y salarios para el profesorado"},"content":{"rendered":"<p> \u00abEnse\u00f1ar con autonom\u00eda empodera a los docentes\u00bb. Con este lema, se celebra este jueves el D\u00eda Mundial del Docente, reclamando formaci\u00f3n de calidad y salarios justos para los profesores de todo el mundo.<\/p>\n<p>En muchos pa\u00edses, la libertad acad\u00e9mica de los maestros se encuentra bajo presi\u00f3n, por ejemplo por la existencia de estrictos programas de evaluaci\u00f3n. Los profesores que trabajan en pa\u00edses y comunidades afectados por conflictos e inestabilidad suelen afrontar intolerancia, discriminaci\u00f3n y las limitaciones que de ello se derivan para la investigaci\u00f3n y la docencia.<\/p>\n<p>En un comunicado conjunto, los directores de la ±¬ÁÏÍøESCO, la OIT, ±¬ÁÏÍøICEF y el PNUD recuerdan que la funci\u00f3n de los profesores \u00abes fundamental para asentar la fortaleza de toda sociedad, puesto que brindan a los ni\u00f1os, j\u00f3venes y adultos los conocimientos y las competencias que necesitan para hacer realidad su potencial\u00bb.<\/p>\n<p>En el texto, piden a los gobiernos y el sector privado que se comprometan a lograr que los profesionales de la educaci\u00f3n est\u00e9n sumamente capacitados, valorados y empoderados. Ese es el camino para lograr el Objetivo de Desarrollo Sostenible 4, en el que se concibe un mundo en el que cada ni\u00f1a, ni\u00f1o, mujer y hombre tenga acceso a una educaci\u00f3n de calidad y a oportunidades de aprendizaje a lo largo de toda la vida.<\/p>\n<p>Para ello hay que garantizar unas condiciones de trabajo dignas y unos salarios justos a todos los docentes, incluidos los del nivel terciario; proporcionarles formaci\u00f3n y desarrollo profesional; aumentar el n\u00famero de docentes capacitados; eliminar las restricciones innecesarias para la investigaci\u00f3n y la docencia y defender la libertad acad\u00e9mica en todos los niveles educativos.<\/p>\n<p>&nbsp;<\/p>\n<p><a href=\"http:\/\/www.un.org\/spanish\/News\/story.asp?NewsID=38197\">Noticias ONU<\/a><\/p>\n","protected":false},"excerpt":{"rendered":"<p>\u00abEnse\u00f1ar con autonom\u00eda empodera a los docentes\u00bb. Con este lema,  [&#8230;]<\/p>\n","protected":false},"author":34,"featured_media":11076,"comment_status":"closed","ping_status":"closed","sticky":false,"template":"","format":"standard","meta":{"_et_pb_use_builder":"","_et_pb_old_content":"","_et_gb_content_width":"","footnotes":""},"categories":[7,16],"tags":[],"class_list":["post-11072","post","type-post","status-publish","format-standard","has-post-thumbnail","hentry","category-education","category-news"],"_links":{"self":[{"href":"https:\/\/www.un.org\/sustainabledevelopment\/es\/wp-json\/wp\/v2\/posts\/11072","targetHints":{"allow":["GET"]}}],"collection":[{"href":"https:\/\/www.un.org\/sustainabledevelopment\/es\/wp-json\/wp\/v2\/posts"}],"about":[{"href":"https:\/\/www.un.org\/sustainabledevelopment\/es\/wp-json\/wp\/v2\/types\/post"}],"author":[{"embeddable":true,"href":"https:\/\/www.un.org\/sustainabledevelopment\/es\/wp-json\/wp\/v2\/users\/34"}],"replies":[{"embeddable":true,"href":"https:\/\/www.un.org\/sustainabledevelopment\/es\/wp-json\/wp\/v2\/comments?post=11072"}],"version-history":[{"count":0,"href":"https:\/\/www.un.org\/sustainabledevelopment\/es\/wp-json\/wp\/v2\/posts\/11072\/revisions"}],"wp:featuredmedia":[{"embeddable":true,"href":"https:\/\/www.un.org\/sustainabledevelopment\/es\/wp-json\/wp\/v2\/media\/11076"}],"wp:attachment":[{"href":"https:\/\/www.un.org\/sustainabledevelopment\/es\/wp-json\/wp\/v2\/media?parent=11072"}],"wp:term":[{"taxonomy":"category","embeddable":true,"href":"https:\/\/www.un.org\/sustainabledevelopment\/es\/wp-json\/wp\/v2\/categories?post=11072"},{"taxonomy":"post_tag","embeddable":true,"href":"https:\/\/www.un.org\/sustainabledevelopment\/es\/wp-json\/wp\/v2\/tags?post=11072"}],"curies":[{"name":"wp","href":"https:\/\/api.w.org\/{rel}","templated":true}]}}