  {"id":10875,"date":"2017-09-19T11:59:38","date_gmt":"2017-09-19T15:59:38","guid":{"rendered":"http:\/\/www.un.org\/sustainabledevelopment\/es\/?p=10875"},"modified":"2017-11-13T15:59:42","modified_gmt":"2017-11-13T20:59:42","slug":"la-paz-y-la-prevencion-de-conflictos-han-de-focalizar-la-actividad-de-la-onu","status":"publish","type":"post","link":"https:\/\/www.un.org\/sustainabledevelopment\/es\/2017\/09\/la-paz-y-la-prevencion-de-conflictos-han-de-focalizar-la-actividad-de-la-onu\/","title":{"rendered":"La paz y la prevenci\u00f3n de conflictos han de focalizar la actividad de la ONU"},"content":{"rendered":"<p>La paz y la prevenci\u00f3n de conflictos, trabajar en favor de las personas y la prosperidad del planeta son los tres ejes centrales en los que se ha de centrar el 72\u00ba periodo de sesiones de la Asamblea General, indic\u00f3 Miroslav Lajc\u00e1k el Presidente del m\u00e1ximo \u00f3rgano de deliberaci\u00f3n de la ONU.<\/p>\n<p>Sin embargo, Lajc\u00e1k lanz\u00f3 un mensaje pesimista en su discurso de apertura del segmento de alto nivel de la Asamblea.<\/p>\n<p>\u201cMe gustar\u00eda poder indicar una larga lista de ejemplos exitosos de mediaci\u00f3n y prevenci\u00f3n que sirvieran para evitar conflictos. Preferir\u00eda hablar s\u00f3lo de las personas que emigran por elecci\u00f3n propia, no por desesperaci\u00f3n. Ser\u00eda estupendo felicitarlos por cumplir sus compromisos relacionados con el clima. Espero que alguien sea capaz de pronunciar un discurso como este aqu\u00ed alg\u00fan d\u00eda, pero no puedo ser yo\u201d, dijo.<\/p>\n<p>A pesar de ello, Lajc\u00e1k destac\u00f3 como positivos para la humanidad la firma de los Objetivos de Desarrollo Sostenible (ODS), el acuerdo de paz en Colombia y el Pacto Clim\u00e1tico de Par\u00eds.<\/p>\n<p>Entre los grandes retos a los que se enfrenta resalt\u00f3 el proceso de adopci\u00f3n del primer Pacto Mundial para la Migraci\u00f3n y el terrorismo internacional, e indic\u00f3 que la \u00fanica manera de tener \u00e9xito en ambas \u00e1reas ser\u00e1 centrarse en el trabajo en favor en favor de las personas en lugar de adherirse a posiciones individuales.<\/p>\n<p>Lajc\u00e1k destac\u00f3 como otras prioridades la reforma de Naciones Unidas y del Consejo de Seguridad, la promoci\u00f3n de los derechos humanos y la igualdad de g\u00e9nero.<\/p>\n<p>&nbsp;<\/p>\n<p><a title=\"La paz y la prevenci\u00f3n de conflictos han de focalizar la actividad de la ONU\" href=\"http:\/\/www.un.org\/spanish\/News\/story.asp?NewsID=38064\">Noticias ONU<\/a><\/p>\n","protected":false},"excerpt":{"rendered":"<p>La paz y la prevenci\u00f3n de conflictos, trabajar en favor  [&#8230;]<\/p>\n","protected":false},"author":245,"featured_media":10879,"comment_status":"closed","ping_status":"closed","sticky":false,"template":"","format":"standard","meta":{"_et_pb_use_builder":"","_et_pb_old_content":"","_et_gb_content_width":"","footnotes":""},"categories":[19],"tags":[],"class_list":["post-10875","post","type-post","status-publish","format-standard","has-post-thumbnail","hentry","category-peace-and-justice"],"_links":{"self":[{"href":"https:\/\/www.un.org\/sustainabledevelopment\/es\/wp-json\/wp\/v2\/posts\/10875","targetHints":{"allow":["GET"]}}],"collection":[{"href":"https:\/\/www.un.org\/sustainabledevelopment\/es\/wp-json\/wp\/v2\/posts"}],"about":[{"href":"https:\/\/www.un.org\/sustainabledevelopment\/es\/wp-json\/wp\/v2\/types\/post"}],"author":[{"embeddable":true,"href":"https:\/\/www.un.org\/sustainabledevelopment\/es\/wp-json\/wp\/v2\/users\/245"}],"replies":[{"embeddable":true,"href":"https:\/\/www.un.org\/sustainabledevelopment\/es\/wp-json\/wp\/v2\/comments?post=10875"}],"version-history":[{"count":0,"href":"https:\/\/www.un.org\/sustainabledevelopment\/es\/wp-json\/wp\/v2\/posts\/10875\/revisions"}],"wp:featuredmedia":[{"embeddable":true,"href":"https:\/\/www.un.org\/sustainabledevelopment\/es\/wp-json\/wp\/v2\/media\/10879"}],"wp:attachment":[{"href":"https:\/\/www.un.org\/sustainabledevelopment\/es\/wp-json\/wp\/v2\/media?parent=10875"}],"wp:term":[{"taxonomy":"category","embeddable":true,"href":"https:\/\/www.un.org\/sustainabledevelopment\/es\/wp-json\/wp\/v2\/categories?post=10875"},{"taxonomy":"post_tag","embeddable":true,"href":"https:\/\/www.un.org\/sustainabledevelopment\/es\/wp-json\/wp\/v2\/tags?post=10875"}],"curies":[{"name":"wp","href":"https:\/\/api.w.org\/{rel}","templated":true}]}}