  {"id":10748,"date":"2017-09-13T12:09:22","date_gmt":"2017-09-13T16:09:22","guid":{"rendered":"http:\/\/www.un.org\/sustainabledevelopment\/es\/?p=10748"},"modified":"2017-11-13T15:59:44","modified_gmt":"2017-11-13T20:59:44","slug":"las-noticias-que-vienen-de-colombia-son-las-mejores-que-tenemos-en-el-mundo-dice-guterres","status":"publish","type":"post","link":"https:\/\/www.un.org\/sustainabledevelopment\/es\/2017\/09\/las-noticias-que-vienen-de-colombia-son-las-mejores-que-tenemos-en-el-mundo-dice-guterres\/","title":{"rendered":"Las noticias que vienen de Colombia son las mejores que tenemos en el mundo, dice Guterres"},"content":{"rendered":"<p>El Secretario General de la ONU expres\u00f3 satisfacci\u00f3n hoy por el alto el fuego alcanzado entre el gobierno de Colombia y el Ej\u00e9rcito de Liberaci\u00f3n Nacional (ELN) el pasado 5 de septiembre.<\/p>\n<p>Ant\u00f3nio Guterres calific\u00f3 las noticas que proceden de Colombia como \u201clas mejores que tenemos en el mundo\u201d \u00faltimamente.<\/p>\n<p>Durante una conferencia de prensa en Nueva York, el Secretario General ofreci\u00f3 la cooperaci\u00f3n de Naciones Unidas en las conversaciones.<\/p>\n<p>\u201cEstamos, no solamente preparados, sino tambi\u00e9n muy interesados en ayudar a concretar el \u00e9xito de este alto el fuego\u201d, indic\u00f3 el titular de la ONU.<\/p>\n<p>Por otra parte, con respecto a Venezuela, reiter\u00f3 su apoyo a las conversaciones entre el gobierno y la oposici\u00f3n en la Rep\u00fablica Dominicana que inician hoy, y manifest\u00f3 estar en permanente contacto con el ex presidente del gobierno espa\u00f1ol, Jos\u00e9 Luis Rodr\u00edguez Zapatero, que act\u00faa como mediador entre las partes.<\/p>\n<p>Guterres destac\u00f3 como \u201cabsolutamente necesario\u201d encontrar una soluci\u00f3n pol\u00edtica con el acuerdo de las dos partes que sirva para defender la democracia y los derechos humanos en la naci\u00f3n sudamericana.<\/p>\n<p>&nbsp;<\/p>\n<p><a title=\"Las noticias que vienen de Colombia son las mejores que tenemos en el mundo, dice Guterres\" href=\"http:\/\/www.un.org\/spanish\/News\/story.asp?NewsID=38029\">Noticias ONU<\/a><\/p>\n","protected":false},"excerpt":{"rendered":"<p>El Secretario General de la ONU expres\u00f3 satisfacci\u00f3n hoy por  [&#8230;]<\/p>\n","protected":false},"author":43,"featured_media":10752,"comment_status":"closed","ping_status":"closed","sticky":false,"template":"","format":"standard","meta":{"_et_pb_use_builder":"","_et_pb_old_content":"","_et_gb_content_width":"","footnotes":""},"categories":[19],"tags":[],"class_list":["post-10748","post","type-post","status-publish","format-standard","has-post-thumbnail","hentry","category-peace-and-justice"],"_links":{"self":[{"href":"https:\/\/www.un.org\/sustainabledevelopment\/es\/wp-json\/wp\/v2\/posts\/10748","targetHints":{"allow":["GET"]}}],"collection":[{"href":"https:\/\/www.un.org\/sustainabledevelopment\/es\/wp-json\/wp\/v2\/posts"}],"about":[{"href":"https:\/\/www.un.org\/sustainabledevelopment\/es\/wp-json\/wp\/v2\/types\/post"}],"author":[{"embeddable":true,"href":"https:\/\/www.un.org\/sustainabledevelopment\/es\/wp-json\/wp\/v2\/users\/43"}],"replies":[{"embeddable":true,"href":"https:\/\/www.un.org\/sustainabledevelopment\/es\/wp-json\/wp\/v2\/comments?post=10748"}],"version-history":[{"count":0,"href":"https:\/\/www.un.org\/sustainabledevelopment\/es\/wp-json\/wp\/v2\/posts\/10748\/revisions"}],"wp:featuredmedia":[{"embeddable":true,"href":"https:\/\/www.un.org\/sustainabledevelopment\/es\/wp-json\/wp\/v2\/media\/10752"}],"wp:attachment":[{"href":"https:\/\/www.un.org\/sustainabledevelopment\/es\/wp-json\/wp\/v2\/media?parent=10748"}],"wp:term":[{"taxonomy":"category","embeddable":true,"href":"https:\/\/www.un.org\/sustainabledevelopment\/es\/wp-json\/wp\/v2\/categories?post=10748"},{"taxonomy":"post_tag","embeddable":true,"href":"https:\/\/www.un.org\/sustainabledevelopment\/es\/wp-json\/wp\/v2\/tags?post=10748"}],"curies":[{"name":"wp","href":"https:\/\/api.w.org\/{rel}","templated":true}]}}