  {"id":10677,"date":"2017-09-08T11:44:32","date_gmt":"2017-09-08T15:44:32","guid":{"rendered":"http:\/\/www.un.org\/sustainabledevelopment\/es\/?p=10677"},"modified":"2017-11-13T15:59:44","modified_gmt":"2017-11-13T20:59:44","slug":"la-tecnologia-digital-es-un-instrumento-para-la-alfabetizacion","status":"publish","type":"post","link":"https:\/\/www.un.org\/sustainabledevelopment\/es\/2017\/09\/la-tecnologia-digital-es-un-instrumento-para-la-alfabetizacion\/","title":{"rendered":"La tecnolog\u00eda digital es un instrumento para la alfabetizaci\u00f3n"},"content":{"rendered":"<p>Tradicionalmente la alfabetizaci\u00f3n ha sido considerada como un conjunto de habilidades de lectura, escritura y conteo, pero el mundo digital exige nuevas competencias de nivel superior, asegur\u00f3 la directora general de la ±¬ÁÏÍøESCO este viernes.<\/p>\n<p>En el D\u00eda Internacional de la Alfabetizaci\u00f3n, Irina Bokova inaugur\u00f3 la conferencia internacional sobre este tema que se celebra en Par\u00eds, que este a\u00f1o se centra en el mundo digital.<\/p>\n<p>El encuentro re\u00fane a m\u00e1s de 200 l\u00edderes mundiales para discutir sobre c\u00f3mo la tecnolog\u00eda puede ayudar a aumentar los niveles de alfabetizaci\u00f3n y fomentar la formaci\u00f3n de habilidades requeridas en el siglo XXI.<br \/>\nActualmente, 750 millones de personas son analfabetas, 63% de ellos son mujeres que todav\u00eda carecen de las habilidades b\u00e1sicas de lectura y escritura.<\/p>\n<p>La Conferencia General de la ±¬ÁÏÍøESCO declar\u00f3 el 8 de septiembre D\u00eda Internacional de la Alfabetizaci\u00f3n, durante su 14\u00aa sesi\u00f3n celebrada el 26 de octubre de 1966, con el fin de recordar a la comunidad internacional la importancia de la alfabetizaci\u00f3n de las personas, las comunidades y las sociedades, as\u00ed como de la necesidad de intensificar los esfuerzos para lograrlo.<\/p>\n<p>Este viernes tambi\u00e9n se entreg\u00f3 el Premio Confucio para la Alfabetizaci\u00f3n de la ±¬ÁÏÍøESCO a cinco pa\u00edses, uno de ellos de Am\u00e9rica Latina.<br \/>\nLa iniciativa \u201cAdulTICoProgram\u201d del Departamento del Quind\u00edo en Colombia, recibi\u00f3 el galard\u00f3n por sus esfuerzos de alfabetizaci\u00f3n digital para adultos mayores.<\/p>\n<p><a title=\"La tecnolog\u00eda digital es un instrumento para la alfabetizaci\u00f3n\" href=\"http:\/\/www.un.org\/spanish\/News\/story.asp?NewsID=38003\">Noticias ONU<\/a><\/p>\n<p>&nbsp;<\/p>\n","protected":false},"excerpt":{"rendered":"<p>Tradicionalmente la alfabetizaci\u00f3n ha sido considerada como un conjunto de  [&#8230;]<\/p>\n","protected":false},"author":34,"featured_media":10684,"comment_status":"closed","ping_status":"closed","sticky":false,"template":"","format":"standard","meta":{"_et_pb_use_builder":"","_et_pb_old_content":"","_et_gb_content_width":"","footnotes":""},"categories":[7],"tags":[],"class_list":["post-10677","post","type-post","status-publish","format-standard","has-post-thumbnail","hentry","category-education"],"_links":{"self":[{"href":"https:\/\/www.un.org\/sustainabledevelopment\/es\/wp-json\/wp\/v2\/posts\/10677","targetHints":{"allow":["GET"]}}],"collection":[{"href":"https:\/\/www.un.org\/sustainabledevelopment\/es\/wp-json\/wp\/v2\/posts"}],"about":[{"href":"https:\/\/www.un.org\/sustainabledevelopment\/es\/wp-json\/wp\/v2\/types\/post"}],"author":[{"embeddable":true,"href":"https:\/\/www.un.org\/sustainabledevelopment\/es\/wp-json\/wp\/v2\/users\/34"}],"replies":[{"embeddable":true,"href":"https:\/\/www.un.org\/sustainabledevelopment\/es\/wp-json\/wp\/v2\/comments?post=10677"}],"version-history":[{"count":0,"href":"https:\/\/www.un.org\/sustainabledevelopment\/es\/wp-json\/wp\/v2\/posts\/10677\/revisions"}],"wp:featuredmedia":[{"embeddable":true,"href":"https:\/\/www.un.org\/sustainabledevelopment\/es\/wp-json\/wp\/v2\/media\/10684"}],"wp:attachment":[{"href":"https:\/\/www.un.org\/sustainabledevelopment\/es\/wp-json\/wp\/v2\/media?parent=10677"}],"wp:term":[{"taxonomy":"category","embeddable":true,"href":"https:\/\/www.un.org\/sustainabledevelopment\/es\/wp-json\/wp\/v2\/categories?post=10677"},{"taxonomy":"post_tag","embeddable":true,"href":"https:\/\/www.un.org\/sustainabledevelopment\/es\/wp-json\/wp\/v2\/tags?post=10677"}],"curies":[{"name":"wp","href":"https:\/\/api.w.org\/{rel}","templated":true}]}}