  {"id":10423,"date":"2017-08-14T13:03:26","date_gmt":"2017-08-14T17:03:26","guid":{"rendered":"http:\/\/www.un.org\/sustainabledevelopment\/es\/?p=10423"},"modified":"2017-11-13T15:59:55","modified_gmt":"2017-11-13T20:59:55","slug":"somalia-celebra-el-tercer-aniversario-libre-de-poliomielitis","status":"publish","type":"post","link":"https:\/\/www.un.org\/sustainabledevelopment\/es\/2017\/08\/somalia-celebra-el-tercer-aniversario-libre-de-poliomielitis\/","title":{"rendered":"Somalia celebra el tercer aniversario libre de poliomielitis"},"content":{"rendered":"<p>El gobierno de Somalia, la Organizaci\u00f3n Mundial de la Salud (OMS) y ±¬ÁÏÍøICEF celebraron hoy el tercer aniversario desde la detecci\u00f3n del \u00faltimo caso de poliomielitis en el pa\u00eds africano.<\/p>\n<p>La OMS destac\u00f3 los esfuerzos realizados por Somalia para evitar el contagio de la enfermedad, pero advirti\u00f3 a la naci\u00f3n africana que no baje la guardia ante la posibilidad que se produzcan nuevos casos.<\/p>\n<p>\u201cSomalia est\u00e1 en riesgo de nuevas infecciones y debemos permanecer alerta\u201d, indic\u00f3 el director regional de la OMS para el Mediterr\u00e1neo Oriental, Mahmoud Fikri.<\/p>\n<p>Somalia detuvo la transmisi\u00f3n end\u00e9mica del virus de la polio en 2002, pero el padecimiento fue reintroducido en el pa\u00eds dos veces por personas infectadas provenientes del exterior. El brote que estall\u00f3 en el Cuerno de \u00c1frica hace 3 a\u00f1os paraliz\u00f3 a cerca de 200 ni\u00f1os.<\/p>\n<p>Aunque el programa para combatir la polio llev\u00f3 a cabo grandes avances para aumentar los niveles de inmunidad, la OMS cit\u00f3 como retos pendientes en la naci\u00f3n africana el subsanar la inseguridad y la falta de accesibilidad para los socios humanitarios en diversas zonas.<\/p>\n<p>Pese a esta celebraci\u00f3n, Somalia padece el peor brote de sarampi\u00f3n en los recientes a\u00f1os y otro de c\u00f3lera que comenz\u00f3 el pasado mes de enero.<\/p>\n<p>El \u00faltimo caso de polio en Somalia fue el de un ni\u00f1o en el distrito de Hobyo, en la regi\u00f3n de Mudug, en el centro del pa\u00eds.<\/p>\n<p>La OMS record\u00f3 que durante 2017 s\u00f3lo se han notificado 9 casos de poliomielitis a nivel mundial. <\/p>\n<p><a href=\"http:\/\/www.un.org\/spanish\/News\/story.asp?NewsID=37865\" title=\"Somalia celebra el tercer aniversario libre de poliomielitis\">Noticias ONU<\/a><\/p>\n","protected":false},"excerpt":{"rendered":"<p>El gobierno de Somalia, la Organizaci\u00f3n Mundial de la Salud  [&#8230;]<\/p>\n","protected":false},"author":34,"featured_media":10428,"comment_status":"closed","ping_status":"closed","sticky":false,"template":"","format":"standard","meta":{"_et_pb_use_builder":"","_et_pb_old_content":"","_et_gb_content_width":"","footnotes":""},"categories":[11],"tags":[],"class_list":["post-10423","post","type-post","status-publish","format-standard","has-post-thumbnail","hentry","category-health"],"_links":{"self":[{"href":"https:\/\/www.un.org\/sustainabledevelopment\/es\/wp-json\/wp\/v2\/posts\/10423","targetHints":{"allow":["GET"]}}],"collection":[{"href":"https:\/\/www.un.org\/sustainabledevelopment\/es\/wp-json\/wp\/v2\/posts"}],"about":[{"href":"https:\/\/www.un.org\/sustainabledevelopment\/es\/wp-json\/wp\/v2\/types\/post"}],"author":[{"embeddable":true,"href":"https:\/\/www.un.org\/sustainabledevelopment\/es\/wp-json\/wp\/v2\/users\/34"}],"replies":[{"embeddable":true,"href":"https:\/\/www.un.org\/sustainabledevelopment\/es\/wp-json\/wp\/v2\/comments?post=10423"}],"version-history":[{"count":0,"href":"https:\/\/www.un.org\/sustainabledevelopment\/es\/wp-json\/wp\/v2\/posts\/10423\/revisions"}],"wp:featuredmedia":[{"embeddable":true,"href":"https:\/\/www.un.org\/sustainabledevelopment\/es\/wp-json\/wp\/v2\/media\/10428"}],"wp:attachment":[{"href":"https:\/\/www.un.org\/sustainabledevelopment\/es\/wp-json\/wp\/v2\/media?parent=10423"}],"wp:term":[{"taxonomy":"category","embeddable":true,"href":"https:\/\/www.un.org\/sustainabledevelopment\/es\/wp-json\/wp\/v2\/categories?post=10423"},{"taxonomy":"post_tag","embeddable":true,"href":"https:\/\/www.un.org\/sustainabledevelopment\/es\/wp-json\/wp\/v2\/tags?post=10423"}],"curies":[{"name":"wp","href":"https:\/\/api.w.org\/{rel}","templated":true}]}}