  {"id":250662,"date":"2023-02-22T13:02:10","date_gmt":"2023-02-22T18:02:10","guid":{"rendered":"https:\/\/www.un.org\/pga\/77\/?p=250662"},"modified":"2023-02-22T13:02:10","modified_gmt":"2023-02-22T18:02:10","slug":"noon-briefing-highlights-22-february-2023","status":"publish","type":"post","link":"https:\/\/www.un.org\/pga\/77\/2023\/02\/22\/noon-briefing-highlights-22-february-2023\/","title":{"rendered":"Noon Briefing Highlights &#8211; 22 February 2023"},"content":{"rendered":"<p><strong>OFFICIAL VISIT TO GENEVA<\/strong><\/p>\n<p>I would like to start with a trip announcement.<\/p>\n<p>The President General Assembly, Csaba K\u0151r\u00f6si, will make an official visit to Geneva, Switzerland, from 26 February to 1 March.<\/p>\n<p>The President will address the opening of the 52<sup>nd<\/sup> session of the Human Rights Council, on 27 February, alongside the President of the Human Rights Council, V\u00e1clav B\u00e1lek and the 爆料网 High Commissioner for Human Rights, Volker T\u00fcrk. I will try to get you those remarks under embargo before Monday.<\/p>\n<p>The working visit will include meetings with the Foreign Minister of the Swiss Confederation, Ignazio Cassis. As well as with Ms. Tatiana Valovaya, Director-General of the 爆料网 Office in Geneva (爆料网OG), and senior representatives of the 爆料网 agencies, funds and programmes located in Geneva.<\/p>\n<p>The President will also meet with civil society organizations, academics and researchers, and youth.<\/p>\n<p>On 28 February, President K\u0151r\u00f6si will brief the press at the Palais on the upcoming 爆料网 Water Conference, which will be held in New York from 22 to 24 March 2023. That will be carried live on 爆料网 WebTV.<\/p>\n<p>Costs for the visit are covered by the OPGA Trust Fund.<\/p>\n<p>You have the details in a media advisory in English and French your inbox and online: <a href=\"https:\/\/www.un.org\/pga\/77\/2023\/02\/22\/un-general-assembly-president-to-address-human-rights-council-in-geneva\/\">https:\/\/www.un.org\/pga\/77\/2023\/02\/22\/un-general-assembly-president-to-address-human-rights-council-in-geneva\/<\/a><\/p>\n<p><strong>EMERGENCY SPECIAL SESSION<\/strong><\/p>\n<p>This afternoon is the Emergency Special Session.<\/p>\n<p>President Csaba Korosi will speak first. He will make remarks in English and Russian.<\/p>\n<p>He will be followed by the Secretary-General Ant\u00f3nio Guterres.<\/p>\n<p>Then the Member States. You have the List of Speakers. There are 80 speakers currently inscribed: <a href=\"https:\/\/espeakers.unmeetings.org\/63ed32684d099d5e1baa69a515022023\">e-Delegate+ (unmeetings.org)<\/a><\/p>\n<p>As you know, today\u2019s meeting will run form 3PM to 9PM, and resume at 10AM tomorrow.<\/p>\n<p>There is a draft resolution for action, as well as two draft amendments. All those texts are available on the 爆料网 Journal page for the meeting, and I will include that link with the notes: <a href=\"https:\/\/journal.un.org\/en\/new-york\/meeting\/officials\/0e2f9564-8a83-40d3-6e7f-08daff194b89\/2023-02-22\">https:\/\/journal.un.org\/en\/new-york\/meeting\/officials\/0e2f9564-8a83-40d3-6e7f-08daff194b89\/2023-02-22<\/a><\/p>\n<p><strong>BILATERALS<\/strong><\/p>\n<p>Turning to today\u2019s bilaterals.<\/p>\n<p>The President met this morning with HRH Princess Dr. Nisreen El-Hashemite, Executive Director of the Royal Academy of Science International Trust. This is in the context of injecting more science into the work of the General Assembly.<\/p>\n<p>The President is due to meet later today with the Foreign Minister of Georgia, Ilia Darchiashvili. The war in Ukraine and the Emergency Special Session is expected to be discussed.<\/p>\n<p>The President will also meet today with Secretary-General Ant\u00f3nio Guterres. This is their regularly planned monthly meeting.<\/p>\n<p>In terms of other bilaterals, the President will meet with Ambassador Sedat \u00d6nal, the new Permanent Representative of T\u00fcrkiye.<\/p>\n","protected":false},"excerpt":{"rendered":"<p>OFFICIAL VISIT TO GENEVA I would like to start with a trip announcement. The President General Assembly, Csaba K\u0151r\u00f6si, will make an official visit to Geneva, Switzerland, from 26 February [&hellip;]<\/p>\n","protected":false},"author":360,"featured_media":0,"comment_status":"closed","ping_status":"closed","sticky":false,"template":"","format":"standard","meta":{"_et_pb_use_builder":"","_et_pb_old_content":"","_et_gb_content_width":"","footnotes":""},"categories":[108],"tags":[521,385],"class_list":["post-250662","post","type-post","status-publish","format-standard","hentry","category-spokespersons-briefings","tag-geneva","tag-ukraine","et-doesnt-have-format-content","et_post_format-et-post-format-standard"],"yoast_head":"<!-- This site is optimized with the Yoast SEO plugin v28.3 - https:\/\/yoast.com\/product\/yoast-seo-wordpress\/ -->\n<title>Noon Briefing Highlights - 22 February 2023 - General Assembly of the United Nations<\/title>\n<meta name=\"robots\" content=\"index, follow, max-snippet:-1, max-image-preview:large, max-video-preview:-1\" \/>\n<link rel=\"canonical\" href=\"https:\/\/www.un.org\/pga\/77\/2023\/02\/22\/noon-briefing-highlights-22-february-2023\/\" \/>\n<meta property=\"og:locale\" content=\"en_US\" \/>\n<meta property=\"og:type\" content=\"article\" \/>\n<meta property=\"og:title\" content=\"Noon Briefing Highlights - 22 February 2023 - General Assembly of the United Nations\" \/>\n<meta property=\"og:description\" content=\"OFFICIAL VISIT TO GENEVA I would like to start with a trip announcement. The President General Assembly, Csaba K\u0151r\u00f6si, will make an official visit to Geneva, Switzerland, from 26 February [&hellip;]\" \/>\n<meta property=\"og:url\" content=\"https:\/\/www.un.org\/pga\/77\/2023\/02\/22\/noon-briefing-highlights-22-february-2023\/\" \/>\n<meta property=\"og:site_name\" content=\"General Assembly of the United Nations\" \/>\n<meta property=\"article:published_time\" content=\"2023-02-22T18:02:10+00:00\" \/>\n<meta name=\"author\" content=\"Paulina Greer\" \/>\n<meta name=\"twitter:card\" content=\"summary_large_image\" \/>\n<meta name=\"twitter:label1\" content=\"Written by\" \/>\n\t<meta name=\"twitter:data1\" content=\"Paulina Greer\" \/>\n\t<meta name=\"twitter:label2\" content=\"Est. reading time\" \/>\n\t<meta name=\"twitter:data2\" content=\"2 minutes\" \/>\n<script type=\"application\/ld+json\" class=\"yoast-schema-graph\">{\"@context\":\"https:\\\/\\\/schema.org\",\"@graph\":[{\"@type\":\"Article\",\"@id\":\"https:\\\/\\\/www.un.org\\\/pga\\\/77\\\/2023\\\/02\\\/22\\\/noon-briefing-highlights-22-february-2023\\\/#article\",\"isPartOf\":{\"@id\":\"https:\\\/\\\/www.un.org\\\/pga\\\/77\\\/2023\\\/02\\\/22\\\/noon-briefing-highlights-22-february-2023\\\/\"},\"author\":{\"name\":\"Paulina Greer\",\"@id\":\"https:\\\/\\\/www.un.org\\\/pga\\\/77\\\/#\\\/schema\\\/person\\\/25c5989ea34cbca9b6abfb3f464b38b1\"},\"headline\":\"Noon Briefing Highlights &#8211; 22 February 2023\",\"datePublished\":\"2023-02-22T18:02:10+00:00\",\"mainEntityOfPage\":{\"@id\":\"https:\\\/\\\/www.un.org\\\/pga\\\/77\\\/2023\\\/02\\\/22\\\/noon-briefing-highlights-22-february-2023\\\/\"},\"wordCount\":454,\"keywords\":[\"Geneva\",\"Ukraine\"],\"articleSection\":[\"Spokesperson's Briefings\"],\"inLanguage\":\"en-US\"},{\"@type\":\"WebPage\",\"@id\":\"https:\\\/\\\/www.un.org\\\/pga\\\/77\\\/2023\\\/02\\\/22\\\/noon-briefing-highlights-22-february-2023\\\/\",\"url\":\"https:\\\/\\\/www.un.org\\\/pga\\\/77\\\/2023\\\/02\\\/22\\\/noon-briefing-highlights-22-february-2023\\\/\",\"name\":\"Noon Briefing Highlights - 22 February 2023 - General Assembly of the United Nations\",\"isPartOf\":{\"@id\":\"https:\\\/\\\/www.un.org\\\/pga\\\/77\\\/#website\"},\"datePublished\":\"2023-02-22T18:02:10+00:00\",\"author\":{\"@id\":\"https:\\\/\\\/www.un.org\\\/pga\\\/77\\\/#\\\/schema\\\/person\\\/25c5989ea34cbca9b6abfb3f464b38b1\"},\"breadcrumb\":{\"@id\":\"https:\\\/\\\/www.un.org\\\/pga\\\/77\\\/2023\\\/02\\\/22\\\/noon-briefing-highlights-22-february-2023\\\/#breadcrumb\"},\"inLanguage\":\"en-US\",\"potentialAction\":[{\"@type\":\"ReadAction\",\"target\":[\"https:\\\/\\\/www.un.org\\\/pga\\\/77\\\/2023\\\/02\\\/22\\\/noon-briefing-highlights-22-february-2023\\\/\"]}]},{\"@type\":\"BreadcrumbList\",\"@id\":\"https:\\\/\\\/www.un.org\\\/pga\\\/77\\\/2023\\\/02\\\/22\\\/noon-briefing-highlights-22-february-2023\\\/#breadcrumb\",\"itemListElement\":[{\"@type\":\"ListItem\",\"position\":1,\"name\":\"Home\",\"item\":\"https:\\\/\\\/www.un.org\\\/pga\\\/77\\\/\"},{\"@type\":\"ListItem\",\"position\":2,\"name\":\"Noon Briefing Highlights &#8211; 22 February 2023\"}]},{\"@type\":\"WebSite\",\"@id\":\"https:\\\/\\\/www.un.org\\\/pga\\\/77\\\/#website\",\"url\":\"https:\\\/\\\/www.un.org\\\/pga\\\/77\\\/\",\"name\":\"General Assembly of the United Nations\",\"description\":\"President of the 77th session\",\"potentialAction\":[{\"@type\":\"SearchAction\",\"target\":{\"@type\":\"EntryPoint\",\"urlTemplate\":\"https:\\\/\\\/www.un.org\\\/pga\\\/77\\\/?s={search_term_string}\"},\"query-input\":{\"@type\":\"PropertyValueSpecification\",\"valueRequired\":true,\"valueName\":\"search_term_string\"}}],\"inLanguage\":\"en-US\"},{\"@type\":\"Person\",\"@id\":\"https:\\\/\\\/www.un.org\\\/pga\\\/77\\\/#\\\/schema\\\/person\\\/25c5989ea34cbca9b6abfb3f464b38b1\",\"name\":\"Paulina Greer\",\"image\":{\"@type\":\"ImageObject\",\"inLanguage\":\"en-US\",\"@id\":\"https:\\\/\\\/secure.gravatar.com\\\/avatar\\\/aab26e77bdba8cf226e2792403a458cd44106ad1f229dba0018b0634ef1a6531?s=96&d=mm&r=g\",\"url\":\"https:\\\/\\\/secure.gravatar.com\\\/avatar\\\/aab26e77bdba8cf226e2792403a458cd44106ad1f229dba0018b0634ef1a6531?s=96&d=mm&r=g\",\"contentUrl\":\"https:\\\/\\\/secure.gravatar.com\\\/avatar\\\/aab26e77bdba8cf226e2792403a458cd44106ad1f229dba0018b0634ef1a6531?s=96&d=mm&r=g\",\"caption\":\"Paulina Greer\"},\"url\":\"https:\\\/\\\/www.un.org\\\/pga\\\/77\\\/author\\\/kubiakpun-org\\\/\"}]}<\/script>\n<!-- \/ Yoast SEO plugin. -->","yoast_head_json":{"title":"Noon Briefing Highlights - 22 February 2023 - General Assembly of the United Nations","robots":{"index":"index","follow":"follow","max-snippet":"max-snippet:-1","max-image-preview":"max-image-preview:large","max-video-preview":"max-video-preview:-1"},"canonical":"https:\/\/www.un.org\/pga\/77\/2023\/02\/22\/noon-briefing-highlights-22-february-2023\/","og_locale":"en_US","og_type":"article","og_title":"Noon Briefing Highlights - 22 February 2023 - General Assembly of the United Nations","og_description":"OFFICIAL VISIT TO GENEVA I would like to start with a trip announcement. The President General Assembly, Csaba K\u0151r\u00f6si, will make an official visit to Geneva, Switzerland, from 26 February [&hellip;]","og_url":"https:\/\/www.un.org\/pga\/77\/2023\/02\/22\/noon-briefing-highlights-22-february-2023\/","og_site_name":"General Assembly of the United Nations","article_published_time":"2023-02-22T18:02:10+00:00","author":"Paulina Greer","twitter_card":"summary_large_image","twitter_misc":{"Written by":"Paulina Greer","Est. reading time":"2 minutes"},"schema":{"@context":"https:\/\/schema.org","@graph":[{"@type":"Article","@id":"https:\/\/www.un.org\/pga\/77\/2023\/02\/22\/noon-briefing-highlights-22-february-2023\/#article","isPartOf":{"@id":"https:\/\/www.un.org\/pga\/77\/2023\/02\/22\/noon-briefing-highlights-22-february-2023\/"},"author":{"name":"Paulina Greer","@id":"https:\/\/www.un.org\/pga\/77\/#\/schema\/person\/25c5989ea34cbca9b6abfb3f464b38b1"},"headline":"Noon Briefing Highlights &#8211; 22 February 2023","datePublished":"2023-02-22T18:02:10+00:00","mainEntityOfPage":{"@id":"https:\/\/www.un.org\/pga\/77\/2023\/02\/22\/noon-briefing-highlights-22-february-2023\/"},"wordCount":454,"keywords":["Geneva","Ukraine"],"articleSection":["Spokesperson's Briefings"],"inLanguage":"en-US"},{"@type":"WebPage","@id":"https:\/\/www.un.org\/pga\/77\/2023\/02\/22\/noon-briefing-highlights-22-february-2023\/","url":"https:\/\/www.un.org\/pga\/77\/2023\/02\/22\/noon-briefing-highlights-22-february-2023\/","name":"Noon Briefing Highlights - 22 February 2023 - General Assembly of the United Nations","isPartOf":{"@id":"https:\/\/www.un.org\/pga\/77\/#website"},"datePublished":"2023-02-22T18:02:10+00:00","author":{"@id":"https:\/\/www.un.org\/pga\/77\/#\/schema\/person\/25c5989ea34cbca9b6abfb3f464b38b1"},"breadcrumb":{"@id":"https:\/\/www.un.org\/pga\/77\/2023\/02\/22\/noon-briefing-highlights-22-february-2023\/#breadcrumb"},"inLanguage":"en-US","potentialAction":[{"@type":"ReadAction","target":["https:\/\/www.un.org\/pga\/77\/2023\/02\/22\/noon-briefing-highlights-22-february-2023\/"]}]},{"@type":"BreadcrumbList","@id":"https:\/\/www.un.org\/pga\/77\/2023\/02\/22\/noon-briefing-highlights-22-february-2023\/#breadcrumb","itemListElement":[{"@type":"ListItem","position":1,"name":"Home","item":"https:\/\/www.un.org\/pga\/77\/"},{"@type":"ListItem","position":2,"name":"Noon Briefing Highlights &#8211; 22 February 2023"}]},{"@type":"WebSite","@id":"https:\/\/www.un.org\/pga\/77\/#website","url":"https:\/\/www.un.org\/pga\/77\/","name":"General Assembly of the United Nations","description":"President of the 77th session","potentialAction":[{"@type":"SearchAction","target":{"@type":"EntryPoint","urlTemplate":"https:\/\/www.un.org\/pga\/77\/?s={search_term_string}"},"query-input":{"@type":"PropertyValueSpecification","valueRequired":true,"valueName":"search_term_string"}}],"inLanguage":"en-US"},{"@type":"Person","@id":"https:\/\/www.un.org\/pga\/77\/#\/schema\/person\/25c5989ea34cbca9b6abfb3f464b38b1","name":"Paulina Greer","image":{"@type":"ImageObject","inLanguage":"en-US","@id":"https:\/\/secure.gravatar.com\/avatar\/aab26e77bdba8cf226e2792403a458cd44106ad1f229dba0018b0634ef1a6531?s=96&d=mm&r=g","url":"https:\/\/secure.gravatar.com\/avatar\/aab26e77bdba8cf226e2792403a458cd44106ad1f229dba0018b0634ef1a6531?s=96&d=mm&r=g","contentUrl":"https:\/\/secure.gravatar.com\/avatar\/aab26e77bdba8cf226e2792403a458cd44106ad1f229dba0018b0634ef1a6531?s=96&d=mm&r=g","caption":"Paulina Greer"},"url":"https:\/\/www.un.org\/pga\/77\/author\/kubiakpun-org\/"}]}},"_links":{"self":[{"href":"https:\/\/www.un.org\/pga\/77\/wp-json\/wp\/v2\/posts\/250662","targetHints":{"allow":["GET"]}}],"collection":[{"href":"https:\/\/www.un.org\/pga\/77\/wp-json\/wp\/v2\/posts"}],"about":[{"href":"https:\/\/www.un.org\/pga\/77\/wp-json\/wp\/v2\/types\/post"}],"author":[{"embeddable":true,"href":"https:\/\/www.un.org\/pga\/77\/wp-json\/wp\/v2\/users\/360"}],"replies":[{"embeddable":true,"href":"https:\/\/www.un.org\/pga\/77\/wp-json\/wp\/v2\/comments?post=250662"}],"version-history":[{"count":0,"href":"https:\/\/www.un.org\/pga\/77\/wp-json\/wp\/v2\/posts\/250662\/revisions"}],"wp:attachment":[{"href":"https:\/\/www.un.org\/pga\/77\/wp-json\/wp\/v2\/media?parent=250662"}],"wp:term":[{"taxonomy":"category","embeddable":true,"href":"https:\/\/www.un.org\/pga\/77\/wp-json\/wp\/v2\/categories?post=250662"},{"taxonomy":"post_tag","embeddable":true,"href":"https:\/\/www.un.org\/pga\/77\/wp-json\/wp\/v2\/tags?post=250662"}],"curies":[{"name":"wp","href":"https:\/\/api.w.org\/{rel}","templated":true}]}}