  {"id":269904,"date":"2022-07-15T10:39:47","date_gmt":"2022-07-15T14:39:47","guid":{"rendered":"https:\/\/www.un.org\/pga\/76\/?p=269904"},"modified":"2022-07-20T10:50:32","modified_gmt":"2022-07-20T14:50:32","slug":"press-briefing-by-spokesperson-tuesday-12-july-2022","status":"publish","type":"post","link":"https:\/\/www.un.org\/pga\/76\/2022\/07\/15\/press-briefing-by-spokesperson-tuesday-12-july-2022\/","title":{"rendered":"Press Briefing by Spokesperson \u2013 Friday, 15 July 2022"},"content":{"rendered":"<p style=\"text-align: center\"><strong>NOON BRIEFING HIGHLIGHTS BY PAULINA KUBIAK GREER,<\/strong><br \/>\n<strong>SPOKESPERSON FOR GENERAL ASSEMBLY PRESIDENT ABDULLA SHAHID<\/strong><br \/>\n<strong>United Nations Headquarters, New York<\/strong><\/p>\n<p>&nbsp;<\/p>\n<p><strong>GUATEMALA<\/strong><\/p>\n<p>The President of the General Assembly, Abdulla Shahid, is today in Guatemala.<\/p>\n<p>He has a busy agenda with bilateral meetings.<\/p>\n<p>Mr. Mario Rojas Espino, Minister of Environment and Natural Resources<\/p>\n<p>Mr. Alberto Pimental Mata, Minister of Energy and Mines<\/p>\n<p>Mr. Jos\u00e9 \u00c1ngel L\u00f3pez Camposeco, Minister of Agriculture, Livestock and Food<\/p>\n<p>And Undersecretary for Planning and Programming of the Presidency, Mr. Franco Dom\u00e9nico Mart\u00ednez Mont<\/p>\n<p>This afternoon, President Shahid will visit the Peacekeeping Memorial. There, he will meet peacekeepers from the Guatemalan Special Forces known as GUASFOR, who will be heading to MONUSCO.<\/p>\n<p>This evening, President Shahid will witness the signing of the Agreement between the Ministry of Foreign Affairs of the Republic of Guatemala and the United Nations System in Guatemala, for the creation of a roundtable on migration and refugee issues<\/p>\n<p><strong>GUATEMALA TOMORROW<\/strong><\/p>\n<p>Tomorrow, President Shahid will tour a project supported by FAO on how rural communities are adapting to climate change \u2013 improving their resilience and livelihoods.<\/p>\n<p>He will also visit Tikal National Park due to the efforts of Guatemala on Sustainable Tourism and protection of biodiversity<\/p>\n<p>Tikal is a ±¬ÁÏÍøESCO World Heritage Site.<\/p>\n<p>On Sunday, President Shahid will tour a project on promoting sustainability and resilience in areas impacted by volcanos. That is supported by ±¬ÁÏÍøDP, in conjunction with the Ministry of Environment and Natural Resources, the Ministry of Agriculture, Livestock and Food, the National Council of Protected Areas and the National Institute of Forests.<\/p>\n<p>President Shahid returns to New York late Sunday night.<\/p>\n<p><strong>YOUTH SKILLS DAY <\/strong><\/p>\n<p>Today is Youth Skills Day.<\/p>\n<p>In a video message, President Shahid called young people our world\u2019s engines of change, but unfortunately, those engines are not running at capacity. They are deprived of needed resources.<\/p>\n<p>He called for more education and training, and more youth employment opportunities.<\/p>\n<p>The global unemployment level is at around 13.5 per cent. But that\u2019s the average, with some countries at 80 per cent.<br \/>\nThe message was prepared for today\u2019s World Youth Skills Day event. Organized by ±¬ÁÏÍøESCO, ILO and the Office of the Secretary-General\u2019s Envoy on Youth, along with the permanent missions of Sri Lanka and Portugal.<\/p>\n<p><strong>\u00a0<\/strong><\/p>\n<p><strong>WEEK AHEAD <\/strong><\/p>\n<p>And turning to the week ahead\u2026<\/p>\n<p>Monday, 18 July, in the morning is the annual commemoration of the Nelson Mandela International Day.<\/p>\n<p>The keynote will be delivered by Prince Harry, The Duke of Sussex.<\/p>\n<p>I can also confirm the participation of New York City Mayor Eric Adams.<\/p>\n<p>We will also hear from<\/p>\n<p>Mr. Modli Gungubele, Minister in the Presidency of the Republic of South Africa<\/p>\n<p>Dr. Morissanda Kouyat\u00e9 of Guinea<\/p>\n<p>A pre-recorded message by Mrs. Marianna Vardinoyannis of Greece<\/p>\n<p>And of course, the President of the General Assembly Abdulla Shahid and the Deputy Secretary-General Amina Mohammed.<\/p>\n<p>As tradition on the Day, there is a community service activity that will be held 1-3pm\u2026 in Thomas Jefferson Park in East Harlem.<\/p>\n<p>Monday in the afternoon, is the event on food security. This is jointly organized with the ±¬ÁÏÍø Committee on World Food Security. You have a media advisory on this event.<\/p>\n<p>On Tuesday, 19 July President Shahid will take a Moment for Nature. President Shahid will call for a coordinated approach to environmental action. You will have a media advisory soon.<\/p>\n<p>Wednesday, 20 July is an event on development in Africa, jointly organized with ECOSOC. \u00a0You have a media advisory with the details.<\/p>\n<p>And then in the morning on Thursday, 21 July, the General Assembly will hold a debate in connection with the most recent use of the veto in the Security Council.<\/p>\n<p>A veto was cast on 8 July under the agenda item \u201cThe situation in the Middle East\u201d.<\/p>\n<p>Also on Thursday, President Shahid will undertake an official visit to Latvia. The working visit will focus on ensuring progress towards the Sustainable Development Goals, with a particular focus on climate change and the environment, as well as offer an opportunity to see how regional countries are supporting families displaced by the Russian aggression against Ukraine.<\/p>\n<p>You will have a usual media advisory in advance.<\/p>\n<p>&nbsp;<\/p>\n","protected":false},"excerpt":{"rendered":"<p>NOON BRIEFING HIGHLIGHTS BY PAULINA KUBIAK GREER, SPOKESPERSON FOR GENERAL ASSEMBLY PRESIDENT ABDULLA SHAHID United Nations Headquarters, New York &nbsp; GUATEMALA The President of the General Assembly, Abdulla Shahid, is [&hellip;]<\/p>\n","protected":false},"author":360,"featured_media":0,"comment_status":"closed","ping_status":"closed","sticky":false,"template":"","format":"standard","meta":{"_et_pb_use_builder":"","_et_pb_old_content":"","_et_gb_content_width":"","footnotes":""},"categories":[108],"tags":[1170,1167,976,767],"committee-meeting":[],"class_list":["post-269904","post","type-post","status-publish","format-standard","hentry","category-spokespersons-briefings","tag-guatemala","tag-mandela","tag-nature","tag-youth","et-doesnt-have-format-content","et_post_format-et-post-format-standard"],"yoast_head":"<!-- This site is optimized with the Yoast SEO plugin v28.3 - https:\/\/yoast.com\/product\/yoast-seo-wordpress\/ -->\n<title>Press Briefing by Spokesperson \u2013 Friday, 15 July 2022 | General Assembly of the United Nations<\/title>\n<meta name=\"robots\" content=\"index, follow, max-snippet:-1, max-image-preview:large, max-video-preview:-1\" \/>\n<link rel=\"canonical\" href=\"https:\/\/www.un.org\/pga\/76\/2022\/07\/15\/press-briefing-by-spokesperson-tuesday-12-july-2022\/\" \/>\n<meta property=\"og:locale\" content=\"en_US\" \/>\n<meta property=\"og:type\" content=\"article\" \/>\n<meta property=\"og:title\" content=\"Press Briefing by Spokesperson \u2013 Friday, 15 July 2022 | General Assembly of the United Nations\" \/>\n<meta property=\"og:description\" content=\"NOON BRIEFING HIGHLIGHTS BY PAULINA KUBIAK GREER, SPOKESPERSON FOR GENERAL ASSEMBLY PRESIDENT ABDULLA SHAHID United Nations Headquarters, New York &nbsp; GUATEMALA The President of the General Assembly, Abdulla Shahid, is [&hellip;]\" \/>\n<meta property=\"og:url\" content=\"https:\/\/www.un.org\/pga\/76\/2022\/07\/15\/press-briefing-by-spokesperson-tuesday-12-july-2022\/\" \/>\n<meta property=\"og:site_name\" content=\"General Assembly of the United Nations\" \/>\n<meta property=\"article:published_time\" content=\"2022-07-15T14:39:47+00:00\" \/>\n<meta property=\"article:modified_time\" content=\"2022-07-20T14:50:32+00:00\" \/>\n<meta property=\"og:image\" content=\"https:\/\/www.un.org\/pga\/wp-content\/uploads\/sites\/101\/2020\/09\/±¬ÁÏÍøGA75_2020_REVERSED-01.png\" \/>\n\t<meta property=\"og:image:width\" content=\"4397\" \/>\n\t<meta property=\"og:image:height\" content=\"3221\" \/>\n\t<meta property=\"og:image:type\" content=\"image\/png\" \/>\n<meta name=\"author\" content=\"Paulina Greer\" \/>\n<meta name=\"twitter:card\" content=\"summary_large_image\" \/>\n<meta name=\"twitter:creator\" content=\"@±¬ÁÏÍø_PGA\" \/>\n<meta name=\"twitter:site\" content=\"@±¬ÁÏÍø_PGA\" \/>\n<meta name=\"twitter:label1\" content=\"Written by\" \/>\n\t<meta name=\"twitter:data1\" content=\"Paulina Greer\" \/>\n\t<meta name=\"twitter:label2\" content=\"Est. reading time\" \/>\n\t<meta name=\"twitter:data2\" content=\"3 minutes\" \/>\n<script type=\"application\/ld+json\" class=\"yoast-schema-graph\">{\"@context\":\"https:\\\/\\\/schema.org\",\"@graph\":[{\"@type\":\"Article\",\"@id\":\"https:\\\/\\\/www.un.org\\\/pga\\\/76\\\/2022\\\/07\\\/15\\\/press-briefing-by-spokesperson-tuesday-12-july-2022\\\/#article\",\"isPartOf\":{\"@id\":\"https:\\\/\\\/www.un.org\\\/pga\\\/76\\\/2022\\\/07\\\/15\\\/press-briefing-by-spokesperson-tuesday-12-july-2022\\\/\"},\"author\":{\"name\":\"Paulina Greer\",\"@id\":\"https:\\\/\\\/www.un.org\\\/pga\\\/76\\\/#\\\/schema\\\/person\\\/25c5989ea34cbca9b6abfb3f464b38b1\"},\"headline\":\"Press Briefing by Spokesperson \u2013 Friday, 15 July 2022\",\"datePublished\":\"2022-07-15T14:39:47+00:00\",\"dateModified\":\"2022-07-20T14:50:32+00:00\",\"mainEntityOfPage\":{\"@id\":\"https:\\\/\\\/www.un.org\\\/pga\\\/76\\\/2022\\\/07\\\/15\\\/press-briefing-by-spokesperson-tuesday-12-july-2022\\\/\"},\"wordCount\":694,\"publisher\":{\"@id\":\"https:\\\/\\\/www.un.org\\\/pga\\\/76\\\/#organization\"},\"keywords\":[\"Guatemala\",\"Mandela\",\"Nature\",\"Youth\"],\"articleSection\":[\"Spokesperson's Briefings\"],\"inLanguage\":\"en-US\"},{\"@type\":\"WebPage\",\"@id\":\"https:\\\/\\\/www.un.org\\\/pga\\\/76\\\/2022\\\/07\\\/15\\\/press-briefing-by-spokesperson-tuesday-12-july-2022\\\/\",\"url\":\"https:\\\/\\\/www.un.org\\\/pga\\\/76\\\/2022\\\/07\\\/15\\\/press-briefing-by-spokesperson-tuesday-12-july-2022\\\/\",\"name\":\"Press Briefing by Spokesperson \u2013 Friday, 15 July 2022 | General Assembly of the United Nations\",\"isPartOf\":{\"@id\":\"https:\\\/\\\/www.un.org\\\/pga\\\/76\\\/#website\"},\"datePublished\":\"2022-07-15T14:39:47+00:00\",\"dateModified\":\"2022-07-20T14:50:32+00:00\",\"breadcrumb\":{\"@id\":\"https:\\\/\\\/www.un.org\\\/pga\\\/76\\\/2022\\\/07\\\/15\\\/press-briefing-by-spokesperson-tuesday-12-july-2022\\\/#breadcrumb\"},\"inLanguage\":\"en-US\",\"potentialAction\":[{\"@type\":\"ReadAction\",\"target\":[\"https:\\\/\\\/www.un.org\\\/pga\\\/76\\\/2022\\\/07\\\/15\\\/press-briefing-by-spokesperson-tuesday-12-july-2022\\\/\"]}]},{\"@type\":\"BreadcrumbList\",\"@id\":\"https:\\\/\\\/www.un.org\\\/pga\\\/76\\\/2022\\\/07\\\/15\\\/press-briefing-by-spokesperson-tuesday-12-july-2022\\\/#breadcrumb\",\"itemListElement\":[{\"@type\":\"ListItem\",\"position\":1,\"name\":\"Home\",\"item\":\"https:\\\/\\\/www.un.org\\\/pga\\\/76\\\/\"},{\"@type\":\"ListItem\",\"position\":2,\"name\":\"Press Briefing by Spokesperson \u2013 Friday, 15 July 2022\"}]},{\"@type\":\"WebSite\",\"@id\":\"https:\\\/\\\/www.un.org\\\/pga\\\/76\\\/#website\",\"url\":\"https:\\\/\\\/www.un.org\\\/pga\\\/76\\\/\",\"name\":\"General Assembly of the United Nations President of the 75th session\",\"description\":\"President of the 76th session\",\"publisher\":{\"@id\":\"https:\\\/\\\/www.un.org\\\/pga\\\/76\\\/#organization\"},\"potentialAction\":[{\"@type\":\"SearchAction\",\"target\":{\"@type\":\"EntryPoint\",\"urlTemplate\":\"https:\\\/\\\/www.un.org\\\/pga\\\/76\\\/?s={search_term_string}\"},\"query-input\":{\"@type\":\"PropertyValueSpecification\",\"valueRequired\":true,\"valueName\":\"search_term_string\"}}],\"inLanguage\":\"en-US\"},{\"@type\":\"Organization\",\"@id\":\"https:\\\/\\\/www.un.org\\\/pga\\\/76\\\/#organization\",\"name\":\"President of the 75th session of the General Assembly of the United Nations General Assembly of the United Nations\",\"url\":\"https:\\\/\\\/www.un.org\\\/pga\\\/76\\\/\",\"logo\":{\"@type\":\"ImageObject\",\"inLanguage\":\"en-US\",\"@id\":\"https:\\\/\\\/www.un.org\\\/pga\\\/76\\\/#\\\/schema\\\/logo\\\/image\\\/\",\"url\":\"https:\\\/\\\/www.un.org\\\/pga\\\/wp-content\\\/uploads\\\/sites\\\/101\\\/2020\\\/09\\\/±¬ÁÏÍøGA75_2020_REVERSED-01.png\",\"contentUrl\":\"https:\\\/\\\/www.un.org\\\/pga\\\/wp-content\\\/uploads\\\/sites\\\/101\\\/2020\\\/09\\\/±¬ÁÏÍøGA75_2020_REVERSED-01.png\",\"width\":4397,\"height\":3221,\"caption\":\"President of the 75th session of the General Assembly of the United Nations General Assembly of the United Nations\"},\"image\":{\"@id\":\"https:\\\/\\\/www.un.org\\\/pga\\\/76\\\/#\\\/schema\\\/logo\\\/image\\\/\"},\"sameAs\":[\"https:\\\/\\\/x.com\\\/±¬ÁÏÍø_PGA\"]},{\"@type\":\"Person\",\"@id\":\"https:\\\/\\\/www.un.org\\\/pga\\\/76\\\/#\\\/schema\\\/person\\\/25c5989ea34cbca9b6abfb3f464b38b1\",\"name\":\"Paulina Greer\",\"image\":{\"@type\":\"ImageObject\",\"inLanguage\":\"en-US\",\"@id\":\"https:\\\/\\\/secure.gravatar.com\\\/avatar\\\/aab26e77bdba8cf226e2792403a458cd44106ad1f229dba0018b0634ef1a6531?s=96&d=mm&r=g\",\"url\":\"https:\\\/\\\/secure.gravatar.com\\\/avatar\\\/aab26e77bdba8cf226e2792403a458cd44106ad1f229dba0018b0634ef1a6531?s=96&d=mm&r=g\",\"contentUrl\":\"https:\\\/\\\/secure.gravatar.com\\\/avatar\\\/aab26e77bdba8cf226e2792403a458cd44106ad1f229dba0018b0634ef1a6531?s=96&d=mm&r=g\",\"caption\":\"Paulina Greer\"},\"url\":\"https:\\\/\\\/www.un.org\\\/pga\\\/76\\\/author\\\/kubiakpun-org\\\/\"}]}<\/script>\n<!-- \/ Yoast SEO plugin. -->","yoast_head_json":{"title":"Press Briefing by Spokesperson \u2013 Friday, 15 July 2022 | General Assembly of the United Nations","robots":{"index":"index","follow":"follow","max-snippet":"max-snippet:-1","max-image-preview":"max-image-preview:large","max-video-preview":"max-video-preview:-1"},"canonical":"https:\/\/www.un.org\/pga\/76\/2022\/07\/15\/press-briefing-by-spokesperson-tuesday-12-july-2022\/","og_locale":"en_US","og_type":"article","og_title":"Press Briefing by Spokesperson \u2013 Friday, 15 July 2022 | General Assembly of the United Nations","og_description":"NOON BRIEFING HIGHLIGHTS BY PAULINA KUBIAK GREER, SPOKESPERSON FOR GENERAL ASSEMBLY PRESIDENT ABDULLA SHAHID United Nations Headquarters, New York &nbsp; GUATEMALA The President of the General Assembly, Abdulla Shahid, is [&hellip;]","og_url":"https:\/\/www.un.org\/pga\/76\/2022\/07\/15\/press-briefing-by-spokesperson-tuesday-12-july-2022\/","og_site_name":"General Assembly of the United Nations","article_published_time":"2022-07-15T14:39:47+00:00","article_modified_time":"2022-07-20T14:50:32+00:00","og_image":[{"width":4397,"height":3221,"url":"https:\/\/www.un.org\/pga\/wp-content\/uploads\/sites\/101\/2020\/09\/±¬ÁÏÍøGA75_2020_REVERSED-01.png","type":"image\/png"}],"author":"Paulina Greer","twitter_card":"summary_large_image","twitter_creator":"@±¬ÁÏÍø_PGA","twitter_site":"@±¬ÁÏÍø_PGA","twitter_misc":{"Written by":"Paulina Greer","Est. reading time":"3 minutes"},"schema":{"@context":"https:\/\/schema.org","@graph":[{"@type":"Article","@id":"https:\/\/www.un.org\/pga\/76\/2022\/07\/15\/press-briefing-by-spokesperson-tuesday-12-july-2022\/#article","isPartOf":{"@id":"https:\/\/www.un.org\/pga\/76\/2022\/07\/15\/press-briefing-by-spokesperson-tuesday-12-july-2022\/"},"author":{"name":"Paulina Greer","@id":"https:\/\/www.un.org\/pga\/76\/#\/schema\/person\/25c5989ea34cbca9b6abfb3f464b38b1"},"headline":"Press Briefing by Spokesperson \u2013 Friday, 15 July 2022","datePublished":"2022-07-15T14:39:47+00:00","dateModified":"2022-07-20T14:50:32+00:00","mainEntityOfPage":{"@id":"https:\/\/www.un.org\/pga\/76\/2022\/07\/15\/press-briefing-by-spokesperson-tuesday-12-july-2022\/"},"wordCount":694,"publisher":{"@id":"https:\/\/www.un.org\/pga\/76\/#organization"},"keywords":["Guatemala","Mandela","Nature","Youth"],"articleSection":["Spokesperson's Briefings"],"inLanguage":"en-US"},{"@type":"WebPage","@id":"https:\/\/www.un.org\/pga\/76\/2022\/07\/15\/press-briefing-by-spokesperson-tuesday-12-july-2022\/","url":"https:\/\/www.un.org\/pga\/76\/2022\/07\/15\/press-briefing-by-spokesperson-tuesday-12-july-2022\/","name":"Press Briefing by Spokesperson \u2013 Friday, 15 July 2022 | General Assembly of the United Nations","isPartOf":{"@id":"https:\/\/www.un.org\/pga\/76\/#website"},"datePublished":"2022-07-15T14:39:47+00:00","dateModified":"2022-07-20T14:50:32+00:00","breadcrumb":{"@id":"https:\/\/www.un.org\/pga\/76\/2022\/07\/15\/press-briefing-by-spokesperson-tuesday-12-july-2022\/#breadcrumb"},"inLanguage":"en-US","potentialAction":[{"@type":"ReadAction","target":["https:\/\/www.un.org\/pga\/76\/2022\/07\/15\/press-briefing-by-spokesperson-tuesday-12-july-2022\/"]}]},{"@type":"BreadcrumbList","@id":"https:\/\/www.un.org\/pga\/76\/2022\/07\/15\/press-briefing-by-spokesperson-tuesday-12-july-2022\/#breadcrumb","itemListElement":[{"@type":"ListItem","position":1,"name":"Home","item":"https:\/\/www.un.org\/pga\/76\/"},{"@type":"ListItem","position":2,"name":"Press Briefing by Spokesperson \u2013 Friday, 15 July 2022"}]},{"@type":"WebSite","@id":"https:\/\/www.un.org\/pga\/76\/#website","url":"https:\/\/www.un.org\/pga\/76\/","name":"General Assembly of the United Nations President of the 75th session","description":"President of the 76th session","publisher":{"@id":"https:\/\/www.un.org\/pga\/76\/#organization"},"potentialAction":[{"@type":"SearchAction","target":{"@type":"EntryPoint","urlTemplate":"https:\/\/www.un.org\/pga\/76\/?s={search_term_string}"},"query-input":{"@type":"PropertyValueSpecification","valueRequired":true,"valueName":"search_term_string"}}],"inLanguage":"en-US"},{"@type":"Organization","@id":"https:\/\/www.un.org\/pga\/76\/#organization","name":"President of the 75th session of the General Assembly of the United Nations General Assembly of the United Nations","url":"https:\/\/www.un.org\/pga\/76\/","logo":{"@type":"ImageObject","inLanguage":"en-US","@id":"https:\/\/www.un.org\/pga\/76\/#\/schema\/logo\/image\/","url":"https:\/\/www.un.org\/pga\/wp-content\/uploads\/sites\/101\/2020\/09\/±¬ÁÏÍøGA75_2020_REVERSED-01.png","contentUrl":"https:\/\/www.un.org\/pga\/wp-content\/uploads\/sites\/101\/2020\/09\/±¬ÁÏÍøGA75_2020_REVERSED-01.png","width":4397,"height":3221,"caption":"President of the 75th session of the General Assembly of the United Nations General Assembly of the United Nations"},"image":{"@id":"https:\/\/www.un.org\/pga\/76\/#\/schema\/logo\/image\/"},"sameAs":["https:\/\/x.com\/±¬ÁÏÍø_PGA"]},{"@type":"Person","@id":"https:\/\/www.un.org\/pga\/76\/#\/schema\/person\/25c5989ea34cbca9b6abfb3f464b38b1","name":"Paulina Greer","image":{"@type":"ImageObject","inLanguage":"en-US","@id":"https:\/\/secure.gravatar.com\/avatar\/aab26e77bdba8cf226e2792403a458cd44106ad1f229dba0018b0634ef1a6531?s=96&d=mm&r=g","url":"https:\/\/secure.gravatar.com\/avatar\/aab26e77bdba8cf226e2792403a458cd44106ad1f229dba0018b0634ef1a6531?s=96&d=mm&r=g","contentUrl":"https:\/\/secure.gravatar.com\/avatar\/aab26e77bdba8cf226e2792403a458cd44106ad1f229dba0018b0634ef1a6531?s=96&d=mm&r=g","caption":"Paulina Greer"},"url":"https:\/\/www.un.org\/pga\/76\/author\/kubiakpun-org\/"}]}},"_links":{"self":[{"href":"https:\/\/www.un.org\/pga\/76\/wp-json\/wp\/v2\/posts\/269904","targetHints":{"allow":["GET"]}}],"collection":[{"href":"https:\/\/www.un.org\/pga\/76\/wp-json\/wp\/v2\/posts"}],"about":[{"href":"https:\/\/www.un.org\/pga\/76\/wp-json\/wp\/v2\/types\/post"}],"author":[{"embeddable":true,"href":"https:\/\/www.un.org\/pga\/76\/wp-json\/wp\/v2\/users\/360"}],"replies":[{"embeddable":true,"href":"https:\/\/www.un.org\/pga\/76\/wp-json\/wp\/v2\/comments?post=269904"}],"version-history":[{"count":0,"href":"https:\/\/www.un.org\/pga\/76\/wp-json\/wp\/v2\/posts\/269904\/revisions"}],"wp:attachment":[{"href":"https:\/\/www.un.org\/pga\/76\/wp-json\/wp\/v2\/media?parent=269904"}],"wp:term":[{"taxonomy":"category","embeddable":true,"href":"https:\/\/www.un.org\/pga\/76\/wp-json\/wp\/v2\/categories?post=269904"},{"taxonomy":"post_tag","embeddable":true,"href":"https:\/\/www.un.org\/pga\/76\/wp-json\/wp\/v2\/tags?post=269904"},{"taxonomy":"committee-meeting","embeddable":true,"href":"https:\/\/www.un.org\/pga\/76\/wp-json\/wp\/v2\/committee-meeting?post=269904"}],"curies":[{"name":"wp","href":"https:\/\/api.w.org\/{rel}","templated":true}]}}