  {"id":230012,"date":"2020-01-24T11:32:17","date_gmt":"2020-01-24T16:32:17","guid":{"rendered":"https:\/\/www.un.org\/pga\/74\/2020\/09\/09\/international-day-of-education-4\/"},"modified":"2020-09-10T12:11:04","modified_gmt":"2020-09-10T16:11:04","slug":"international-day-of-education-4","status":"publish","type":"post","link":"https:\/\/www.un.org\/pga\/74\/es\/2020\/01\/24\/international-day-of-education-4\/","title":{"rendered":"APERTURA DEL SEGMENTO INTERACTIVO DE ALTO NIVEL DEL D\u00cdA INTERNACIONAL DE LA EDUCACI\u00d3N"},"content":{"rendered":"<p>[et_pb_section bb_built=\u00bb1&#8243; _builder_version=\u00bb3.22&#8243; _i=\u00bb0&#8243; _address=\u00bb0&#8243; collapsed=\u00bboff\u00bb locked=\u00bboff\u00bb][et_pb_row _builder_version=\u00bb3.25&#8243; background_size=\u00bbinitial\u00bb background_position=\u00bbtop_left\u00bb background_repeat=\u00bbrepeat\u00bb _i=\u00bb0&#8243; _address=\u00bb0.0&#8243;][et_pb_column type=\u00bb4_4&#8243; _builder_version=\u00bb3.25&#8243; custom_padding=\u00bb|||\u00bb _i=\u00bb0&#8243; _address=\u00bb0.0.0&#8243; custom_padding__hover=\u00bb|||\u00bb][et_pb_text _builder_version=\u00bb4.0.9&#8243; background_size=\u00bbinitial\u00bb background_position=\u00bbtop_left\u00bb background_repeat=\u00bbrepeat\u00bb hover_enabled=\u00bb0&#8243; border_style=\u00bbsolid\u00bb _i=\u00bb0&#8243; _address=\u00bb0.0.0.0&#8243; text_text_shadow_horizontal_length=\u00bbtext_text_shadow_style,%91object Object%93&#8243; text_text_shadow_horizontal_length_tablet=\u00bb0px\u00bb text_text_shadow_vertical_length=\u00bbtext_text_shadow_style,%91object Object%93&#8243; text_text_shadow_vertical_length_tablet=\u00bb0px\u00bb text_text_shadow_blur_strength=\u00bbtext_text_shadow_style,%91object Object%93&#8243; text_text_shadow_blur_strength_tablet=\u00bb1px\u00bb link_text_shadow_horizontal_length=\u00bblink_text_shadow_style,%91object Object%93&#8243; link_text_shadow_horizontal_length_tablet=\u00bb0px\u00bb link_text_shadow_vertical_length=\u00bblink_text_shadow_style,%91object Object%93&#8243; link_text_shadow_vertical_length_tablet=\u00bb0px\u00bb link_text_shadow_blur_strength=\u00bblink_text_shadow_style,%91object Object%93&#8243; link_text_shadow_blur_strength_tablet=\u00bb1px\u00bb ul_text_shadow_horizontal_length=\u00bbul_text_shadow_style,%91object Object%93&#8243; ul_text_shadow_horizontal_length_tablet=\u00bb0px\u00bb ul_text_shadow_vertical_length=\u00bbul_text_shadow_style,%91object Object%93&#8243; ul_text_shadow_vertical_length_tablet=\u00bb0px\u00bb ul_text_shadow_blur_strength=\u00bbul_text_shadow_style,%91object Object%93&#8243; ul_text_shadow_blur_strength_tablet=\u00bb1px\u00bb ol_text_shadow_horizontal_length=\u00bbol_text_shadow_style,%91object Object%93&#8243; ol_text_shadow_horizontal_length_tablet=\u00bb0px\u00bb ol_text_shadow_vertical_length=\u00bbol_text_shadow_style,%91object Object%93&#8243; ol_text_shadow_vertical_length_tablet=\u00bb0px\u00bb ol_text_shadow_blur_strength=\u00bbol_text_shadow_style,%91object Object%93&#8243; ol_text_shadow_blur_strength_tablet=\u00bb1px\u00bb quote_text_shadow_horizontal_length=\u00bbquote_text_shadow_style,%91object Object%93&#8243; quote_text_shadow_horizontal_length_tablet=\u00bb0px\u00bb quote_text_shadow_vertical_length=\u00bbquote_text_shadow_style,%91object Object%93&#8243; quote_text_shadow_vertical_length_tablet=\u00bb0px\u00bb quote_text_shadow_blur_strength=\u00bbquote_text_shadow_style,%91object Object%93&#8243; quote_text_shadow_blur_strength_tablet=\u00bb1px\u00bb header_text_shadow_horizontal_length=\u00bbheader_text_shadow_style,%91object Object%93&#8243; header_text_shadow_horizontal_length_tablet=\u00bb0px\u00bb header_text_shadow_vertical_length=\u00bbheader_text_shadow_style,%91object Object%93&#8243; header_text_shadow_vertical_length_tablet=\u00bb0px\u00bb header_text_shadow_blur_strength=\u00bbheader_text_shadow_style,%91object Object%93&#8243; header_text_shadow_blur_strength_tablet=\u00bb1px\u00bb header_2_text_shadow_horizontal_length=\u00bbheader_2_text_shadow_style,%91object Object%93&#8243; header_2_text_shadow_horizontal_length_tablet=\u00bb0px\u00bb header_2_text_shadow_vertical_length=\u00bbheader_2_text_shadow_style,%91object Object%93&#8243; header_2_text_shadow_vertical_length_tablet=\u00bb0px\u00bb header_2_text_shadow_blur_strength=\u00bbheader_2_text_shadow_style,%91object Object%93&#8243; header_2_text_shadow_blur_strength_tablet=\u00bb1px\u00bb header_3_text_shadow_horizontal_length=\u00bbheader_3_text_shadow_style,%91object Object%93&#8243; header_3_text_shadow_horizontal_length_tablet=\u00bb0px\u00bb header_3_text_shadow_vertical_length=\u00bbheader_3_text_shadow_style,%91object Object%93&#8243; header_3_text_shadow_vertical_length_tablet=\u00bb0px\u00bb header_3_text_shadow_blur_strength=\u00bbheader_3_text_shadow_style,%91object Object%93&#8243; header_3_text_shadow_blur_strength_tablet=\u00bb1px\u00bb header_4_text_shadow_horizontal_length=\u00bbheader_4_text_shadow_style,%91object Object%93&#8243; header_4_text_shadow_horizontal_length_tablet=\u00bb0px\u00bb header_4_text_shadow_vertical_length=\u00bbheader_4_text_shadow_style,%91object Object%93&#8243; header_4_text_shadow_vertical_length_tablet=\u00bb0px\u00bb header_4_text_shadow_blur_strength=\u00bbheader_4_text_shadow_style,%91object Object%93&#8243; header_4_text_shadow_blur_strength_tablet=\u00bb1px\u00bb header_5_text_shadow_horizontal_length=\u00bbheader_5_text_shadow_style,%91object Object%93&#8243; header_5_text_shadow_horizontal_length_tablet=\u00bb0px\u00bb header_5_text_shadow_vertical_length=\u00bbheader_5_text_shadow_style,%91object Object%93&#8243; header_5_text_shadow_vertical_length_tablet=\u00bb0px\u00bb header_5_text_shadow_blur_strength=\u00bbheader_5_text_shadow_style,%91object Object%93&#8243; header_5_text_shadow_blur_strength_tablet=\u00bb1px\u00bb header_6_text_shadow_horizontal_length=\u00bbheader_6_text_shadow_style,%91object Object%93&#8243; header_6_text_shadow_horizontal_length_tablet=\u00bb0px\u00bb header_6_text_shadow_vertical_length=\u00bbheader_6_text_shadow_style,%91object Object%93&#8243; header_6_text_shadow_vertical_length_tablet=\u00bb0px\u00bb header_6_text_shadow_blur_strength=\u00bbheader_6_text_shadow_style,%91object Object%93&#8243; header_6_text_shadow_blur_strength_tablet=\u00bb1px\u00bb box_shadow_horizontal_tablet=\u00bb0px\u00bb box_shadow_vertical_tablet=\u00bb0px\u00bb box_shadow_blur_tablet=\u00bb40px\u00bb box_shadow_spread_tablet=\u00bb0px\u00bb z_index_tablet=\u00bb500&#8243;]<\/p>\n<p style=\"text-align: center\"><em>Transcripci\u00f3n del discurso pronunciado<\/em><\/p>\n<h3>Declaraci\u00f3n del Excmo. Sr. Tijjani Muhammad Bande, Presidente del septuag\u00e9simo cuarto per\u00edodo de sesiones de la Asamblea General de las Naciones Unidas<\/h3>\n<p><strong><span class=\"updated\">24 de enero de 2020<\/span><\/strong><\/p>\n<p><img loading=\"lazy\" decoding=\"async\" class=\"alignleft wp-image-197425 \" src=\"https:\/\/www.un.org\/pga\/74\/wp-content\/uploads\/sites\/99\/2020\/01\/1-300x169.jpg\" alt=\"\" width=\"369\" height=\"208\" srcset=\"https:\/\/www.un.org\/pga\/wp-content\/uploads\/sites\/99\/2020\/01\/1-300x169.jpg 300w, https:\/\/www.un.org\/pga\/wp-content\/uploads\/sites\/99\/2020\/01\/1-1024x576.jpg 1024w, https:\/\/www.un.org\/pga\/wp-content\/uploads\/sites\/99\/2020\/01\/1-768x432.jpg 768w, https:\/\/www.un.org\/pga\/wp-content\/uploads\/sites\/99\/2020\/01\/1-1536x864.jpg 1536w, https:\/\/www.un.org\/pga\/wp-content\/uploads\/sites\/99\/2020\/01\/1-1080x608.jpg 1080w, https:\/\/www.un.org\/pga\/wp-content\/uploads\/sites\/99\/2020\/01\/1.jpg 1920w\" sizes=\"(max-width: 369px) 100vw, 369px\" \/><\/p>\n<p>Vicesecretaria General,\n<\/p>\n<p>Honorables Ministros y Ministras,\n<\/p>\n<p>Embajadores y embajadoras, Representantes Permanentes,\n<\/p>\n<p>Distinguidos y distinguidas participantes,\n<\/p>\n<p>Se\u00f1oras y se\u00f1ores:\n<\/p>\n<p>Es un gran placer para m\u00ed darles la bienvenida a todos a la celebraci\u00f3n de este a\u00f1o del D\u00eda Internacional de la Educaci\u00f3n. Es la segunda vez que lo celebramos desde que la Asamblea General de las Naciones Unidas, a trav\u00e9s de la resoluci\u00f3n A\/RES\/73\/25, de diciembre de 2018, declar\u00f3 el 24 de enero de cada a\u00f1o como el D\u00eda Internacional de la Educaci\u00f3n.\n<\/p>\n<p>Este a\u00f1o, para celebrarlo, hemos invitado al Dr. David Edwards, Secretario General de la mayor federaci\u00f3n de educadores del mundo, adem\u00e1s de varios docentes galardonados de diferentes regiones, para que se unan a nosotros y as\u00ed poder reconocer, celebrar y escuchar las contribuciones vitales que hacen los docentes al logro de los objetivos de la educaci\u00f3n inclusiva de calidad.\n<\/p>\n<p>Tambi\u00e9n me complace la presencia de varios representantes de la juventud. Lucia Burtnik, por ejemplo, figura como panelista, y Marta Borrell Fijo, una afortunada adolescente que puede estudiar, pero as\u00ed y todo se dedica a poner de relieve la dif\u00edcil situaci\u00f3n de otros ni\u00f1os no tan privilegiados. Agradecemos los esfuerzos del Dr. Edwards, Lucia y Marta y todos los dem\u00e1s docentes y entusiastas de la educaci\u00f3n por el gran trabajo que hacen.\n<\/p>\n<p>Excelencias,\n<\/p>\n<p>Distinguidas se\u00f1oras y distinguidos se\u00f1ores:\n<\/p>\n<p>He convocado esta reuni\u00f3n teniendo en cuenta que, si bien todav\u00eda nos queda una cantidad ingente de trabajo por delante para lograr con garant\u00edas el pleno acceso, la igualdad y la calidad de la educaci\u00f3n necesaria para desarrollar las econom\u00edas y hacer frente a los desaf\u00edos que enfrentamos como seres humanos, la historia que tenemos ante nosotros no es l\u00fagubre.\n<\/p>\n<p>Los progresos que hemos logrado y seguimos logrando en las ciencias, la tecnolog\u00eda o la medicina, por ejemplo, as\u00ed lo demuestran. En las \u00faltimas d\u00e9cadas, hemos visto la erradicaci\u00f3n de enfermedades o hemos encontrado tratamientos para otras; nuestros sistemas de transporte son m\u00e1s eficaces y facilitan el comercio entre las naciones; en todo el mundo, los ciudadanos pueden acceder a pr\u00e1cticamente cualquier tipo de informaci\u00f3n en cuesti\u00f3n de segundos; y los j\u00f3venes empresarios est\u00e1n mejor preparados para acceder a la educaci\u00f3n mundial.\n<\/p>\n<p>Tambi\u00e9n han aumentado las tasas de matriculaci\u00f3n escolar en todo el mundo, hay m\u00e1s ni\u00f1os y ni\u00f1as que van a la escuela y que estudian durante m\u00e1s tiempo. Ese aumento ha hecho que las tasas de alfabetizaci\u00f3n sean m\u00e1s altas en los pa\u00edses y entre ellos. Por ejemplo, la tasa de alfabetizaci\u00f3n de los hombres y mujeres mayores de 15 a\u00f1os de edad es del 86,3 %. La tasa de alfabetizaci\u00f3n de los hombres de 15 a\u00f1os o m\u00e1s es del 90 % en todo el mundo, y la de las mujeres, del 82,7 %.\n<\/p>\n<p>Si bien es algo encomiable, no podemos aceptar que a 20 a\u00f1os del inicio del siglo XXI, alrededor de 258 millones de ni\u00f1os y ni\u00f1as y j\u00f3venes no asistan a la escuela, 617 millones de ni\u00f1os y ni\u00f1as y adolescentes no sepan leer ni hacer ejercicios b\u00e1sicos de matem\u00e1ticas y que millones de refugiados y desplazados internos y personas con discapacidad no asistan a la escuela.\n<\/p>\n<p>Es una mancha en los progresos que hemos realizado y los gobiernos de todo el mundo tendr\u00edan que prestar m\u00e1s atenci\u00f3n y desarrollar las alianzas necesarias para garantizar el acceso a una educaci\u00f3n primaria y secundaria gratuita y de calidad, as\u00ed como a una formaci\u00f3n profesional y t\u00e9cnica asequible e inclusiva.\n<\/p>\n<p>Una plataforma como esta es importante a la hora de se\u00f1alar a la atenci\u00f3n de los gobiernos y otros interesados del sector de la educaci\u00f3n la necesidad de actuar ahora. Reunimos a representantes de los gobiernos, a los responsables de las pol\u00edticas y a los l\u00edderes de opini\u00f3n para identificar las lagunas y ofrecer respuestas a los temas candentes en el campo de la educaci\u00f3n.\n<\/p>\n<p>Esto es a\u00fan m\u00e1s cierto si tenemos en cuenta que ya nos hemos atrasado en la consecuci\u00f3n de los Objetivos de Desarrollo Sostenible, y que adquirir los conocimientos y las aptitudes necesarias ser\u00e1 fundamental para lograrlos.\n<\/p>\n<p>En consecuencia, al entrar en el decenio de acci\u00f3n y resultados para los Objetivos de Desarrollo Sostenible, es muy ilustrativo que el D\u00eda Internacional de la Educaci\u00f3n de este a\u00f1o se centre en \u201calinear las pol\u00edticas de educaci\u00f3n inclusiva de calidad con los Objetivos de Desarrollo Sostenible\u201d.\n<\/p>\n<p>As\u00ed, el acto de hoy nos llevar\u00e1 a hablar sobre la crisis de aprendizaje y las respuestas que se plantean. Haremos especial hincapi\u00e9 en las opciones de pol\u00edtica y las prioridades de acci\u00f3n que hacen falta para lograr los progresos necesarios en el sector de la educaci\u00f3n. Conf\u00edo en el impresionante conjunto de pol\u00edticos, administradores y pensadores del campo de la educaci\u00f3n que est\u00e1n hoy aqu\u00ed para tratar estos temas y plantear soluciones.\n<\/p>\n<p>[\/et_pb_text][\/et_pb_column][\/et_pb_row][et_pb_row _builder_version=\u00bb3.25&#8243; background_size=\u00bbinitial\u00bb background_position=\u00bbtop_left\u00bb background_repeat=\u00bbrepeat\u00bb _i=\u00bb2&#8243; _address=\u00bb0.2&#8243;][et_pb_column type=\u00bb4_4&#8243; _builder_version=\u00bb3.25&#8243; custom_padding=\u00bb|||\u00bb _i=\u00bb0&#8243; _address=\u00bb0.2.0&#8243; custom_padding__hover=\u00bb|||\u00bb][et_pb_text _builder_version=\u00bb4.0.9&#8243; _i=\u00bb0&#8243; _address=\u00bb0.2.0.0&#8243; text_text_shadow_horizontal_length=\u00bbtext_text_shadow_style,%91object Object%93&#8243; text_text_shadow_horizontal_length_tablet=\u00bb0px\u00bb text_text_shadow_vertical_length=\u00bbtext_text_shadow_style,%91object Object%93&#8243; text_text_shadow_vertical_length_tablet=\u00bb0px\u00bb text_text_shadow_blur_strength=\u00bbtext_text_shadow_style,%91object Object%93&#8243; text_text_shadow_blur_strength_tablet=\u00bb1px\u00bb link_text_shadow_horizontal_length=\u00bblink_text_shadow_style,%91object Object%93&#8243; link_text_shadow_horizontal_length_tablet=\u00bb0px\u00bb link_text_shadow_vertical_length=\u00bblink_text_shadow_style,%91object Object%93&#8243; link_text_shadow_vertical_length_tablet=\u00bb0px\u00bb link_text_shadow_blur_strength=\u00bblink_text_shadow_style,%91object Object%93&#8243; link_text_shadow_blur_strength_tablet=\u00bb1px\u00bb ul_text_shadow_horizontal_length=\u00bbul_text_shadow_style,%91object Object%93&#8243; ul_text_shadow_horizontal_length_tablet=\u00bb0px\u00bb ul_text_shadow_vertical_length=\u00bbul_text_shadow_style,%91object Object%93&#8243; ul_text_shadow_vertical_length_tablet=\u00bb0px\u00bb ul_text_shadow_blur_strength=\u00bbul_text_shadow_style,%91object Object%93&#8243; ul_text_shadow_blur_strength_tablet=\u00bb1px\u00bb ol_text_shadow_horizontal_length=\u00bbol_text_shadow_style,%91object Object%93&#8243; ol_text_shadow_horizontal_length_tablet=\u00bb0px\u00bb ol_text_shadow_vertical_length=\u00bbol_text_shadow_style,%91object Object%93&#8243; ol_text_shadow_vertical_length_tablet=\u00bb0px\u00bb ol_text_shadow_blur_strength=\u00bbol_text_shadow_style,%91object Object%93&#8243; ol_text_shadow_blur_strength_tablet=\u00bb1px\u00bb quote_text_shadow_horizontal_length=\u00bbquote_text_shadow_style,%91object Object%93&#8243; quote_text_shadow_horizontal_length_tablet=\u00bb0px\u00bb quote_text_shadow_vertical_length=\u00bbquote_text_shadow_style,%91object Object%93&#8243; quote_text_shadow_vertical_length_tablet=\u00bb0px\u00bb quote_text_shadow_blur_strength=\u00bbquote_text_shadow_style,%91object Object%93&#8243; quote_text_shadow_blur_strength_tablet=\u00bb1px\u00bb header_text_shadow_horizontal_length=\u00bbheader_text_shadow_style,%91object Object%93&#8243; header_text_shadow_horizontal_length_tablet=\u00bb0px\u00bb header_text_shadow_vertical_length=\u00bbheader_text_shadow_style,%91object Object%93&#8243; header_text_shadow_vertical_length_tablet=\u00bb0px\u00bb header_text_shadow_blur_strength=\u00bbheader_text_shadow_style,%91object Object%93&#8243; header_text_shadow_blur_strength_tablet=\u00bb1px\u00bb header_2_text_shadow_horizontal_length=\u00bbheader_2_text_shadow_style,%91object Object%93&#8243; header_2_text_shadow_horizontal_length_tablet=\u00bb0px\u00bb header_2_text_shadow_vertical_length=\u00bbheader_2_text_shadow_style,%91object Object%93&#8243; header_2_text_shadow_vertical_length_tablet=\u00bb0px\u00bb header_2_text_shadow_blur_strength=\u00bbheader_2_text_shadow_style,%91object Object%93&#8243; header_2_text_shadow_blur_strength_tablet=\u00bb1px\u00bb header_3_text_shadow_horizontal_length=\u00bbheader_3_text_shadow_style,%91object Object%93&#8243; header_3_text_shadow_horizontal_length_tablet=\u00bb0px\u00bb header_3_text_shadow_vertical_length=\u00bbheader_3_text_shadow_style,%91object Object%93&#8243; header_3_text_shadow_vertical_length_tablet=\u00bb0px\u00bb header_3_text_shadow_blur_strength=\u00bbheader_3_text_shadow_style,%91object Object%93&#8243; header_3_text_shadow_blur_strength_tablet=\u00bb1px\u00bb header_4_text_shadow_horizontal_length=\u00bbheader_4_text_shadow_style,%91object Object%93&#8243; header_4_text_shadow_horizontal_length_tablet=\u00bb0px\u00bb header_4_text_shadow_vertical_length=\u00bbheader_4_text_shadow_style,%91object Object%93&#8243; header_4_text_shadow_vertical_length_tablet=\u00bb0px\u00bb header_4_text_shadow_blur_strength=\u00bbheader_4_text_shadow_style,%91object Object%93&#8243; header_4_text_shadow_blur_strength_tablet=\u00bb1px\u00bb header_5_text_shadow_horizontal_length=\u00bbheader_5_text_shadow_style,%91object Object%93&#8243; header_5_text_shadow_horizontal_length_tablet=\u00bb0px\u00bb header_5_text_shadow_vertical_length=\u00bbheader_5_text_shadow_style,%91object Object%93&#8243; header_5_text_shadow_vertical_length_tablet=\u00bb0px\u00bb header_5_text_shadow_blur_strength=\u00bbheader_5_text_shadow_style,%91object Object%93&#8243; header_5_text_shadow_blur_strength_tablet=\u00bb1px\u00bb header_6_text_shadow_horizontal_length=\u00bbheader_6_text_shadow_style,%91object Object%93&#8243; header_6_text_shadow_horizontal_length_tablet=\u00bb0px\u00bb header_6_text_shadow_vertical_length=\u00bbheader_6_text_shadow_style,%91object Object%93&#8243; header_6_text_shadow_vertical_length_tablet=\u00bb0px\u00bb header_6_text_shadow_blur_strength=\u00bbheader_6_text_shadow_style,%91object Object%93&#8243; header_6_text_shadow_blur_strength_tablet=\u00bb1px\u00bb box_shadow_horizontal_tablet=\u00bb0px\u00bb box_shadow_vertical_tablet=\u00bb0px\u00bb box_shadow_blur_tablet=\u00bb40px\u00bb box_shadow_spread_tablet=\u00bb0px\u00bb z_index_tablet=\u00bb500&#8243;]<\/p>\n<p>Excelencias,<\/p>\n<p>Distinguidas se\u00f1oras y distinguidos se\u00f1ores:<\/p>\n<p>La educaci\u00f3n mejora la capacidad de an\u00e1lisis, inventiva y pensamiento cr\u00edtico de los seres humanos y, al hacerlo, acelera los logros tecnol\u00f3gicos y el crecimiento econ\u00f3mico de cada naci\u00f3n. Cuando una sociedad est\u00e1 en un estado de perpetuo subdesarrollo, debe, entre otras cosas, reevaluar su sistema educativo. Si el sistema es disfuncional o no facilita la adquisici\u00f3n de los conocimientos y habilidades pertinentes, en el mejor de los casos, la econom\u00eda se estancar\u00e1, y, en el peor, se colapsar\u00e1.<\/p>\n<p>Lo que revelan las estad\u00edsticas de educaci\u00f3n contempor\u00e1neas es tan significativo como lo que ocultan. El mundo ha progresado en la alfabetizaci\u00f3n b\u00e1sica, pero no est\u00e1 en el punto de poder equiparar con confianza la matriculaci\u00f3n escolar (o incluso la asistencia) con la adquisici\u00f3n de preciados conocimientos y aptitudes.<\/p>\n<p>Es evidente que, en la medida en que exista una brecha importante entre la matriculaci\u00f3n y la adquisici\u00f3n de conocimientos y aptitudes, en ese caso podr\u00edamos hablar leg\u00edtimamente de una \u201ccrisis de aprendizaje\u201d.<\/p>\n<p>Tendremos que hacer todo lo posible para asegurar que nuestros sistemas educativos den respuesta a varios problemas, solucionen la crisis del aprendizaje y eleven los est\u00e1ndares y la calidad de la educaci\u00f3n en todo el mundo.<\/p>\n<p>Esto incluye asegurar que:<br \/>\n1. No disminuya la capacidad de leer, escribir y conversar en los idiomas b\u00e1sicos de instrucci\u00f3n a medida que aumente la asistencia escolar;<br \/>\n2. No haya disonancias entre el curr\u00edculo escolar y la mayor necesidad en el mundo laboral de contar con competencias y cualificaciones especializadas;<br \/>\n3. La educaci\u00f3n promueva la igualdad entre los g\u00e9neros, facilite la movilidad social, fomente el entendimiento intercultural y salve la brecha digital entre los alumnos de los pa\u00edses desarrollados y los de los pa\u00edses en desarrollo;<br \/>\n4. Se formen asociaciones eficaces de asistencia a los pa\u00edses que necesiten ayuda para elaborar planes de estudio, formar a docentes, facilitar la infraestructura adecuada, becas y programas de intercambio de estudiantes;<br \/>\n5. Se tenga en cuenta a las personas con discapacidad en los beneficios de la educaci\u00f3n y de la vida en general;<br \/>\n6. Las autoridades educativas se anticipen y respondan a los retos que plantean los conflictos y las fluctuaciones clim\u00e1ticas extremas, as\u00ed como a los peligros que plantean para el aprendizaje;<br \/>\n7. Se faciliten a las instituciones de ense\u00f1anza superior los recursos que les permitir\u00e1n superar los desaf\u00edos actuales a los que se enfrentan y, al mismo tiempo, desempe\u00f1ar las capacidades cr\u00edticas profesionales, cient\u00edficas, anal\u00edticas de pol\u00edticas, de humanizaci\u00f3n y de gesti\u00f3n necesarias para el crecimiento econ\u00f3mico y el desarrollo sostenible.<br \/>\n8. Los gobiernos de todo el mundo colaboren con los jefes de estudios y administradores educativos, los especialistas en la elaboraci\u00f3n de planes de estudio y los \u00f3rganos empresariales para mejorar la capacidad de sus sistemas educativos;<br \/>\n9. Se hayan superado las actuales diferencias en cuanto al g\u00e9nero, las cuestiones digitales y la financiaci\u00f3n en la educaci\u00f3n. El acceso a la educaci\u00f3n debe ampliarse, para que los grupos excluidos disfruten de los beneficios del aprendizaje.<\/p>\n<p>La comunidad internacional presta m\u00e1s atenci\u00f3n a los millones de ni\u00f1os que est\u00e1n atrapados en zonas de conflicto por causas ajenas a su voluntad. Debemos prestar atenci\u00f3n a sus necesidades educativas.<\/p>\n<p>Espero que me perdonen por darles una lista tan larga de tareas. Lo hago porque estoy muy seguro de que estamos a la altura del desaf\u00edo. No cabe duda de que si no se atienden las necesidades del sector educativo, no se alcanzar\u00e1n los Objetivos de Desarrollo Sostenible (ODS). Este es un precio que no podemos pagar y nunca debemos estar dispuestos a hacerlo.<\/p>\n<p>&lt;<\/p>\n<p>[\/et_pb_text][et_pb_testimonial author=\u00bbTijjani Muhammad Bande \u00bb job_title=\u00bbPresidente del septuag\u00e9simo cuarto per\u00edodo de sesiones de la Asamblea General de las Naciones Unidas \u00bb portrait_url=\u00bbhttps:\/\/www.un.org\/pga\/74\/wp-content\/uploads\/sites\/99\/2019\/07\/Offical-Portrait-PGA-elect.jpg\u00bb quote_icon_color=\u00bb#00aff8&#8243; _builder_version=\u00bb4.0.9&#8243; background_size=\u00bbinitial\u00bb background_position=\u00bbtop_left\u00bb background_repeat=\u00bbrepeat\u00bb border_style=\u00bbsolid\u00bb _i=\u00bb1&#8243; _address=\u00bb0.2.0.1&#8243; quote_icon_background_color=\u00bb#f5f5f5&#8243; box_shadow_horizontal_image_tablet=\u00bb0px\u00bb box_shadow_vertical_image_tablet=\u00bb0px\u00bb box_shadow_blur_image_tablet=\u00bb40px\u00bb box_shadow_spread_image_tablet=\u00bb0px\u00bb text_shadow_horizontal_length=\u00bbtext_shadow_style,%91object Object%93&#8243; text_shadow_horizontal_length_tablet=\u00bb0px\u00bb text_shadow_vertical_length=\u00bbtext_shadow_style,%91object Object%93&#8243; text_shadow_vertical_length_tablet=\u00bb0px\u00bb text_shadow_blur_strength=\u00bbtext_shadow_style,%91object Object%93&#8243; text_shadow_blur_strength_tablet=\u00bb1px\u00bb body_link_text_shadow_horizontal_length=\u00bbbody_link_text_shadow_style,%91object Object%93&#8243; body_link_text_shadow_horizontal_length_tablet=\u00bb0px\u00bb body_link_text_shadow_vertical_length=\u00bbbody_link_text_shadow_style,%91object Object%93&#8243; body_link_text_shadow_vertical_length_tablet=\u00bb0px\u00bb body_link_text_shadow_blur_strength=\u00bbbody_link_text_shadow_style,%91object Object%93&#8243; body_link_text_shadow_blur_strength_tablet=\u00bb1px\u00bb body_ul_text_shadow_horizontal_length=\u00bbbody_ul_text_shadow_style,%91object Object%93&#8243; body_ul_text_shadow_horizontal_length_tablet=\u00bb0px\u00bb body_ul_text_shadow_vertical_length=\u00bbbody_ul_text_shadow_style,%91object Object%93&#8243; body_ul_text_shadow_vertical_length_tablet=\u00bb0px\u00bb body_ul_text_shadow_blur_strength=\u00bbbody_ul_text_shadow_style,%91object Object%93&#8243; body_ul_text_shadow_blur_strength_tablet=\u00bb1px\u00bb body_ol_text_shadow_horizontal_length=\u00bbbody_ol_text_shadow_style,%91object Object%93&#8243; body_ol_text_shadow_horizontal_length_tablet=\u00bb0px\u00bb body_ol_text_shadow_vertical_length=\u00bbbody_ol_text_shadow_style,%91object Object%93&#8243; body_ol_text_shadow_vertical_length_tablet=\u00bb0px\u00bb body_ol_text_shadow_blur_strength=\u00bbbody_ol_text_shadow_style,%91object Object%93&#8243; body_ol_text_shadow_blur_strength_tablet=\u00bb1px\u00bb body_quote_text_shadow_horizontal_length=\u00bbbody_quote_text_shadow_style,%91object Object%93&#8243; body_quote_text_shadow_horizontal_length_tablet=\u00bb0px\u00bb body_quote_text_shadow_vertical_length=\u00bbbody_quote_text_shadow_style,%91object Object%93&#8243; body_quote_text_shadow_vertical_length_tablet=\u00bb0px\u00bb body_quote_text_shadow_blur_strength=\u00bbbody_quote_text_shadow_style,%91object Object%93&#8243; body_quote_text_shadow_blur_strength_tablet=\u00bb1px\u00bb author_text_shadow_horizontal_length=\u00bbauthor_text_shadow_style,%91object Object%93&#8243; author_text_shadow_horizontal_length_tablet=\u00bb0px\u00bb author_text_shadow_vertical_length=\u00bbauthor_text_shadow_style,%91object Object%93&#8243; author_text_shadow_vertical_length_tablet=\u00bb0px\u00bb author_text_shadow_blur_strength=\u00bbauthor_text_shadow_style,%91object Object%93&#8243; author_text_shadow_blur_strength_tablet=\u00bb1px\u00bb position_text_shadow_horizontal_length=\u00bbposition_text_shadow_style,%91object Object%93&#8243; position_text_shadow_horizontal_length_tablet=\u00bb0px\u00bb position_text_shadow_vertical_length=\u00bbposition_text_shadow_style,%91object Object%93&#8243; position_text_shadow_vertical_length_tablet=\u00bb0px\u00bb position_text_shadow_blur_strength=\u00bbposition_text_shadow_style,%91object Object%93&#8243; position_text_shadow_blur_strength_tablet=\u00bb1px\u00bb company_text_shadow_horizontal_length=\u00bbcompany_text_shadow_style,%91object Object%93&#8243; company_text_shadow_horizontal_length_tablet=\u00bb0px\u00bb company_text_shadow_vertical_length=\u00bbcompany_text_shadow_style,%91object Object%93&#8243; company_text_shadow_vertical_length_tablet=\u00bb0px\u00bb company_text_shadow_blur_strength=\u00bbcompany_text_shadow_style,%91object Object%93&#8243; company_text_shadow_blur_strength_tablet=\u00bb1px\u00bb box_shadow_horizontal_tablet=\u00bb0px\u00bb box_shadow_vertical_tablet=\u00bb0px\u00bb box_shadow_blur_tablet=\u00bb40px\u00bb box_shadow_spread_tablet=\u00bb0px\u00bb z_index_tablet=\u00bb500&#8243;]<\/p>\n<p><strong>No podemos aceptar que a 20 a\u00f1os del inicio del siglo XXI, alrededor de 258 millones de ni\u00f1os y ni\u00f1as y j\u00f3venes no asistan a la escuela, 617 millones de ni\u00f1os y ni\u00f1as y adolescentes no sepan leer ni hacer ejercicios b\u00e1sicos de matem\u00e1ticas y que millones de refugiados y desplazados internos y personas con discapacidad no asistan a la escuela. \u00a0<\/strong><\/p>\n<p>[\/et_pb_testimonial][et_pb_text _builder_version=\u00bb4.0.9&#8243; background_size=\u00bbinitial\u00bb background_position=\u00bbtop_left\u00bb background_repeat=\u00bbrepeat\u00bb border_style=\u00bbsolid\u00bb _i=\u00bb2&#8243; _address=\u00bb0.2.0.2&#8243; text_text_shadow_horizontal_length=\u00bbtext_text_shadow_style,%91object Object%93&#8243; text_text_shadow_horizontal_length_tablet=\u00bb0px\u00bb text_text_shadow_vertical_length=\u00bbtext_text_shadow_style,%91object Object%93&#8243; text_text_shadow_vertical_length_tablet=\u00bb0px\u00bb text_text_shadow_blur_strength=\u00bbtext_text_shadow_style,%91object Object%93&#8243; text_text_shadow_blur_strength_tablet=\u00bb1px\u00bb link_text_shadow_horizontal_length=\u00bblink_text_shadow_style,%91object Object%93&#8243; link_text_shadow_horizontal_length_tablet=\u00bb0px\u00bb link_text_shadow_vertical_length=\u00bblink_text_shadow_style,%91object Object%93&#8243; link_text_shadow_vertical_length_tablet=\u00bb0px\u00bb link_text_shadow_blur_strength=\u00bblink_text_shadow_style,%91object Object%93&#8243; link_text_shadow_blur_strength_tablet=\u00bb1px\u00bb ul_text_shadow_horizontal_length=\u00bbul_text_shadow_style,%91object Object%93&#8243; ul_text_shadow_horizontal_length_tablet=\u00bb0px\u00bb ul_text_shadow_vertical_length=\u00bbul_text_shadow_style,%91object Object%93&#8243; ul_text_shadow_vertical_length_tablet=\u00bb0px\u00bb ul_text_shadow_blur_strength=\u00bbul_text_shadow_style,%91object Object%93&#8243; ul_text_shadow_blur_strength_tablet=\u00bb1px\u00bb ol_text_shadow_horizontal_length=\u00bbol_text_shadow_style,%91object Object%93&#8243; ol_text_shadow_horizontal_length_tablet=\u00bb0px\u00bb ol_text_shadow_vertical_length=\u00bbol_text_shadow_style,%91object Object%93&#8243; ol_text_shadow_vertical_length_tablet=\u00bb0px\u00bb ol_text_shadow_blur_strength=\u00bbol_text_shadow_style,%91object Object%93&#8243; ol_text_shadow_blur_strength_tablet=\u00bb1px\u00bb quote_text_shadow_horizontal_length=\u00bbquote_text_shadow_style,%91object Object%93&#8243; quote_text_shadow_horizontal_length_tablet=\u00bb0px\u00bb quote_text_shadow_vertical_length=\u00bbquote_text_shadow_style,%91object Object%93&#8243; quote_text_shadow_vertical_length_tablet=\u00bb0px\u00bb quote_text_shadow_blur_strength=\u00bbquote_text_shadow_style,%91object Object%93&#8243; quote_text_shadow_blur_strength_tablet=\u00bb1px\u00bb header_text_shadow_horizontal_length=\u00bbheader_text_shadow_style,%91object Object%93&#8243; header_text_shadow_horizontal_length_tablet=\u00bb0px\u00bb header_text_shadow_vertical_length=\u00bbheader_text_shadow_style,%91object Object%93&#8243; header_text_shadow_vertical_length_tablet=\u00bb0px\u00bb header_text_shadow_blur_strength=\u00bbheader_text_shadow_style,%91object Object%93&#8243; header_text_shadow_blur_strength_tablet=\u00bb1px\u00bb header_2_text_shadow_horizontal_length=\u00bbheader_2_text_shadow_style,%91object Object%93&#8243; header_2_text_shadow_horizontal_length_tablet=\u00bb0px\u00bb header_2_text_shadow_vertical_length=\u00bbheader_2_text_shadow_style,%91object Object%93&#8243; header_2_text_shadow_vertical_length_tablet=\u00bb0px\u00bb header_2_text_shadow_blur_strength=\u00bbheader_2_text_shadow_style,%91object Object%93&#8243; header_2_text_shadow_blur_strength_tablet=\u00bb1px\u00bb header_3_text_shadow_horizontal_length=\u00bbheader_3_text_shadow_style,%91object Object%93&#8243; header_3_text_shadow_horizontal_length_tablet=\u00bb0px\u00bb header_3_text_shadow_vertical_length=\u00bbheader_3_text_shadow_style,%91object Object%93&#8243; header_3_text_shadow_vertical_length_tablet=\u00bb0px\u00bb header_3_text_shadow_blur_strength=\u00bbheader_3_text_shadow_style,%91object Object%93&#8243; header_3_text_shadow_blur_strength_tablet=\u00bb1px\u00bb header_4_text_shadow_horizontal_length=\u00bbheader_4_text_shadow_style,%91object Object%93&#8243; header_4_text_shadow_horizontal_length_tablet=\u00bb0px\u00bb header_4_text_shadow_vertical_length=\u00bbheader_4_text_shadow_style,%91object Object%93&#8243; header_4_text_shadow_vertical_length_tablet=\u00bb0px\u00bb header_4_text_shadow_blur_strength=\u00bbheader_4_text_shadow_style,%91object Object%93&#8243; header_4_text_shadow_blur_strength_tablet=\u00bb1px\u00bb header_5_text_shadow_horizontal_length=\u00bbheader_5_text_shadow_style,%91object Object%93&#8243; header_5_text_shadow_horizontal_length_tablet=\u00bb0px\u00bb header_5_text_shadow_vertical_length=\u00bbheader_5_text_shadow_style,%91object Object%93&#8243; header_5_text_shadow_vertical_length_tablet=\u00bb0px\u00bb header_5_text_shadow_blur_strength=\u00bbheader_5_text_shadow_style,%91object Object%93&#8243; header_5_text_shadow_blur_strength_tablet=\u00bb1px\u00bb header_6_text_shadow_horizontal_length=\u00bbheader_6_text_shadow_style,%91object Object%93&#8243; header_6_text_shadow_horizontal_length_tablet=\u00bb0px\u00bb header_6_text_shadow_vertical_length=\u00bbheader_6_text_shadow_style,%91object Object%93&#8243; header_6_text_shadow_vertical_length_tablet=\u00bb0px\u00bb header_6_text_shadow_blur_strength=\u00bbheader_6_text_shadow_style,%91object Object%93&#8243; header_6_text_shadow_blur_strength_tablet=\u00bb1px\u00bb box_shadow_horizontal_tablet=\u00bb0px\u00bb box_shadow_vertical_tablet=\u00bb0px\u00bb box_shadow_blur_tablet=\u00bb40px\u00bb box_shadow_spread_tablet=\u00bb0px\u00bb z_index_tablet=\u00bb500&#8243;]<\/p>\n<p>Excelencias,<\/p>\n<p>Distinguidas se\u00f1oras y distinguidos se\u00f1ores:<\/p>\n<p>Creo firmemente en el papel que pueden desempe\u00f1ar las alianzas en la aplicaci\u00f3n y el logro de los ODS. Por ello, mi oficina se ha dedicado especialmente a crearlas en las principales \u00e1reas prioritarias. A este respecto, doy las gracias a los Estados Miembros que se ponen en contacto con mi oficina, sugiriendo, entre otras cosas, propuestas concretas para atender algunas de las cuestiones mencionadas.<\/p>\n<p>La colaboraci\u00f3n de mi oficina con la India y Palau, por conducto del Fondo de Desarrollo de las Naciones Unidas para la India, para la ejecuci\u00f3n de un proyecto de renovaci\u00f3n de escuelas en Palau ayudar\u00e1 a que cientos de ni\u00f1os tengan acceso a la educaci\u00f3n. La escuela tambi\u00e9n ser\u00e1 sede de la conferencia sobre los oc\u00e9anos; es una demostraci\u00f3n pr\u00e1ctica de las alianzas, la cooperaci\u00f3n Sur-Sur y la colaboraci\u00f3n internacional, que seguir\u00e9 alentando.<\/p>\n<p>Tambi\u00e9n estamos estudiando la posibilidad de forjar una alianza con varios pa\u00edses sobre los nuevos compromisos que pueden asumir para aliviar la dif\u00edcil situaci\u00f3n de los refugiados y los ni\u00f1os desplazados, que no pueden recibir la educaci\u00f3n que necesitan y merecen, entre otras cosas.<\/p>\n<p>Por \u00faltimo, insto a los Estados Miembros y a los principales asociados a que estudien la viabilidad de establecer una red que re\u00fana a los agentes e interesados en la educaci\u00f3n ya existentes, con la esperanza de que se use para intercambiar informaci\u00f3n e ideas y para buscar formas de promover la causa de la educaci\u00f3n inclusiva de calidad.<\/p>\n<p>Antes de concluir, quisiera dar las gracias a los que han hecho posible que lleguemos hasta aqu\u00ed: a mi equipo, dirigido por el profesor Balogun, y a los funcionarios de la ±¬ÁÏÍøESCO, tanto en Par\u00eds como aqu\u00ed, entre otros.<\/p>\n<p>Muchas gracias y les deseo lo mejor en sus deliberaciones.<\/p>\n<p><em><a href=\"https:\/\/www.un.org\/pga\/74\/wp-content\/uploads\/sites\/99\/2020\/09\/2007229SEDUCATION.pdf\">Puede descargarse la declaraci\u00f3n en formato PDF<\/a>. <\/em><\/p>\n<p>[\/et_pb_text][\/et_pb_column][\/et_pb_row][\/et_pb_section]<\/p>\n","protected":false},"excerpt":{"rendered":"<p>Declaraci\u00f3n del Excmo. Sr. Tijjani Muhammad Bande, Presidente del septuag\u00e9simo cuarto per\u00edodo de sesiones de la Asamblea General de las Naciones Unidas<\/p>\n","protected":false},"author":266,"featured_media":197440,"comment_status":"closed","ping_status":"closed","sticky":false,"template":"","format":"standard","meta":{"_et_pb_use_builder":"on","_et_pb_old_content":"","_et_gb_content_width":"","footnotes":"","_links_to":"","_links_to_target":""},"categories":[418],"tags":[],"class_list":["post-230012","post","type-post","status-publish","format-standard","has-post-thumbnail","hentry","category-statements-es","et-has-post-format-content","et_post_format-et-post-format-standard"],"yoast_head":"<!-- This site is optimized with the Yoast SEO plugin v28.3 - https:\/\/yoast.com\/product\/yoast-seo-wordpress\/ -->\n<title>APERTURA DEL SEGMENTO INTERACTIVO DE ALTO NIVEL DEL D\u00cdA INTERNACIONAL DE LA EDUCACI\u00d3N - Asamblea General de las Naciones Unidas<\/title>\n<meta name=\"robots\" content=\"index, follow, max-snippet:-1, max-image-preview:large, max-video-preview:-1\" \/>\n<link rel=\"canonical\" href=\"https:\/\/www.un.org\/pga\/74\/2020\/01\/24\/international-day-of-education-4\/\" \/>\n<meta property=\"og:locale\" content=\"es_ES\" \/>\n<meta property=\"og:type\" content=\"article\" \/>\n<meta property=\"og:title\" content=\"APERTURA DEL SEGMENTO INTERACTIVO DE ALTO NIVEL DEL D\u00cdA INTERNACIONAL DE LA EDUCACI\u00d3N - Asamblea General de las Naciones Unidas\" \/>\n<meta property=\"og:description\" content=\"Declaraci\u00f3n del Excmo. Sr. Tijjani Muhammad Bande, Presidente del septuag\u00e9simo cuarto per\u00edodo de sesiones de la Asamblea General de las Naciones Unidas\" \/>\n<meta property=\"og:url\" content=\"https:\/\/www.un.org\/pga\/74\/2020\/01\/24\/international-day-of-education-4\/\" \/>\n<meta property=\"og:site_name\" content=\"Asamblea General de las Naciones Unidas\" \/>\n<meta property=\"article:published_time\" content=\"2020-01-24T16:32:17+00:00\" \/>\n<meta property=\"article:modified_time\" content=\"2020-09-10T16:11:04+00:00\" \/>\n<meta property=\"og:image\" content=\"https:\/\/www.un.org\/pga\/wp-content\/uploads\/sites\/99\/2020\/01\/1.jpg\" \/>\n\t<meta property=\"og:image:width\" content=\"1920\" \/>\n\t<meta property=\"og:image:height\" content=\"1080\" \/>\n\t<meta property=\"og:image:type\" content=\"image\/jpeg\" \/>\n<meta name=\"author\" content=\"Denise Kling\" \/>\n<meta name=\"twitter:card\" content=\"summary_large_image\" \/>\n<meta name=\"twitter:label1\" content=\"Escrito por\" \/>\n\t<meta name=\"twitter:data1\" content=\"Denise Kling\" \/>\n\t<meta name=\"twitter:label2\" content=\"Tiempo de lectura\" \/>\n\t<meta name=\"twitter:data2\" content=\"23 minutos\" \/>\n<script type=\"application\/ld+json\" class=\"yoast-schema-graph\">{\"@context\":\"https:\\\/\\\/schema.org\",\"@graph\":[{\"@type\":\"Article\",\"@id\":\"https:\\\/\\\/www.un.org\\\/pga\\\/74\\\/2020\\\/01\\\/24\\\/international-day-of-education-4\\\/#article\",\"isPartOf\":{\"@id\":\"https:\\\/\\\/www.un.org\\\/pga\\\/74\\\/2020\\\/01\\\/24\\\/international-day-of-education-4\\\/\"},\"author\":{\"name\":\"Denise Kling\",\"@id\":\"https:\\\/\\\/www.un.org\\\/pga\\\/74\\\/#\\\/schema\\\/person\\\/af470bea9354ed1b453ade6d22b5c9ee\"},\"headline\":\"APERTURA DEL SEGMENTO INTERACTIVO DE ALTO NIVEL DEL D\u00cdA INTERNACIONAL DE LA EDUCACI\u00d3N\",\"datePublished\":\"2020-01-24T16:32:17+00:00\",\"dateModified\":\"2020-09-10T16:11:04+00:00\",\"mainEntityOfPage\":{\"@id\":\"https:\\\/\\\/www.un.org\\\/pga\\\/74\\\/2020\\\/01\\\/24\\\/international-day-of-education-4\\\/\"},\"wordCount\":4531,\"image\":{\"@id\":\"https:\\\/\\\/www.un.org\\\/pga\\\/74\\\/2020\\\/01\\\/24\\\/international-day-of-education-4\\\/#primaryimage\"},\"thumbnailUrl\":\"https:\\\/\\\/www.un.org\\\/pga\\\/wp-content\\\/uploads\\\/sites\\\/99\\\/2020\\\/01\\\/1.jpg\",\"articleSection\":[\"Statements\"],\"inLanguage\":\"es\"},{\"@type\":\"WebPage\",\"@id\":\"https:\\\/\\\/www.un.org\\\/pga\\\/74\\\/2020\\\/01\\\/24\\\/international-day-of-education-4\\\/\",\"url\":\"https:\\\/\\\/www.un.org\\\/pga\\\/74\\\/2020\\\/01\\\/24\\\/international-day-of-education-4\\\/\",\"name\":\"APERTURA DEL SEGMENTO INTERACTIVO DE ALTO NIVEL DEL D\u00cdA INTERNACIONAL DE LA EDUCACI\u00d3N - Asamblea General de las Naciones Unidas\",\"isPartOf\":{\"@id\":\"https:\\\/\\\/www.un.org\\\/pga\\\/74\\\/#website\"},\"primaryImageOfPage\":{\"@id\":\"https:\\\/\\\/www.un.org\\\/pga\\\/74\\\/2020\\\/01\\\/24\\\/international-day-of-education-4\\\/#primaryimage\"},\"image\":{\"@id\":\"https:\\\/\\\/www.un.org\\\/pga\\\/74\\\/2020\\\/01\\\/24\\\/international-day-of-education-4\\\/#primaryimage\"},\"thumbnailUrl\":\"https:\\\/\\\/www.un.org\\\/pga\\\/wp-content\\\/uploads\\\/sites\\\/99\\\/2020\\\/01\\\/1.jpg\",\"datePublished\":\"2020-01-24T16:32:17+00:00\",\"dateModified\":\"2020-09-10T16:11:04+00:00\",\"author\":{\"@id\":\"https:\\\/\\\/www.un.org\\\/pga\\\/74\\\/#\\\/schema\\\/person\\\/af470bea9354ed1b453ade6d22b5c9ee\"},\"breadcrumb\":{\"@id\":\"https:\\\/\\\/www.un.org\\\/pga\\\/74\\\/2020\\\/01\\\/24\\\/international-day-of-education-4\\\/#breadcrumb\"},\"inLanguage\":\"es\",\"potentialAction\":[{\"@type\":\"ReadAction\",\"target\":[\"https:\\\/\\\/www.un.org\\\/pga\\\/74\\\/2020\\\/01\\\/24\\\/international-day-of-education-4\\\/\"]}]},{\"@type\":\"ImageObject\",\"inLanguage\":\"es\",\"@id\":\"https:\\\/\\\/www.un.org\\\/pga\\\/74\\\/2020\\\/01\\\/24\\\/international-day-of-education-4\\\/#primaryimage\",\"url\":\"https:\\\/\\\/www.un.org\\\/pga\\\/wp-content\\\/uploads\\\/sites\\\/99\\\/2020\\\/01\\\/1.jpg\",\"contentUrl\":\"https:\\\/\\\/www.un.org\\\/pga\\\/wp-content\\\/uploads\\\/sites\\\/99\\\/2020\\\/01\\\/1.jpg\",\"width\":1920,\"height\":1080},{\"@type\":\"BreadcrumbList\",\"@id\":\"https:\\\/\\\/www.un.org\\\/pga\\\/74\\\/2020\\\/01\\\/24\\\/international-day-of-education-4\\\/#breadcrumb\",\"itemListElement\":[{\"@type\":\"ListItem\",\"position\":1,\"name\":\"Home\",\"item\":\"https:\\\/\\\/www.un.org\\\/pga\\\/74\\\/es\\\/\"},{\"@type\":\"ListItem\",\"position\":2,\"name\":\"APERTURA DEL SEGMENTO INTERACTIVO DE ALTO NIVEL DEL D\u00cdA INTERNACIONAL DE LA EDUCACI\u00d3N\"}]},{\"@type\":\"WebSite\",\"@id\":\"https:\\\/\\\/www.un.org\\\/pga\\\/74\\\/#website\",\"url\":\"https:\\\/\\\/www.un.org\\\/pga\\\/74\\\/\",\"name\":\"Asamblea General de las Naciones Unidas\",\"description\":\"Presidente del 74\u00b0 per\u00edodo de sesiones\",\"potentialAction\":[{\"@type\":\"SearchAction\",\"target\":{\"@type\":\"EntryPoint\",\"urlTemplate\":\"https:\\\/\\\/www.un.org\\\/pga\\\/74\\\/?s={search_term_string}\"},\"query-input\":{\"@type\":\"PropertyValueSpecification\",\"valueRequired\":true,\"valueName\":\"search_term_string\"}}],\"inLanguage\":\"es\"},{\"@type\":\"Person\",\"@id\":\"https:\\\/\\\/www.un.org\\\/pga\\\/74\\\/#\\\/schema\\\/person\\\/af470bea9354ed1b453ade6d22b5c9ee\",\"name\":\"Denise Kling\",\"image\":{\"@type\":\"ImageObject\",\"inLanguage\":\"es\",\"@id\":\"https:\\\/\\\/secure.gravatar.com\\\/avatar\\\/b5fdae9d2ae28ca0f434202f2c9b6f29640a2b757fdbaa4592687900a399db3d?s=96&d=mm&r=g\",\"url\":\"https:\\\/\\\/secure.gravatar.com\\\/avatar\\\/b5fdae9d2ae28ca0f434202f2c9b6f29640a2b757fdbaa4592687900a399db3d?s=96&d=mm&r=g\",\"contentUrl\":\"https:\\\/\\\/secure.gravatar.com\\\/avatar\\\/b5fdae9d2ae28ca0f434202f2c9b6f29640a2b757fdbaa4592687900a399db3d?s=96&d=mm&r=g\",\"caption\":\"Denise Kling\"},\"url\":\"https:\\\/\\\/www.un.org\\\/pga\\\/74\\\/es\\\/author\\\/denise-klingun-org\\\/\"}]}<\/script>\n<!-- \/ Yoast SEO plugin. -->","yoast_head_json":{"title":"APERTURA DEL SEGMENTO INTERACTIVO DE ALTO NIVEL DEL D\u00cdA INTERNACIONAL DE LA EDUCACI\u00d3N - Asamblea General de las Naciones Unidas","robots":{"index":"index","follow":"follow","max-snippet":"max-snippet:-1","max-image-preview":"max-image-preview:large","max-video-preview":"max-video-preview:-1"},"canonical":"https:\/\/www.un.org\/pga\/74\/2020\/01\/24\/international-day-of-education-4\/","og_locale":"es_ES","og_type":"article","og_title":"APERTURA DEL SEGMENTO INTERACTIVO DE ALTO NIVEL DEL D\u00cdA INTERNACIONAL DE LA EDUCACI\u00d3N - Asamblea General de las Naciones Unidas","og_description":"Declaraci\u00f3n del Excmo. Sr. Tijjani Muhammad Bande, Presidente del septuag\u00e9simo cuarto per\u00edodo de sesiones de la Asamblea General de las Naciones Unidas","og_url":"https:\/\/www.un.org\/pga\/74\/2020\/01\/24\/international-day-of-education-4\/","og_site_name":"Asamblea General de las Naciones Unidas","article_published_time":"2020-01-24T16:32:17+00:00","article_modified_time":"2020-09-10T16:11:04+00:00","og_image":[{"width":1920,"height":1080,"url":"https:\/\/www.un.org\/pga\/wp-content\/uploads\/sites\/99\/2020\/01\/1.jpg","type":"image\/jpeg"}],"author":"Denise Kling","twitter_card":"summary_large_image","twitter_misc":{"Escrito por":"Denise Kling","Tiempo de lectura":"23 minutos"},"schema":{"@context":"https:\/\/schema.org","@graph":[{"@type":"Article","@id":"https:\/\/www.un.org\/pga\/74\/2020\/01\/24\/international-day-of-education-4\/#article","isPartOf":{"@id":"https:\/\/www.un.org\/pga\/74\/2020\/01\/24\/international-day-of-education-4\/"},"author":{"name":"Denise Kling","@id":"https:\/\/www.un.org\/pga\/74\/#\/schema\/person\/af470bea9354ed1b453ade6d22b5c9ee"},"headline":"APERTURA DEL SEGMENTO INTERACTIVO DE ALTO NIVEL DEL D\u00cdA INTERNACIONAL DE LA EDUCACI\u00d3N","datePublished":"2020-01-24T16:32:17+00:00","dateModified":"2020-09-10T16:11:04+00:00","mainEntityOfPage":{"@id":"https:\/\/www.un.org\/pga\/74\/2020\/01\/24\/international-day-of-education-4\/"},"wordCount":4531,"image":{"@id":"https:\/\/www.un.org\/pga\/74\/2020\/01\/24\/international-day-of-education-4\/#primaryimage"},"thumbnailUrl":"https:\/\/www.un.org\/pga\/wp-content\/uploads\/sites\/99\/2020\/01\/1.jpg","articleSection":["Statements"],"inLanguage":"es"},{"@type":"WebPage","@id":"https:\/\/www.un.org\/pga\/74\/2020\/01\/24\/international-day-of-education-4\/","url":"https:\/\/www.un.org\/pga\/74\/2020\/01\/24\/international-day-of-education-4\/","name":"APERTURA DEL SEGMENTO INTERACTIVO DE ALTO NIVEL DEL D\u00cdA INTERNACIONAL DE LA EDUCACI\u00d3N - Asamblea General de las Naciones Unidas","isPartOf":{"@id":"https:\/\/www.un.org\/pga\/74\/#website"},"primaryImageOfPage":{"@id":"https:\/\/www.un.org\/pga\/74\/2020\/01\/24\/international-day-of-education-4\/#primaryimage"},"image":{"@id":"https:\/\/www.un.org\/pga\/74\/2020\/01\/24\/international-day-of-education-4\/#primaryimage"},"thumbnailUrl":"https:\/\/www.un.org\/pga\/wp-content\/uploads\/sites\/99\/2020\/01\/1.jpg","datePublished":"2020-01-24T16:32:17+00:00","dateModified":"2020-09-10T16:11:04+00:00","author":{"@id":"https:\/\/www.un.org\/pga\/74\/#\/schema\/person\/af470bea9354ed1b453ade6d22b5c9ee"},"breadcrumb":{"@id":"https:\/\/www.un.org\/pga\/74\/2020\/01\/24\/international-day-of-education-4\/#breadcrumb"},"inLanguage":"es","potentialAction":[{"@type":"ReadAction","target":["https:\/\/www.un.org\/pga\/74\/2020\/01\/24\/international-day-of-education-4\/"]}]},{"@type":"ImageObject","inLanguage":"es","@id":"https:\/\/www.un.org\/pga\/74\/2020\/01\/24\/international-day-of-education-4\/#primaryimage","url":"https:\/\/www.un.org\/pga\/wp-content\/uploads\/sites\/99\/2020\/01\/1.jpg","contentUrl":"https:\/\/www.un.org\/pga\/wp-content\/uploads\/sites\/99\/2020\/01\/1.jpg","width":1920,"height":1080},{"@type":"BreadcrumbList","@id":"https:\/\/www.un.org\/pga\/74\/2020\/01\/24\/international-day-of-education-4\/#breadcrumb","itemListElement":[{"@type":"ListItem","position":1,"name":"Home","item":"https:\/\/www.un.org\/pga\/74\/es\/"},{"@type":"ListItem","position":2,"name":"APERTURA DEL SEGMENTO INTERACTIVO DE ALTO NIVEL DEL D\u00cdA INTERNACIONAL DE LA EDUCACI\u00d3N"}]},{"@type":"WebSite","@id":"https:\/\/www.un.org\/pga\/74\/#website","url":"https:\/\/www.un.org\/pga\/74\/","name":"Asamblea General de las Naciones Unidas","description":"Presidente del 74\u00b0 per\u00edodo de sesiones","potentialAction":[{"@type":"SearchAction","target":{"@type":"EntryPoint","urlTemplate":"https:\/\/www.un.org\/pga\/74\/?s={search_term_string}"},"query-input":{"@type":"PropertyValueSpecification","valueRequired":true,"valueName":"search_term_string"}}],"inLanguage":"es"},{"@type":"Person","@id":"https:\/\/www.un.org\/pga\/74\/#\/schema\/person\/af470bea9354ed1b453ade6d22b5c9ee","name":"Denise Kling","image":{"@type":"ImageObject","inLanguage":"es","@id":"https:\/\/secure.gravatar.com\/avatar\/b5fdae9d2ae28ca0f434202f2c9b6f29640a2b757fdbaa4592687900a399db3d?s=96&d=mm&r=g","url":"https:\/\/secure.gravatar.com\/avatar\/b5fdae9d2ae28ca0f434202f2c9b6f29640a2b757fdbaa4592687900a399db3d?s=96&d=mm&r=g","contentUrl":"https:\/\/secure.gravatar.com\/avatar\/b5fdae9d2ae28ca0f434202f2c9b6f29640a2b757fdbaa4592687900a399db3d?s=96&d=mm&r=g","caption":"Denise Kling"},"url":"https:\/\/www.un.org\/pga\/74\/es\/author\/denise-klingun-org\/"}]}},"_links":{"self":[{"href":"https:\/\/www.un.org\/pga\/74\/es\/wp-json\/wp\/v2\/posts\/230012","targetHints":{"allow":["GET"]}}],"collection":[{"href":"https:\/\/www.un.org\/pga\/74\/es\/wp-json\/wp\/v2\/posts"}],"about":[{"href":"https:\/\/www.un.org\/pga\/74\/es\/wp-json\/wp\/v2\/types\/post"}],"author":[{"embeddable":true,"href":"https:\/\/www.un.org\/pga\/74\/es\/wp-json\/wp\/v2\/users\/266"}],"replies":[{"embeddable":true,"href":"https:\/\/www.un.org\/pga\/74\/es\/wp-json\/wp\/v2\/comments?post=230012"}],"version-history":[{"count":0,"href":"https:\/\/www.un.org\/pga\/74\/es\/wp-json\/wp\/v2\/posts\/230012\/revisions"}],"wp:featuredmedia":[{"embeddable":true,"href":"https:\/\/www.un.org\/pga\/74\/es\/wp-json\/wp\/v2\/media\/197440"}],"wp:attachment":[{"href":"https:\/\/www.un.org\/pga\/74\/es\/wp-json\/wp\/v2\/media?parent=230012"}],"wp:term":[{"taxonomy":"category","embeddable":true,"href":"https:\/\/www.un.org\/pga\/74\/es\/wp-json\/wp\/v2\/categories?post=230012"},{"taxonomy":"post_tag","embeddable":true,"href":"https:\/\/www.un.org\/pga\/74\/es\/wp-json\/wp\/v2\/tags?post=230012"}],"curies":[{"name":"wp","href":"https:\/\/api.w.org\/{rel}","templated":true}]}}