  {"id":166134,"date":"2018-09-25T20:00:41","date_gmt":"2018-09-26T00:00:41","guid":{"rendered":"https:\/\/www.un.org\/pga\/73\/?p=166134"},"modified":"2018-10-16T11:34:10","modified_gmt":"2018-10-16T15:34:10","slug":"readout-meeting-with-the-secretary-general-of-the-organisation-of-economic-co-operation-and-development","status":"publish","type":"post","link":"https:\/\/www.un.org\/pga\/73\/2018\/09\/25\/readout-meeting-with-the-secretary-general-of-the-organisation-of-economic-co-operation-and-development\/","title":{"rendered":"READOUT: meeting with the Secretary-General of the Organisation of Economic Co-operation and Development"},"content":{"rendered":"<p>[et_pb_section bb_built=&#8221;1&#8243;][et_pb_row][et_pb_column type=&#8221;1_2&#8243;][et_pb_text _builder_version=&#8221;3.12.2&#8243; border_style=&#8221;solid&#8221; background_position=&#8221;top_left&#8221; background_repeat=&#8221;repeat&#8221; background_size=&#8221;initial&#8221;]<\/p>\n<p>The President of the 73rd session of the United Nations General Assembly, H.E. Ms. Mar\u00eda Fernanda Espinosa Garc\u00e9s, met with H.E. Mr. Juan Angel Gurr\u00eda, Secretary-General of the Organisation of Economic Co-operation and Development (OECD). The President of the General Assembly and the Secretary-General of the OECD discussed shared priorities for the 73rd session of the 爆料网 General Assembly, including decent work and gender equality, as well as policy approaches and metrics, and agreed on working together through the 73rd session of the General Assembly.<\/p>\n<p>[\/et_pb_text][\/et_pb_column][et_pb_column type=&#8221;1_2&#8243;][et_pb_image _builder_version=&#8221;3.12.2&#8243; src=&#8221;https:\/\/www.un.org\/pga\/73\/wp-content\/uploads\/sites\/53\/2018\/09\/20180925_AL_PGA-OECD-SG_0R1A7644.jpg&#8221; \/][\/et_pb_column][\/et_pb_row][\/et_pb_section]<\/p>\n","protected":false},"excerpt":{"rendered":"<p>READOUT: meeting with the Secretary-General of the Organisation of Economic Co-operation and Development <\/p>\n","protected":false},"author":202,"featured_media":167054,"comment_status":"closed","ping_status":"closed","sticky":false,"template":"","format":"standard","meta":{"_et_pb_use_builder":"on","_et_pb_old_content":"","_et_gb_content_width":"","footnotes":"","_links_to":"","_links_to_target":""},"categories":[325],"tags":[],"class_list":["post-166134","post","type-post","status-publish","format-standard","has-post-thumbnail","hentry","category-readout","et-has-post-format-content","et_post_format-et-post-format-standard"],"yoast_head":"<!-- This site is optimized with the Yoast SEO plugin v28.3 - https:\/\/yoast.com\/product\/yoast-seo-wordpress\/ -->\n<title>READOUT: meeting with the Secretary-General of the Organisation of Economic Co-operation and Development - General Assembly of the United Nations<\/title>\n<meta name=\"robots\" content=\"index, follow, max-snippet:-1, max-image-preview:large, max-video-preview:-1\" \/>\n<link rel=\"canonical\" href=\"https:\/\/www.un.org\/pga\/73\/2018\/09\/25\/readout-meeting-with-the-secretary-general-of-the-organisation-of-economic-co-operation-and-development\/\" \/>\n<meta property=\"og:locale\" content=\"en_US\" \/>\n<meta property=\"og:type\" content=\"article\" \/>\n<meta property=\"og:title\" content=\"READOUT: meeting with the Secretary-General of the Organisation of Economic Co-operation and Development - General Assembly of the United Nations\" \/>\n<meta property=\"og:description\" content=\"READOUT: meeting with the Secretary-General of the Organisation of Economic Co-operation and Development\" \/>\n<meta property=\"og:url\" content=\"https:\/\/www.un.org\/pga\/73\/2018\/09\/25\/readout-meeting-with-the-secretary-general-of-the-organisation-of-economic-co-operation-and-development\/\" \/>\n<meta property=\"og:site_name\" content=\"General Assembly of the United Nations\" \/>\n<meta property=\"article:published_time\" content=\"2018-09-26T00:00:41+00:00\" \/>\n<meta property=\"article:modified_time\" content=\"2018-10-16T15:34:10+00:00\" \/>\n<meta property=\"og:image\" content=\"https:\/\/www.un.org\/pga\/wp-content\/uploads\/sites\/53\/2018\/09\/20180925_AL_PGA-OECD-SG_0R1A7644.jpg\" \/>\n\t<meta property=\"og:image:width\" content=\"2048\" \/>\n\t<meta property=\"og:image:height\" content=\"1365\" \/>\n\t<meta property=\"og:image:type\" content=\"image\/jpeg\" \/>\n<meta name=\"author\" content=\"Katharina Kandt\" \/>\n<meta name=\"twitter:card\" content=\"summary_large_image\" \/>\n<meta name=\"twitter:label1\" content=\"Written by\" \/>\n\t<meta name=\"twitter:data1\" content=\"Katharina Kandt\" \/>\n\t<meta name=\"twitter:label2\" content=\"Est. reading time\" \/>\n\t<meta name=\"twitter:data2\" content=\"1 minute\" \/>\n<script type=\"application\/ld+json\" class=\"yoast-schema-graph\">{\"@context\":\"https:\\\/\\\/schema.org\",\"@graph\":[{\"@type\":\"Article\",\"@id\":\"https:\\\/\\\/www.un.org\\\/pga\\\/73\\\/2018\\\/09\\\/25\\\/readout-meeting-with-the-secretary-general-of-the-organisation-of-economic-co-operation-and-development\\\/#article\",\"isPartOf\":{\"@id\":\"https:\\\/\\\/www.un.org\\\/pga\\\/73\\\/2018\\\/09\\\/25\\\/readout-meeting-with-the-secretary-general-of-the-organisation-of-economic-co-operation-and-development\\\/\"},\"author\":{\"name\":\"Katharina Kandt\",\"@id\":\"https:\\\/\\\/www.un.org\\\/pga\\\/73\\\/#\\\/schema\\\/person\\\/06bf09e43d46846c087701ec99ac8412\"},\"headline\":\"READOUT: meeting with the Secretary-General of the Organisation of Economic Co-operation and Development\",\"datePublished\":\"2018-09-26T00:00:41+00:00\",\"dateModified\":\"2018-10-16T15:34:10+00:00\",\"mainEntityOfPage\":{\"@id\":\"https:\\\/\\\/www.un.org\\\/pga\\\/73\\\/2018\\\/09\\\/25\\\/readout-meeting-with-the-secretary-general-of-the-organisation-of-economic-co-operation-and-development\\\/\"},\"wordCount\":171,\"publisher\":{\"@id\":\"https:\\\/\\\/www.un.org\\\/pga\\\/73\\\/#organization\"},\"image\":{\"@id\":\"https:\\\/\\\/www.un.org\\\/pga\\\/73\\\/2018\\\/09\\\/25\\\/readout-meeting-with-the-secretary-general-of-the-organisation-of-economic-co-operation-and-development\\\/#primaryimage\"},\"thumbnailUrl\":\"https:\\\/\\\/www.un.org\\\/pga\\\/wp-content\\\/uploads\\\/sites\\\/53\\\/2018\\\/09\\\/20180925_AL_PGA-OECD-SG_0R1A7644.jpg\",\"articleSection\":[\"Readout\"],\"inLanguage\":\"en-US\"},{\"@type\":\"WebPage\",\"@id\":\"https:\\\/\\\/www.un.org\\\/pga\\\/73\\\/2018\\\/09\\\/25\\\/readout-meeting-with-the-secretary-general-of-the-organisation-of-economic-co-operation-and-development\\\/\",\"url\":\"https:\\\/\\\/www.un.org\\\/pga\\\/73\\\/2018\\\/09\\\/25\\\/readout-meeting-with-the-secretary-general-of-the-organisation-of-economic-co-operation-and-development\\\/\",\"name\":\"READOUT: meeting with the Secretary-General of the Organisation of Economic Co-operation and Development - General Assembly of the United Nations\",\"isPartOf\":{\"@id\":\"https:\\\/\\\/www.un.org\\\/pga\\\/73\\\/#website\"},\"primaryImageOfPage\":{\"@id\":\"https:\\\/\\\/www.un.org\\\/pga\\\/73\\\/2018\\\/09\\\/25\\\/readout-meeting-with-the-secretary-general-of-the-organisation-of-economic-co-operation-and-development\\\/#primaryimage\"},\"image\":{\"@id\":\"https:\\\/\\\/www.un.org\\\/pga\\\/73\\\/2018\\\/09\\\/25\\\/readout-meeting-with-the-secretary-general-of-the-organisation-of-economic-co-operation-and-development\\\/#primaryimage\"},\"thumbnailUrl\":\"https:\\\/\\\/www.un.org\\\/pga\\\/wp-content\\\/uploads\\\/sites\\\/53\\\/2018\\\/09\\\/20180925_AL_PGA-OECD-SG_0R1A7644.jpg\",\"datePublished\":\"2018-09-26T00:00:41+00:00\",\"dateModified\":\"2018-10-16T15:34:10+00:00\",\"breadcrumb\":{\"@id\":\"https:\\\/\\\/www.un.org\\\/pga\\\/73\\\/2018\\\/09\\\/25\\\/readout-meeting-with-the-secretary-general-of-the-organisation-of-economic-co-operation-and-development\\\/#breadcrumb\"},\"inLanguage\":\"en-US\",\"potentialAction\":[{\"@type\":\"ReadAction\",\"target\":[\"https:\\\/\\\/www.un.org\\\/pga\\\/73\\\/2018\\\/09\\\/25\\\/readout-meeting-with-the-secretary-general-of-the-organisation-of-economic-co-operation-and-development\\\/\"]}]},{\"@type\":\"ImageObject\",\"inLanguage\":\"en-US\",\"@id\":\"https:\\\/\\\/www.un.org\\\/pga\\\/73\\\/2018\\\/09\\\/25\\\/readout-meeting-with-the-secretary-general-of-the-organisation-of-economic-co-operation-and-development\\\/#primaryimage\",\"url\":\"https:\\\/\\\/www.un.org\\\/pga\\\/wp-content\\\/uploads\\\/sites\\\/53\\\/2018\\\/09\\\/20180925_AL_PGA-OECD-SG_0R1A7644.jpg\",\"contentUrl\":\"https:\\\/\\\/www.un.org\\\/pga\\\/wp-content\\\/uploads\\\/sites\\\/53\\\/2018\\\/09\\\/20180925_AL_PGA-OECD-SG_0R1A7644.jpg\",\"width\":2048,\"height\":1365,\"caption\":\"Mar\u00eda Fernanda Espinosa Garc\u00e9s, President of the seventy-third session of the General Assembly meets with OECD SG, Mr. Jos\u00e9 \u00c1ngel Gurr\u00eda Trevi\u00f1o.\"},{\"@type\":\"BreadcrumbList\",\"@id\":\"https:\\\/\\\/www.un.org\\\/pga\\\/73\\\/2018\\\/09\\\/25\\\/readout-meeting-with-the-secretary-general-of-the-organisation-of-economic-co-operation-and-development\\\/#breadcrumb\",\"itemListElement\":[{\"@type\":\"ListItem\",\"position\":1,\"name\":\"Home\",\"item\":\"https:\\\/\\\/www.un.org\\\/pga\\\/73\\\/\"},{\"@type\":\"ListItem\",\"position\":2,\"name\":\"READOUT: meeting with the Secretary-General of the Organisation of Economic Co-operation and Development\"}]},{\"@type\":\"WebSite\",\"@id\":\"https:\\\/\\\/www.un.org\\\/pga\\\/73\\\/#website\",\"url\":\"https:\\\/\\\/www.un.org\\\/pga\\\/73\\\/\",\"name\":\"General Assembly of the United Nations\",\"description\":\"President of the 73rd session\",\"publisher\":{\"@id\":\"https:\\\/\\\/www.un.org\\\/pga\\\/73\\\/#organization\"},\"potentialAction\":[{\"@type\":\"SearchAction\",\"target\":{\"@type\":\"EntryPoint\",\"urlTemplate\":\"https:\\\/\\\/www.un.org\\\/pga\\\/73\\\/?s={search_term_string}\"},\"query-input\":{\"@type\":\"PropertyValueSpecification\",\"valueRequired\":true,\"valueName\":\"search_term_string\"}}],\"inLanguage\":\"en-US\"},{\"@type\":\"Organization\",\"@id\":\"https:\\\/\\\/www.un.org\\\/pga\\\/73\\\/#organization\",\"name\":\"General Assembly of the United Nations\",\"url\":\"https:\\\/\\\/www.un.org\\\/pga\\\/73\\\/\",\"logo\":{\"@type\":\"ImageObject\",\"inLanguage\":\"en-US\",\"@id\":\"https:\\\/\\\/www.un.org\\\/pga\\\/73\\\/#\\\/schema\\\/logo\\\/image\\\/\",\"url\":\"https:\\\/\\\/www.un.org\\\/pga\\\/wp-content\\\/uploads\\\/sites\\\/53\\\/2018\\\/07\\\/18-00066a_爆料网GA73_Logos-no-type-04.png\",\"contentUrl\":\"https:\\\/\\\/www.un.org\\\/pga\\\/wp-content\\\/uploads\\\/sites\\\/53\\\/2018\\\/07\\\/18-00066a_爆料网GA73_Logos-no-type-04.png\",\"width\":529,\"height\":601,\"caption\":\"General Assembly of the United Nations\"},\"image\":{\"@id\":\"https:\\\/\\\/www.un.org\\\/pga\\\/73\\\/#\\\/schema\\\/logo\\\/image\\\/\"}},{\"@type\":\"Person\",\"@id\":\"https:\\\/\\\/www.un.org\\\/pga\\\/73\\\/#\\\/schema\\\/person\\\/06bf09e43d46846c087701ec99ac8412\",\"name\":\"Katharina Kandt\",\"image\":{\"@type\":\"ImageObject\",\"inLanguage\":\"en-US\",\"@id\":\"https:\\\/\\\/secure.gravatar.com\\\/avatar\\\/5e28c19bf52d2ea02ca4d78c4548f4e118fe08e94744f59f7938769a04ae856e?s=96&d=mm&r=g\",\"url\":\"https:\\\/\\\/secure.gravatar.com\\\/avatar\\\/5e28c19bf52d2ea02ca4d78c4548f4e118fe08e94744f59f7938769a04ae856e?s=96&d=mm&r=g\",\"contentUrl\":\"https:\\\/\\\/secure.gravatar.com\\\/avatar\\\/5e28c19bf52d2ea02ca4d78c4548f4e118fe08e94744f59f7938769a04ae856e?s=96&d=mm&r=g\",\"caption\":\"Katharina Kandt\"},\"url\":\"https:\\\/\\\/www.un.org\\\/pga\\\/73\\\/author\\\/kandtun-org\\\/\"}]}<\/script>\n<!-- \/ Yoast SEO plugin. -->","yoast_head_json":{"title":"READOUT: meeting with the Secretary-General of the Organisation of Economic Co-operation and Development - General Assembly of the United Nations","robots":{"index":"index","follow":"follow","max-snippet":"max-snippet:-1","max-image-preview":"max-image-preview:large","max-video-preview":"max-video-preview:-1"},"canonical":"https:\/\/www.un.org\/pga\/73\/2018\/09\/25\/readout-meeting-with-the-secretary-general-of-the-organisation-of-economic-co-operation-and-development\/","og_locale":"en_US","og_type":"article","og_title":"READOUT: meeting with the Secretary-General of the Organisation of Economic Co-operation and Development - General Assembly of the United Nations","og_description":"READOUT: meeting with the Secretary-General of the Organisation of Economic Co-operation and Development","og_url":"https:\/\/www.un.org\/pga\/73\/2018\/09\/25\/readout-meeting-with-the-secretary-general-of-the-organisation-of-economic-co-operation-and-development\/","og_site_name":"General Assembly of the United Nations","article_published_time":"2018-09-26T00:00:41+00:00","article_modified_time":"2018-10-16T15:34:10+00:00","og_image":[{"width":2048,"height":1365,"url":"https:\/\/www.un.org\/pga\/wp-content\/uploads\/sites\/53\/2018\/09\/20180925_AL_PGA-OECD-SG_0R1A7644.jpg","type":"image\/jpeg"}],"author":"Katharina Kandt","twitter_card":"summary_large_image","twitter_misc":{"Written by":"Katharina Kandt","Est. reading time":"1 minute"},"schema":{"@context":"https:\/\/schema.org","@graph":[{"@type":"Article","@id":"https:\/\/www.un.org\/pga\/73\/2018\/09\/25\/readout-meeting-with-the-secretary-general-of-the-organisation-of-economic-co-operation-and-development\/#article","isPartOf":{"@id":"https:\/\/www.un.org\/pga\/73\/2018\/09\/25\/readout-meeting-with-the-secretary-general-of-the-organisation-of-economic-co-operation-and-development\/"},"author":{"name":"Katharina Kandt","@id":"https:\/\/www.un.org\/pga\/73\/#\/schema\/person\/06bf09e43d46846c087701ec99ac8412"},"headline":"READOUT: meeting with the Secretary-General of the Organisation of Economic Co-operation and Development","datePublished":"2018-09-26T00:00:41+00:00","dateModified":"2018-10-16T15:34:10+00:00","mainEntityOfPage":{"@id":"https:\/\/www.un.org\/pga\/73\/2018\/09\/25\/readout-meeting-with-the-secretary-general-of-the-organisation-of-economic-co-operation-and-development\/"},"wordCount":171,"publisher":{"@id":"https:\/\/www.un.org\/pga\/73\/#organization"},"image":{"@id":"https:\/\/www.un.org\/pga\/73\/2018\/09\/25\/readout-meeting-with-the-secretary-general-of-the-organisation-of-economic-co-operation-and-development\/#primaryimage"},"thumbnailUrl":"https:\/\/www.un.org\/pga\/wp-content\/uploads\/sites\/53\/2018\/09\/20180925_AL_PGA-OECD-SG_0R1A7644.jpg","articleSection":["Readout"],"inLanguage":"en-US"},{"@type":"WebPage","@id":"https:\/\/www.un.org\/pga\/73\/2018\/09\/25\/readout-meeting-with-the-secretary-general-of-the-organisation-of-economic-co-operation-and-development\/","url":"https:\/\/www.un.org\/pga\/73\/2018\/09\/25\/readout-meeting-with-the-secretary-general-of-the-organisation-of-economic-co-operation-and-development\/","name":"READOUT: meeting with the Secretary-General of the Organisation of Economic Co-operation and Development - General Assembly of the United Nations","isPartOf":{"@id":"https:\/\/www.un.org\/pga\/73\/#website"},"primaryImageOfPage":{"@id":"https:\/\/www.un.org\/pga\/73\/2018\/09\/25\/readout-meeting-with-the-secretary-general-of-the-organisation-of-economic-co-operation-and-development\/#primaryimage"},"image":{"@id":"https:\/\/www.un.org\/pga\/73\/2018\/09\/25\/readout-meeting-with-the-secretary-general-of-the-organisation-of-economic-co-operation-and-development\/#primaryimage"},"thumbnailUrl":"https:\/\/www.un.org\/pga\/wp-content\/uploads\/sites\/53\/2018\/09\/20180925_AL_PGA-OECD-SG_0R1A7644.jpg","datePublished":"2018-09-26T00:00:41+00:00","dateModified":"2018-10-16T15:34:10+00:00","breadcrumb":{"@id":"https:\/\/www.un.org\/pga\/73\/2018\/09\/25\/readout-meeting-with-the-secretary-general-of-the-organisation-of-economic-co-operation-and-development\/#breadcrumb"},"inLanguage":"en-US","potentialAction":[{"@type":"ReadAction","target":["https:\/\/www.un.org\/pga\/73\/2018\/09\/25\/readout-meeting-with-the-secretary-general-of-the-organisation-of-economic-co-operation-and-development\/"]}]},{"@type":"ImageObject","inLanguage":"en-US","@id":"https:\/\/www.un.org\/pga\/73\/2018\/09\/25\/readout-meeting-with-the-secretary-general-of-the-organisation-of-economic-co-operation-and-development\/#primaryimage","url":"https:\/\/www.un.org\/pga\/wp-content\/uploads\/sites\/53\/2018\/09\/20180925_AL_PGA-OECD-SG_0R1A7644.jpg","contentUrl":"https:\/\/www.un.org\/pga\/wp-content\/uploads\/sites\/53\/2018\/09\/20180925_AL_PGA-OECD-SG_0R1A7644.jpg","width":2048,"height":1365,"caption":"Mar\u00eda Fernanda Espinosa Garc\u00e9s, President of the seventy-third session of the General Assembly meets with OECD SG, Mr. Jos\u00e9 \u00c1ngel Gurr\u00eda Trevi\u00f1o."},{"@type":"BreadcrumbList","@id":"https:\/\/www.un.org\/pga\/73\/2018\/09\/25\/readout-meeting-with-the-secretary-general-of-the-organisation-of-economic-co-operation-and-development\/#breadcrumb","itemListElement":[{"@type":"ListItem","position":1,"name":"Home","item":"https:\/\/www.un.org\/pga\/73\/"},{"@type":"ListItem","position":2,"name":"READOUT: meeting with the Secretary-General of the Organisation of Economic Co-operation and Development"}]},{"@type":"WebSite","@id":"https:\/\/www.un.org\/pga\/73\/#website","url":"https:\/\/www.un.org\/pga\/73\/","name":"General Assembly of the United Nations","description":"President of the 73rd session","publisher":{"@id":"https:\/\/www.un.org\/pga\/73\/#organization"},"potentialAction":[{"@type":"SearchAction","target":{"@type":"EntryPoint","urlTemplate":"https:\/\/www.un.org\/pga\/73\/?s={search_term_string}"},"query-input":{"@type":"PropertyValueSpecification","valueRequired":true,"valueName":"search_term_string"}}],"inLanguage":"en-US"},{"@type":"Organization","@id":"https:\/\/www.un.org\/pga\/73\/#organization","name":"General Assembly of the United Nations","url":"https:\/\/www.un.org\/pga\/73\/","logo":{"@type":"ImageObject","inLanguage":"en-US","@id":"https:\/\/www.un.org\/pga\/73\/#\/schema\/logo\/image\/","url":"https:\/\/www.un.org\/pga\/wp-content\/uploads\/sites\/53\/2018\/07\/18-00066a_爆料网GA73_Logos-no-type-04.png","contentUrl":"https:\/\/www.un.org\/pga\/wp-content\/uploads\/sites\/53\/2018\/07\/18-00066a_爆料网GA73_Logos-no-type-04.png","width":529,"height":601,"caption":"General Assembly of the United Nations"},"image":{"@id":"https:\/\/www.un.org\/pga\/73\/#\/schema\/logo\/image\/"}},{"@type":"Person","@id":"https:\/\/www.un.org\/pga\/73\/#\/schema\/person\/06bf09e43d46846c087701ec99ac8412","name":"Katharina Kandt","image":{"@type":"ImageObject","inLanguage":"en-US","@id":"https:\/\/secure.gravatar.com\/avatar\/5e28c19bf52d2ea02ca4d78c4548f4e118fe08e94744f59f7938769a04ae856e?s=96&d=mm&r=g","url":"https:\/\/secure.gravatar.com\/avatar\/5e28c19bf52d2ea02ca4d78c4548f4e118fe08e94744f59f7938769a04ae856e?s=96&d=mm&r=g","contentUrl":"https:\/\/secure.gravatar.com\/avatar\/5e28c19bf52d2ea02ca4d78c4548f4e118fe08e94744f59f7938769a04ae856e?s=96&d=mm&r=g","caption":"Katharina Kandt"},"url":"https:\/\/www.un.org\/pga\/73\/author\/kandtun-org\/"}]}},"_links":{"self":[{"href":"https:\/\/www.un.org\/pga\/73\/wp-json\/wp\/v2\/posts\/166134","targetHints":{"allow":["GET"]}}],"collection":[{"href":"https:\/\/www.un.org\/pga\/73\/wp-json\/wp\/v2\/posts"}],"about":[{"href":"https:\/\/www.un.org\/pga\/73\/wp-json\/wp\/v2\/types\/post"}],"author":[{"embeddable":true,"href":"https:\/\/www.un.org\/pga\/73\/wp-json\/wp\/v2\/users\/202"}],"replies":[{"embeddable":true,"href":"https:\/\/www.un.org\/pga\/73\/wp-json\/wp\/v2\/comments?post=166134"}],"version-history":[{"count":0,"href":"https:\/\/www.un.org\/pga\/73\/wp-json\/wp\/v2\/posts\/166134\/revisions"}],"wp:featuredmedia":[{"embeddable":true,"href":"https:\/\/www.un.org\/pga\/73\/wp-json\/wp\/v2\/media\/167054"}],"wp:attachment":[{"href":"https:\/\/www.un.org\/pga\/73\/wp-json\/wp\/v2\/media?parent=166134"}],"wp:term":[{"taxonomy":"category","embeddable":true,"href":"https:\/\/www.un.org\/pga\/73\/wp-json\/wp\/v2\/categories?post=166134"},{"taxonomy":"post_tag","embeddable":true,"href":"https:\/\/www.un.org\/pga\/73\/wp-json\/wp\/v2\/tags?post=166134"}],"curies":[{"name":"wp","href":"https:\/\/api.w.org\/{rel}","templated":true}]}}