  {"id":194571,"date":"2019-06-03T10:40:51","date_gmt":"2019-06-03T14:40:51","guid":{"rendered":"https:\/\/www.un.org\/pga\/73\/2019\/06\/03\/general-assembly-annual-meeting-to-review-the-progress-on-ending-aids\/"},"modified":"2019-06-03T17:54:45","modified_gmt":"2019-06-03T21:54:45","slug":"general-assembly-annual-meeting-to-review-the-progress-on-ending-aids","status":"publish","type":"post","link":"https:\/\/www.un.org\/pga\/73\/es\/2019\/06\/03\/general-assembly-annual-meeting-to-review-the-progress-on-ending-aids\/","title":{"rendered":"Reuni\u00f3n anual de la Asamblea General para examinar los progresos hacia la erradicaci\u00f3n de la epidemia de SIDA"},"content":{"rendered":"<p>[et_pb_section bb_built=\u00bb1&#8243;][et_pb_row][et_pb_column type=\u00bb4_4&#8243;][et_pb_text _builder_version=\u00bb3.19.7&#8243; border_style=\u00bbsolid\u00bb background_position=\u00bbtop_left\u00bb background_repeat=\u00bbrepeat\u00bb background_size=\u00bbinitial\u00bb]<\/p>\n<p style=\"text-align: center\"><strong><em>&#8211; Como Pronunciado &#8211;<\/em><\/strong><\/p>\n<p><strong>INTERVENCI\u00d3N DE LA PRESIDENTA DE LA ASAMBLEA GENERAL, S.E. MAR\u00cdA FERNANDA ESPINOSA<\/strong><\/p>\n<p><strong><span class=\"updated\">3 de Junio 2019<\/span><\/strong><\/p>\n<p><img loading=\"lazy\" decoding=\"async\" class=\"wp-image-194550 size-medium alignleft\" src=\"https:\/\/www.un.org\/pga\/73\/wp-content\/uploads\/sites\/53\/2019\/06\/Capture-300x187.png\" alt=\"\" width=\"300\" height=\"187\" srcset=\"https:\/\/www.un.org\/pga\/wp-content\/uploads\/sites\/53\/2019\/06\/Capture-300x187.png 300w, https:\/\/www.un.org\/pga\/wp-content\/uploads\/sites\/53\/2019\/06\/Capture-150x93.png 150w, https:\/\/www.un.org\/pga\/wp-content\/uploads\/sites\/53\/2019\/06\/Capture-768x478.png 768w, https:\/\/www.un.org\/pga\/wp-content\/uploads\/sites\/53\/2019\/06\/Capture-400x250.png 400w, https:\/\/www.un.org\/pga\/wp-content\/uploads\/sites\/53\/2019\/06\/Capture.png 899w\" sizes=\"(max-width: 300px) 100vw, 300px\" \/><\/p>\n<p>Estimada Maria Luiza Ribeiro Viotti, Jefa de Gabinete del Secretario General de las Naciones Unidas,<\/p>\n<p>Estimada Gunilla Carlsson, Directora Ejecutiva interina de ONU-SIDA,<\/p>\n<p>Distinguidos Representantes Permanentes, Delegadas y Delegados:<\/p>\n<p>En sus inicios, la epidemia de SIDA estuvo marcada por la desesperanza, el miedo y la exclusi\u00f3n; sin embargo, hoy, gracias a la excepcional acci\u00f3n colectiva emprendida a nivel mundial, podemos afirmar que su fin est\u00e1 a nuestro alcance.<\/p>\n<p>Quiero destacar el papel fundamental de la Asamblea General para mantener en el centro de la atenci\u00f3n internacional el compromiso en la lucha contra el VIH\/SIDA, estableciendo y dando seguimiento a ambiciosos objetivos, incluyendo la Agenda sobre Desarrollo Sostenible, en la que prometimos erradicar la epidemia para el a\u00f1o 2030.<\/p>\n<p>Agradezco al Secretario General por el Informe que nos ha presentado, de suma utilidad para nuestras deliberaciones.<\/p>\n<p>[\/et_pb_text][\/et_pb_column][\/et_pb_row][et_pb_row][et_pb_column type=\u00bb1_2&#8243;][et_pb_text _builder_version=\u00bb3.19.7&#8243;]<\/p>\n<p>Excelencias,<\/p>\n<p>Los enormes logros alcanzados en la respuesta al VIH\/SIDA en las \u00faltimas d\u00e9cadas, bajo el firme liderazgo de ONU-SIDA, es uno de los mejores ejemplos del multilateralismo en acci\u00f3n. Sin duda, es una muestra de lo que podemos conseguir cuando actuamos juntos en torno a una causa com\u00fan.<\/p>\n<p>Gracias a esos esfuerzos colectivos, lo que no hace mucho era una \u201csentencia de muerte\u201d, se ha convertido en una enfermedad cr\u00f3nica <em>cuando<\/em> la persona tiene acceso a la terapia antirretroviral. En el a\u00f1o 2017, un n\u00famero r\u00e9cord de 21,7 millones de personas que viven con VIH recibieron terapia antirretroviral, es decir, cinco veces y media m\u00e1s que hace apenas diez a\u00f1os.<\/p>\n<p>[\/et_pb_text][\/et_pb_column][et_pb_column type=\u00bb1_2&#8243;][et_pb_code _builder_version=\u00bb3.19.7&#8243;]\n<!-- iframe plugin v.6.0 wordpress.org\/plugins\/iframe\/ -->\n<iframe loading=\"lazy\" width=\"100%\" height=\"250\" src=\"\/\/www.un.org\/webcast\/1362235914001\/B1J3DDQJf_default\/index.html?videoId=6044058379001\" scrolling=\"yes\" class=\"iframe-class\" frameborder=\"0\"><\/iframe>\n<!-- [et_pb_line_break_holder] --><!-- [et_pb_line_break_holder] -->[\/et_pb_code][\/et_pb_column][\/et_pb_row][et_pb_row][et_pb_column type=\u00bb4_4&#8243;][et_pb_text _builder_version=\u00bb3.19.7&#8243;]<\/p>\n<p>Tambi\u00e9n hemos logrado evitar que los ni\u00f1os nazcan con VIH, <em>cuando<\/em> sus madres tienen acceso a la profilaxis necesaria. De hecho, son cada vez m\u00e1s los pa\u00edses en los que se ha eliminado la transmisi\u00f3n maternoinfantil del virus.<\/p>\n<p>Estos notables resultados han marcado una diferencia cr\u00edtica en la vida de millones de hombres, mujeres y ni\u00f1os. Sin embargo, no hay lugar para la complacencia o para bajar los brazos en la lucha. Muy por el contrario, este es el momento de intensificar los esfuerzos para cumplir con las metas acordadas, sobre todo, considerando que el progreso no ha sido igual en todos los pa\u00edses y regiones, y muchos podr\u00edan no alcanzar las metas para el a\u00f1o 2020, establecidas en la Declaraci\u00f3n Pol\u00edtica de 2016, lo que tambi\u00e9n impactar\u00eda en el cumplimiento de los ODS.<\/p>\n<p>Excelencias,<\/p>\n<p>Para ganar la batalla al SIDA es fundamental cumplir con los objetivos 90-90-90, ampliando el acceso a las pruebas de detecci\u00f3n del VIH y a la terapia antirretroviral.<\/p>\n<p>Tambi\u00e9n es esencial poner en marcha iniciativas espec\u00edficas para asegurar que los grupos de poblaci\u00f3n clave especialmente vulnerables al VIH tengan acceso a servicios integrales de prevenci\u00f3n y tratamiento del virus. No podremos poner fin a la epidemia de SIDA si estas personas contin\u00faan siendo estigmatizadas, discriminadas y desatendidas.<\/p>\n<p>Debemos empoderar a todas las personas y comunidades para que puedan protegerse del VIH y mitigar el impacto para quienes lo contraigan. Esto implica garantizar la igualdad de g\u00e9nero y el empoderamiento de las mujeres y las ni\u00f1as, brindar educaci\u00f3n integral a los j\u00f3venes y servicios de salud sexual y reproductiva, eliminar la violencia de g\u00e9nero y las barreras normativas y estructurales que impiden el acceso a los servicios relacionados con el VIH.<\/p>\n<p>Los pueblos ind\u00edgenas, los migrantes y los refugiados deben ser incluidos en los esfuerzos para detener la epidemia. Hacer realidad el compromiso de no dejar a nadie atr\u00e1s depende tambi\u00e9n de ello.<\/p>\n<p>El acceso de los pa\u00edses a las nuevas tecnolog\u00edas y a las herramientas m\u00e1s innovadoras y eficaces para la prevenci\u00f3n y el tratamiento es crucial.<\/p>\n<p>[\/et_pb_text][et_pb_testimonial _builder_version=\u00bb3.19.7&#8243; author=\u00bbMar\u00eda Fernanda Espinosa Garc\u00e9s\u00bb portrait_url=\u00bbhttps:\/\/www.un.org\/pga\/73\/wp-content\/uploads\/sites\/53\/2018\/09\/PGA-73084-e1537294481964.jpg\u00bb border_style=\u00bbsolid\u00bb job_title=\u00bbPRESIDENTA DE LA ASAMBLEA GENERAL\u00bb quote_icon_background_color=\u00bb#f5f5f5&#8243; background_position=\u00bbtop_left\u00bb background_repeat=\u00bbrepeat\u00bb background_size=\u00bbinitial\u00bb quote_icon_color=\u00bb#00aff8&#8243;]<\/p>\n<p><span style=\"color: #0000ff\">Los enormes logros alcanzados en la respuesta al VIH\/SIDA en las \u00faltimas d\u00e9cadas, bajo el firme liderazgo de ONU-SIDA, es uno de los mejores ejemplos del multilateralismo en acci\u00f3n. Sin duda, es una muestra de lo que podemos conseguir cuando actuamos juntos en torno a una causa com\u00fan.<\/span><\/p>\n<p>[\/et_pb_testimonial][et_pb_text _builder_version=\u00bb3.19.7&#8243; border_style=\u00bbsolid\u00bb background_position=\u00bbtop_left\u00bb background_repeat=\u00bbrepeat\u00bb background_size=\u00bbinitial\u00bb]<\/p>\n<p>Tenemos que seguir fortaleciendo la asociaci\u00f3n estrat\u00e9gica entre los Gobiernos, las organizaciones internacionales, el sector privado y el acad\u00e9mico, la sociedad civil, as\u00ed como con las personas que viven con VIH\/SIDA.<\/p>\n<p>Y, por supuesto, cerrar las brechas de financiaci\u00f3n es esencial. Necesitamos de m\u00e1s compromisos de los donantes y de la movilizaci\u00f3n de recursos nacionales para alcanzar el objetivo de inversi\u00f3n para el 2020. La pr\u00f3xima Conferencia de Reposici\u00f3n del Fondo Mundial de Lucha contra el SIDA, la Tuberculosis y la Malaria, que tendr\u00e1 lugar en octubre, en Lyon, Francia, ser\u00e1 decisiva para retomar el impulso y asegurar los fondos adecuados y suficientes para los pr\u00f3ximos a\u00f1os.<\/p>\n<p>Igualmente, quiero mencionar la relaci\u00f3n directa de este tema con la pr\u00f3xima reuni\u00f3n de alto nivel de la Asamblea General sobre Cobertura Sanitaria Universal, ocasi\u00f3n trascendental para mejorar y capitalizar los avances logrados. Debemos interponer nuestros mejores esfuerzos para asegurar que los servicios relacionados con el VIH se incluyan en el paquete integral de prestaciones sanitarias.<\/p>\n<p>Excelencias,<\/p>\n<p>A\u00fan estamos a tiempo de tomar las medidas urgentes y necesarias que nos permitan cumplir con la promesa de lograr un mundo libre de SIDA para el 2030.<\/p>\n<p>Seguir avanzando en ese camino se lo debemos a las millones de personas que no pudimos salvar y es el mejor legado que podemos brindar a las generaciones que vendr\u00e1n.<\/p>\n<p>Muchas gracias.<\/p>\n<p>[\/et_pb_text][\/et_pb_column][\/et_pb_row][\/et_pb_section]<\/p>\n","protected":false},"excerpt":{"rendered":"<p>INTERVENCI\u00d3N DE LA PRESIDENTA DE LA ASAMBLEA GENERAL, S.E. MAR\u00cdA FERNANDA ESPINOSA &#8211; Reuni\u00f3n anual de la Asamblea General para examinar los progresos hacia la erradicaci\u00f3n de la epidemia de SIDA<\/p>\n","protected":false},"author":266,"featured_media":194565,"comment_status":"closed","ping_status":"closed","sticky":false,"template":"","format":"standard","meta":{"_et_pb_use_builder":"on","_et_pb_old_content":"","_et_gb_content_width":"","footnotes":"","_links_to":"","_links_to_target":""},"categories":[181],"tags":[],"class_list":["post-194571","post","type-post","status-publish","format-standard","has-post-thumbnail","hentry","category-statements-es","et-has-post-format-content","et_post_format-et-post-format-standard"],"yoast_head":"<!-- This site is optimized with the Yoast SEO plugin v28.3 - https:\/\/yoast.com\/product\/yoast-seo-wordpress\/ -->\n<title>Reuni\u00f3n anual de la Asamblea General para examinar los progresos hacia la erradicaci\u00f3n de la epidemia de SIDA - Asamblea General de las Naciones Unidas<\/title>\n<meta name=\"robots\" content=\"index, follow, max-snippet:-1, max-image-preview:large, max-video-preview:-1\" \/>\n<link rel=\"canonical\" href=\"https:\/\/www.un.org\/pga\/73\/es\/2019\/06\/03\/general-assembly-annual-meeting-to-review-the-progress-on-ending-aids\/\" \/>\n<meta property=\"og:locale\" content=\"es_ES\" \/>\n<meta property=\"og:type\" content=\"article\" \/>\n<meta property=\"og:title\" content=\"Reuni\u00f3n anual de la Asamblea General para examinar los progresos hacia la erradicaci\u00f3n de la epidemia de SIDA - Asamblea General de las Naciones Unidas\" \/>\n<meta property=\"og:description\" content=\"INTERVENCI\u00d3N DE LA PRESIDENTA DE LA ASAMBLEA GENERAL, S.E. MAR\u00cdA FERNANDA ESPINOSA - Reuni\u00f3n anual de la Asamblea General para examinar los progresos hacia la erradicaci\u00f3n de la epidemia de SIDA\" \/>\n<meta property=\"og:url\" content=\"https:\/\/www.un.org\/pga\/73\/es\/2019\/06\/03\/general-assembly-annual-meeting-to-review-the-progress-on-ending-aids\/\" \/>\n<meta property=\"og:site_name\" content=\"Asamblea General de las Naciones Unidas\" \/>\n<meta property=\"article:published_time\" content=\"2019-06-03T14:40:51+00:00\" \/>\n<meta property=\"article:modified_time\" content=\"2019-06-03T21:54:45+00:00\" \/>\n<meta property=\"og:image\" content=\"https:\/\/www.un.org\/pga\/wp-content\/uploads\/sites\/53\/2019\/06\/Capture.png\" \/>\n\t<meta property=\"og:image:width\" content=\"899\" \/>\n\t<meta property=\"og:image:height\" content=\"560\" \/>\n\t<meta property=\"og:image:type\" content=\"image\/png\" \/>\n<meta name=\"author\" content=\"Denise Kling\" \/>\n<meta name=\"twitter:card\" content=\"summary_large_image\" \/>\n<meta name=\"twitter:label1\" content=\"Escrito por\" \/>\n\t<meta name=\"twitter:data1\" content=\"Denise Kling\" \/>\n\t<meta name=\"twitter:label2\" content=\"Tiempo de lectura\" \/>\n\t<meta name=\"twitter:data2\" content=\"6 minutos\" \/>\n<script type=\"application\/ld+json\" class=\"yoast-schema-graph\">{\"@context\":\"https:\\\/\\\/schema.org\",\"@graph\":[{\"@type\":\"Article\",\"@id\":\"https:\\\/\\\/www.un.org\\\/pga\\\/73\\\/es\\\/2019\\\/06\\\/03\\\/general-assembly-annual-meeting-to-review-the-progress-on-ending-aids\\\/#article\",\"isPartOf\":{\"@id\":\"https:\\\/\\\/www.un.org\\\/pga\\\/73\\\/es\\\/2019\\\/06\\\/03\\\/general-assembly-annual-meeting-to-review-the-progress-on-ending-aids\\\/\"},\"author\":{\"name\":\"Denise Kling\",\"@id\":\"https:\\\/\\\/www.un.org\\\/pga\\\/73\\\/#\\\/schema\\\/person\\\/af470bea9354ed1b453ade6d22b5c9ee\"},\"headline\":\"Reuni\u00f3n anual de la Asamblea General para examinar los progresos hacia la erradicaci\u00f3n de la epidemia de SIDA\",\"datePublished\":\"2019-06-03T14:40:51+00:00\",\"dateModified\":\"2019-06-03T21:54:45+00:00\",\"mainEntityOfPage\":{\"@id\":\"https:\\\/\\\/www.un.org\\\/pga\\\/73\\\/es\\\/2019\\\/06\\\/03\\\/general-assembly-annual-meeting-to-review-the-progress-on-ending-aids\\\/\"},\"wordCount\":1158,\"publisher\":{\"@id\":\"https:\\\/\\\/www.un.org\\\/pga\\\/73\\\/#organization\"},\"image\":{\"@id\":\"https:\\\/\\\/www.un.org\\\/pga\\\/73\\\/es\\\/2019\\\/06\\\/03\\\/general-assembly-annual-meeting-to-review-the-progress-on-ending-aids\\\/#primaryimage\"},\"thumbnailUrl\":\"https:\\\/\\\/www.un.org\\\/pga\\\/wp-content\\\/uploads\\\/sites\\\/53\\\/2019\\\/06\\\/Capture.png\",\"articleSection\":[\"Declaraciones\"],\"inLanguage\":\"es\"},{\"@type\":\"WebPage\",\"@id\":\"https:\\\/\\\/www.un.org\\\/pga\\\/73\\\/es\\\/2019\\\/06\\\/03\\\/general-assembly-annual-meeting-to-review-the-progress-on-ending-aids\\\/\",\"url\":\"https:\\\/\\\/www.un.org\\\/pga\\\/73\\\/es\\\/2019\\\/06\\\/03\\\/general-assembly-annual-meeting-to-review-the-progress-on-ending-aids\\\/\",\"name\":\"Reuni\u00f3n anual de la Asamblea General para examinar los progresos hacia la erradicaci\u00f3n de la epidemia de SIDA - Asamblea General de las Naciones Unidas\",\"isPartOf\":{\"@id\":\"https:\\\/\\\/www.un.org\\\/pga\\\/73\\\/#website\"},\"primaryImageOfPage\":{\"@id\":\"https:\\\/\\\/www.un.org\\\/pga\\\/73\\\/es\\\/2019\\\/06\\\/03\\\/general-assembly-annual-meeting-to-review-the-progress-on-ending-aids\\\/#primaryimage\"},\"image\":{\"@id\":\"https:\\\/\\\/www.un.org\\\/pga\\\/73\\\/es\\\/2019\\\/06\\\/03\\\/general-assembly-annual-meeting-to-review-the-progress-on-ending-aids\\\/#primaryimage\"},\"thumbnailUrl\":\"https:\\\/\\\/www.un.org\\\/pga\\\/wp-content\\\/uploads\\\/sites\\\/53\\\/2019\\\/06\\\/Capture.png\",\"datePublished\":\"2019-06-03T14:40:51+00:00\",\"dateModified\":\"2019-06-03T21:54:45+00:00\",\"breadcrumb\":{\"@id\":\"https:\\\/\\\/www.un.org\\\/pga\\\/73\\\/es\\\/2019\\\/06\\\/03\\\/general-assembly-annual-meeting-to-review-the-progress-on-ending-aids\\\/#breadcrumb\"},\"inLanguage\":\"es\",\"potentialAction\":[{\"@type\":\"ReadAction\",\"target\":[\"https:\\\/\\\/www.un.org\\\/pga\\\/73\\\/es\\\/2019\\\/06\\\/03\\\/general-assembly-annual-meeting-to-review-the-progress-on-ending-aids\\\/\"]}]},{\"@type\":\"ImageObject\",\"inLanguage\":\"es\",\"@id\":\"https:\\\/\\\/www.un.org\\\/pga\\\/73\\\/es\\\/2019\\\/06\\\/03\\\/general-assembly-annual-meeting-to-review-the-progress-on-ending-aids\\\/#primaryimage\",\"url\":\"https:\\\/\\\/www.un.org\\\/pga\\\/wp-content\\\/uploads\\\/sites\\\/53\\\/2019\\\/06\\\/Capture.png\",\"contentUrl\":\"https:\\\/\\\/www.un.org\\\/pga\\\/wp-content\\\/uploads\\\/sites\\\/53\\\/2019\\\/06\\\/Capture.png\",\"width\":899,\"height\":560},{\"@type\":\"BreadcrumbList\",\"@id\":\"https:\\\/\\\/www.un.org\\\/pga\\\/73\\\/es\\\/2019\\\/06\\\/03\\\/general-assembly-annual-meeting-to-review-the-progress-on-ending-aids\\\/#breadcrumb\",\"itemListElement\":[{\"@type\":\"ListItem\",\"position\":1,\"name\":\"Home\",\"item\":\"https:\\\/\\\/www.un.org\\\/pga\\\/73\\\/es\\\/\"},{\"@type\":\"ListItem\",\"position\":2,\"name\":\"Reuni\u00f3n anual de la Asamblea General para examinar los progresos hacia la erradicaci\u00f3n de la epidemia de SIDA\"}]},{\"@type\":\"WebSite\",\"@id\":\"https:\\\/\\\/www.un.org\\\/pga\\\/73\\\/#website\",\"url\":\"https:\\\/\\\/www.un.org\\\/pga\\\/73\\\/\",\"name\":\"General Assembly of the United Nations\",\"description\":\"Presidenta del 73\u00b0 per\u00edodo de sesiones\",\"publisher\":{\"@id\":\"https:\\\/\\\/www.un.org\\\/pga\\\/73\\\/#organization\"},\"potentialAction\":[{\"@type\":\"SearchAction\",\"target\":{\"@type\":\"EntryPoint\",\"urlTemplate\":\"https:\\\/\\\/www.un.org\\\/pga\\\/73\\\/?s={search_term_string}\"},\"query-input\":{\"@type\":\"PropertyValueSpecification\",\"valueRequired\":true,\"valueName\":\"search_term_string\"}}],\"inLanguage\":\"es\"},{\"@type\":\"Organization\",\"@id\":\"https:\\\/\\\/www.un.org\\\/pga\\\/73\\\/#organization\",\"name\":\"General Assembly of the United Nations\",\"url\":\"https:\\\/\\\/www.un.org\\\/pga\\\/73\\\/\",\"logo\":{\"@type\":\"ImageObject\",\"inLanguage\":\"es\",\"@id\":\"https:\\\/\\\/www.un.org\\\/pga\\\/73\\\/#\\\/schema\\\/logo\\\/image\\\/\",\"url\":\"https:\\\/\\\/www.un.org\\\/pga\\\/wp-content\\\/uploads\\\/sites\\\/53\\\/2018\\\/07\\\/18-00066a_±¬ÁÏÍøGA73_Logos-no-type-04.png\",\"contentUrl\":\"https:\\\/\\\/www.un.org\\\/pga\\\/wp-content\\\/uploads\\\/sites\\\/53\\\/2018\\\/07\\\/18-00066a_±¬ÁÏÍøGA73_Logos-no-type-04.png\",\"width\":529,\"height\":601,\"caption\":\"General Assembly of the United Nations\"},\"image\":{\"@id\":\"https:\\\/\\\/www.un.org\\\/pga\\\/73\\\/#\\\/schema\\\/logo\\\/image\\\/\"}},{\"@type\":\"Person\",\"@id\":\"https:\\\/\\\/www.un.org\\\/pga\\\/73\\\/#\\\/schema\\\/person\\\/af470bea9354ed1b453ade6d22b5c9ee\",\"name\":\"Denise Kling\",\"image\":{\"@type\":\"ImageObject\",\"inLanguage\":\"es\",\"@id\":\"https:\\\/\\\/secure.gravatar.com\\\/avatar\\\/b5fdae9d2ae28ca0f434202f2c9b6f29640a2b757fdbaa4592687900a399db3d?s=96&d=mm&r=g\",\"url\":\"https:\\\/\\\/secure.gravatar.com\\\/avatar\\\/b5fdae9d2ae28ca0f434202f2c9b6f29640a2b757fdbaa4592687900a399db3d?s=96&d=mm&r=g\",\"contentUrl\":\"https:\\\/\\\/secure.gravatar.com\\\/avatar\\\/b5fdae9d2ae28ca0f434202f2c9b6f29640a2b757fdbaa4592687900a399db3d?s=96&d=mm&r=g\",\"caption\":\"Denise Kling\"},\"url\":\"https:\\\/\\\/www.un.org\\\/pga\\\/73\\\/es\\\/author\\\/denise-klingun-org\\\/\"}]}<\/script>\n<!-- \/ Yoast SEO plugin. -->","yoast_head_json":{"title":"Reuni\u00f3n anual de la Asamblea General para examinar los progresos hacia la erradicaci\u00f3n de la epidemia de SIDA - Asamblea General de las Naciones Unidas","robots":{"index":"index","follow":"follow","max-snippet":"max-snippet:-1","max-image-preview":"max-image-preview:large","max-video-preview":"max-video-preview:-1"},"canonical":"https:\/\/www.un.org\/pga\/73\/es\/2019\/06\/03\/general-assembly-annual-meeting-to-review-the-progress-on-ending-aids\/","og_locale":"es_ES","og_type":"article","og_title":"Reuni\u00f3n anual de la Asamblea General para examinar los progresos hacia la erradicaci\u00f3n de la epidemia de SIDA - Asamblea General de las Naciones Unidas","og_description":"INTERVENCI\u00d3N DE LA PRESIDENTA DE LA ASAMBLEA GENERAL, S.E. MAR\u00cdA FERNANDA ESPINOSA - Reuni\u00f3n anual de la Asamblea General para examinar los progresos hacia la erradicaci\u00f3n de la epidemia de SIDA","og_url":"https:\/\/www.un.org\/pga\/73\/es\/2019\/06\/03\/general-assembly-annual-meeting-to-review-the-progress-on-ending-aids\/","og_site_name":"Asamblea General de las Naciones Unidas","article_published_time":"2019-06-03T14:40:51+00:00","article_modified_time":"2019-06-03T21:54:45+00:00","og_image":[{"width":899,"height":560,"url":"https:\/\/www.un.org\/pga\/wp-content\/uploads\/sites\/53\/2019\/06\/Capture.png","type":"image\/png"}],"author":"Denise Kling","twitter_card":"summary_large_image","twitter_misc":{"Escrito por":"Denise Kling","Tiempo de lectura":"6 minutos"},"schema":{"@context":"https:\/\/schema.org","@graph":[{"@type":"Article","@id":"https:\/\/www.un.org\/pga\/73\/es\/2019\/06\/03\/general-assembly-annual-meeting-to-review-the-progress-on-ending-aids\/#article","isPartOf":{"@id":"https:\/\/www.un.org\/pga\/73\/es\/2019\/06\/03\/general-assembly-annual-meeting-to-review-the-progress-on-ending-aids\/"},"author":{"name":"Denise Kling","@id":"https:\/\/www.un.org\/pga\/73\/#\/schema\/person\/af470bea9354ed1b453ade6d22b5c9ee"},"headline":"Reuni\u00f3n anual de la Asamblea General para examinar los progresos hacia la erradicaci\u00f3n de la epidemia de SIDA","datePublished":"2019-06-03T14:40:51+00:00","dateModified":"2019-06-03T21:54:45+00:00","mainEntityOfPage":{"@id":"https:\/\/www.un.org\/pga\/73\/es\/2019\/06\/03\/general-assembly-annual-meeting-to-review-the-progress-on-ending-aids\/"},"wordCount":1158,"publisher":{"@id":"https:\/\/www.un.org\/pga\/73\/#organization"},"image":{"@id":"https:\/\/www.un.org\/pga\/73\/es\/2019\/06\/03\/general-assembly-annual-meeting-to-review-the-progress-on-ending-aids\/#primaryimage"},"thumbnailUrl":"https:\/\/www.un.org\/pga\/wp-content\/uploads\/sites\/53\/2019\/06\/Capture.png","articleSection":["Declaraciones"],"inLanguage":"es"},{"@type":"WebPage","@id":"https:\/\/www.un.org\/pga\/73\/es\/2019\/06\/03\/general-assembly-annual-meeting-to-review-the-progress-on-ending-aids\/","url":"https:\/\/www.un.org\/pga\/73\/es\/2019\/06\/03\/general-assembly-annual-meeting-to-review-the-progress-on-ending-aids\/","name":"Reuni\u00f3n anual de la Asamblea General para examinar los progresos hacia la erradicaci\u00f3n de la epidemia de SIDA - Asamblea General de las Naciones Unidas","isPartOf":{"@id":"https:\/\/www.un.org\/pga\/73\/#website"},"primaryImageOfPage":{"@id":"https:\/\/www.un.org\/pga\/73\/es\/2019\/06\/03\/general-assembly-annual-meeting-to-review-the-progress-on-ending-aids\/#primaryimage"},"image":{"@id":"https:\/\/www.un.org\/pga\/73\/es\/2019\/06\/03\/general-assembly-annual-meeting-to-review-the-progress-on-ending-aids\/#primaryimage"},"thumbnailUrl":"https:\/\/www.un.org\/pga\/wp-content\/uploads\/sites\/53\/2019\/06\/Capture.png","datePublished":"2019-06-03T14:40:51+00:00","dateModified":"2019-06-03T21:54:45+00:00","breadcrumb":{"@id":"https:\/\/www.un.org\/pga\/73\/es\/2019\/06\/03\/general-assembly-annual-meeting-to-review-the-progress-on-ending-aids\/#breadcrumb"},"inLanguage":"es","potentialAction":[{"@type":"ReadAction","target":["https:\/\/www.un.org\/pga\/73\/es\/2019\/06\/03\/general-assembly-annual-meeting-to-review-the-progress-on-ending-aids\/"]}]},{"@type":"ImageObject","inLanguage":"es","@id":"https:\/\/www.un.org\/pga\/73\/es\/2019\/06\/03\/general-assembly-annual-meeting-to-review-the-progress-on-ending-aids\/#primaryimage","url":"https:\/\/www.un.org\/pga\/wp-content\/uploads\/sites\/53\/2019\/06\/Capture.png","contentUrl":"https:\/\/www.un.org\/pga\/wp-content\/uploads\/sites\/53\/2019\/06\/Capture.png","width":899,"height":560},{"@type":"BreadcrumbList","@id":"https:\/\/www.un.org\/pga\/73\/es\/2019\/06\/03\/general-assembly-annual-meeting-to-review-the-progress-on-ending-aids\/#breadcrumb","itemListElement":[{"@type":"ListItem","position":1,"name":"Home","item":"https:\/\/www.un.org\/pga\/73\/es\/"},{"@type":"ListItem","position":2,"name":"Reuni\u00f3n anual de la Asamblea General para examinar los progresos hacia la erradicaci\u00f3n de la epidemia de SIDA"}]},{"@type":"WebSite","@id":"https:\/\/www.un.org\/pga\/73\/#website","url":"https:\/\/www.un.org\/pga\/73\/","name":"General Assembly of the United Nations","description":"Presidenta del 73\u00b0 per\u00edodo de sesiones","publisher":{"@id":"https:\/\/www.un.org\/pga\/73\/#organization"},"potentialAction":[{"@type":"SearchAction","target":{"@type":"EntryPoint","urlTemplate":"https:\/\/www.un.org\/pga\/73\/?s={search_term_string}"},"query-input":{"@type":"PropertyValueSpecification","valueRequired":true,"valueName":"search_term_string"}}],"inLanguage":"es"},{"@type":"Organization","@id":"https:\/\/www.un.org\/pga\/73\/#organization","name":"General Assembly of the United Nations","url":"https:\/\/www.un.org\/pga\/73\/","logo":{"@type":"ImageObject","inLanguage":"es","@id":"https:\/\/www.un.org\/pga\/73\/#\/schema\/logo\/image\/","url":"https:\/\/www.un.org\/pga\/wp-content\/uploads\/sites\/53\/2018\/07\/18-00066a_±¬ÁÏÍøGA73_Logos-no-type-04.png","contentUrl":"https:\/\/www.un.org\/pga\/wp-content\/uploads\/sites\/53\/2018\/07\/18-00066a_±¬ÁÏÍøGA73_Logos-no-type-04.png","width":529,"height":601,"caption":"General Assembly of the United Nations"},"image":{"@id":"https:\/\/www.un.org\/pga\/73\/#\/schema\/logo\/image\/"}},{"@type":"Person","@id":"https:\/\/www.un.org\/pga\/73\/#\/schema\/person\/af470bea9354ed1b453ade6d22b5c9ee","name":"Denise Kling","image":{"@type":"ImageObject","inLanguage":"es","@id":"https:\/\/secure.gravatar.com\/avatar\/b5fdae9d2ae28ca0f434202f2c9b6f29640a2b757fdbaa4592687900a399db3d?s=96&d=mm&r=g","url":"https:\/\/secure.gravatar.com\/avatar\/b5fdae9d2ae28ca0f434202f2c9b6f29640a2b757fdbaa4592687900a399db3d?s=96&d=mm&r=g","contentUrl":"https:\/\/secure.gravatar.com\/avatar\/b5fdae9d2ae28ca0f434202f2c9b6f29640a2b757fdbaa4592687900a399db3d?s=96&d=mm&r=g","caption":"Denise Kling"},"url":"https:\/\/www.un.org\/pga\/73\/es\/author\/denise-klingun-org\/"}]}},"_links":{"self":[{"href":"https:\/\/www.un.org\/pga\/73\/es\/wp-json\/wp\/v2\/posts\/194571","targetHints":{"allow":["GET"]}}],"collection":[{"href":"https:\/\/www.un.org\/pga\/73\/es\/wp-json\/wp\/v2\/posts"}],"about":[{"href":"https:\/\/www.un.org\/pga\/73\/es\/wp-json\/wp\/v2\/types\/post"}],"author":[{"embeddable":true,"href":"https:\/\/www.un.org\/pga\/73\/es\/wp-json\/wp\/v2\/users\/266"}],"replies":[{"embeddable":true,"href":"https:\/\/www.un.org\/pga\/73\/es\/wp-json\/wp\/v2\/comments?post=194571"}],"version-history":[{"count":0,"href":"https:\/\/www.un.org\/pga\/73\/es\/wp-json\/wp\/v2\/posts\/194571\/revisions"}],"wp:featuredmedia":[{"embeddable":true,"href":"https:\/\/www.un.org\/pga\/73\/es\/wp-json\/wp\/v2\/media\/194565"}],"wp:attachment":[{"href":"https:\/\/www.un.org\/pga\/73\/es\/wp-json\/wp\/v2\/media?parent=194571"}],"wp:term":[{"taxonomy":"category","embeddable":true,"href":"https:\/\/www.un.org\/pga\/73\/es\/wp-json\/wp\/v2\/categories?post=194571"},{"taxonomy":"post_tag","embeddable":true,"href":"https:\/\/www.un.org\/pga\/73\/es\/wp-json\/wp\/v2\/tags?post=194571"}],"curies":[{"name":"wp","href":"https:\/\/api.w.org\/{rel}","templated":true}]}}