  {"id":187717,"date":"2019-04-24T18:26:16","date_gmt":"2019-04-24T22:26:16","guid":{"rendered":"https:\/\/www.un.org\/pga\/73\/2019\/04\/24\/international-day-of-multilateralism-and-diplomacy-for-peace-4\/"},"modified":"2019-04-24T18:37:10","modified_gmt":"2019-04-24T22:37:10","slug":"international-day-of-multilateralism-and-diplomacy-for-peace-4","status":"publish","type":"post","link":"https:\/\/www.un.org\/pga\/73\/es\/2019\/04\/24\/international-day-of-multilateralism-and-diplomacy-for-peace-4\/","title":{"rendered":"D\u00eda Internacional del Multilateralismo y la Diplomacia para la Paz"},"content":{"rendered":"<p>[et_pb_section bb_built=\u00bb1&#8243;][et_pb_row][et_pb_column type=\u00bb4_4&#8243;][et_pb_text _builder_version=\u00bb3.19.7&#8243; border_style=\u00bbsolid\u00bb background_position=\u00bbtop_left\u00bb background_repeat=\u00bbrepeat\u00bb background_size=\u00bbinitial\u00bb]<\/p>\n<p style=\"text-align: center\"><strong><em>&#8211; Como Pronunciado &#8211;<\/em><\/strong><\/p>\n<p><strong>INTERVENCI\u00d3N DE LA PRESIDENTA DEL 73\u00ba PERIODO DE SESIONES DE LA ASAMBLEA GENERAL, S.E. MARIA FERNANDA ESPINOSA<\/strong><\/p>\n<p><strong><span class=\"updated\">24 de Abril\u00a0 2019<\/span><\/strong><\/p>\n<p><img loading=\"lazy\" decoding=\"async\" class=\"wp-image-187675  alignleft\" src=\"https:\/\/www.un.org\/pga\/73\/wp-content\/uploads\/sites\/53\/2019\/04\/805515-GA-am-24_04_2019-12.49.23-300x200.jpg\" alt=\"\" width=\"341\" height=\"227\" srcset=\"https:\/\/www.un.org\/pga\/wp-content\/uploads\/sites\/53\/2019\/04\/805515-GA-am-24_04_2019-12.49.23-300x200.jpg 300w, https:\/\/www.un.org\/pga\/wp-content\/uploads\/sites\/53\/2019\/04\/805515-GA-am-24_04_2019-12.49.23-150x100.jpg 150w, https:\/\/www.un.org\/pga\/wp-content\/uploads\/sites\/53\/2019\/04\/805515-GA-am-24_04_2019-12.49.23-768x512.jpg 768w, https:\/\/www.un.org\/pga\/wp-content\/uploads\/sites\/53\/2019\/04\/805515-GA-am-24_04_2019-12.49.23-1024x683.jpg 1024w, https:\/\/www.un.org\/pga\/wp-content\/uploads\/sites\/53\/2019\/04\/805515-GA-am-24_04_2019-12.49.23-1080x720.jpg 1080w, https:\/\/www.un.org\/pga\/wp-content\/uploads\/sites\/53\/2019\/04\/805515-GA-am-24_04_2019-12.49.23.jpg 2048w\" sizes=\"(max-width: 341px) 100vw, 341px\" \/><\/p>\n<p>Estimados Ministros,<\/p>\n<p>Excelencias,<\/p>\n<p>Querida Mar\u00eda Luiza Ribeiro Viotti, Jefa de Gabinete del Secretario General,<\/p>\n<p>Se\u00f1oras y se\u00f1ores:<\/p>\n<p>Me siento realmente privilegiada de presidir la primera conmemoraci\u00f3n del \u201cD\u00eda Internacional del Multilateralismo y la Diplomacia para la Paz\u201d.<\/p>\n<p>Quiero reconocer al Movimiento de Pa\u00edses No Alineados, as\u00ed como a todos los Estados Miembros que impulsaron y apoyaron la declaraci\u00f3n de este d\u00eda internacional.<\/p>\n<p>El mensaje, sin precedentes, de todos los \u00d3rganos Principales de la ONU, que acabamos de escuchar, refleja una coincidencia perfecta de nuestra determinaci\u00f3n por preservar y fortalecer el multilateralismo.<\/p>\n<p>Excelencias,<\/p>\n<p>Hoy abordar\u00e9 tres puntos esenciales.<\/p>\n<p>En primer lugar, me referir\u00e9 a los retos globales y a los desaf\u00edos del multilateralismo.<\/p>\n<p>En este misma Asamblea hemos escuchado que el multilateralismo est\u00e1 siendo cuestionado y que enfrentamos un d\u00e9ficit de confianza en las instituciones en general y en nuestra Organizaci\u00f3n en particular.<\/p>\n<p>Y esto ocurre porque vivimos en un mundo cada vez m\u00e1s polarizado, m\u00e1s fragmentado, con m\u00e1s conflictos y problemas que resolver, desde el hambre, hasta las crisis humanitarias, desde el cambio clim\u00e1tico hasta el terrorismo.<\/p>\n<p>Esto coincide con el resurgimiento de nacionalismos extremos que ponen en cuesti\u00f3n la validez y la existencia misma de un orden internacional basado en reglas.<\/p>\n<p>[\/et_pb_text][\/et_pb_column][\/et_pb_row][et_pb_row][et_pb_column type=\u00bb1_2&#8243;][et_pb_text _builder_version=\u00bb3.19.7&#8243;]<\/p>\n<p>Excelencias,<\/p>\n<p>Hoy, los desaf\u00edos de naturaleza supranacional y multidimensional se han multiplicado.<\/p>\n<p>Sabemos, por ejemplo, que ning\u00fan pa\u00eds puede escapar de los devastadores efectos del cambio clim\u00e1tico, que representa una amenaza existencial para la humanidad y el planeta.<\/p>\n<p>650 millones de personas viven en extrema pobreza y m\u00e1s de 821 millones sufren hambre.<\/p>\n<p>Adem\u00e1s, las mujeres, en todos los pa\u00edses, sin excepci\u00f3n, contin\u00faan sufriendo m\u00faltiples formas de discriminaci\u00f3n y violencia solo por ser mujeres.<\/p>\n<p>[\/et_pb_text][\/et_pb_column][et_pb_column type=\u00bb1_2&#8243;][et_pb_code _builder_version=\u00bb3.19.7&#8243;]\n<!-- iframe plugin v.6.0 wordpress.org\/plugins\/iframe\/ -->\n<iframe loading=\"lazy\" width=\"100%\" height=\"250\" src=\"\/\/www.un.org\/webcast\/1362235914001\/B1J3DDQJf_default\/index.html?videoId=6029474467001\" scrolling=\"yes\" class=\"iframe-class\" frameborder=\"0\"><\/iframe>\n<!-- [et_pb_line_break_holder] --><!-- [et_pb_line_break_holder] -->[\/et_pb_code][\/et_pb_column][\/et_pb_row][et_pb_row][et_pb_column type=\u00bb4_4&#8243;][et_pb_text _builder_version=\u00bb3.19.7&#8243;]<\/p>\n<p>As\u00ed tambi\u00e9n las tensiones geopol\u00edticas y los conflictos no han desaparecido; las guerras siguen cobrando la vida de personas inocentes, de mujeres, de ni\u00f1as y ni\u00f1os.<\/p>\n<p>El terrorismo persiste, sin respetar fronteras ni nacionalidades ni edad ni fe. Nada lo justifica.<\/p>\n<p>A prop\u00f3sito de este flagelo, deseo reiterar una vez m\u00e1s, mi pesar y solidaridad con el Gobierno y el Pueblo de Sri Lanka y con las v\u00edctimas de los atroces ataques terroristas, ocurridos en esta Pascua. Condeno firmemente estos hechos. Dedico este d\u00eda internacional, y nuestros esfuerzos, a esas y a todas las v\u00edctimas de la violencia.<\/p>\n<p>Excelencias,<\/p>\n<p>No podremos reconstruir la confianza en el multilateralismo si excluimos a aquellos para quienes trabajamos, a aquellos, que junto con nosotros, los Estados, pueden aportar soluciones y asumir compromisos.<\/p>\n<p>Nuestros Pueblos anhelan una Gobernanza Global inclusiva.<\/p>\n<p>Es por eso que \u00abacercar la ONU a las personas, y las personas a la ONU\u00bb ha sido una constante prioridad de mi Presidencia.<\/p>\n<p>Para lograrlo debemos aprender a comunicar mejor para la gente, fuera de este edificio, lo cual me lleva a mi segundo punto.<\/p>\n<p>Quiero destacar el legado del multilateralismo y de la diplomacia de paz para nuestros pueblos y naciones.<\/p>\n<p>Nuestra Organizaci\u00f3n ha dado luz a acuerdos fundamentales, de vocaci\u00f3n universal, que han hecho del mundo un lugar m\u00e1s seguro, m\u00e1s saludable, m\u00e1s justo y con mayores oportunidades para todos y todas.<\/p>\n<p>La Declaraci\u00f3n Universal de los Derechos Humanos, cuyo 70 a\u00f1os celebramos en diciembre pasado, surgi\u00f3 del seno de la Asamblea General, as\u00ed como las convenciones, pactos y declaraciones que se refieren a la paz, a los derechos humanos y al desarrollo, incluyendo la Agenda 2030.<\/p>\n<p>En estas siete d\u00e9cadas las Naciones Unidas han sido fundamentales en la soluci\u00f3n pac\u00edfica de conflictos y controversias. Las Naciones Unidas han salvado millones de vidas.<\/p>\n<p>No existe regi\u00f3n alguna en la que no haya aportado a consolidar la paz. Sus misiones de mantenimiento de la paz operan en entornos dif\u00edciles, protegiendo a la poblaci\u00f3n civil y a los m\u00e1s vulnerables.<\/p>\n<p>El personal desplegado en las misiones ayuda, d\u00eda en d\u00eda, a pacificar y a promover la reconciliaci\u00f3n.<\/p>\n<p>Es innegable que la Organizaci\u00f3n de las Naciones Unidas ha transformado el destino de la humanidad.<\/p>\n<p>Como la principal plataforma para el di\u00e1logo y los acuerdos entre Estados soberanos, ha tenido impacto real en la salud, la seguridad, el bienestar, la dignidad de millones de personas.<\/p>\n<p>La permanente b\u00fasqueda de acuerdos y la promoci\u00f3n de una cooperaci\u00f3n que respeta la diversidad y las diferencias entre los Estados, son el motor de nuestro trabajo diario.<\/p>\n<p>Con la Resoluci\u00f3n 73\/127, esta Asamblea General reafirm\u00f3 la fe de nuestros pueblos en los prop\u00f3sitos y principios consagrados en la Carta, y reiter\u00f3 la relevancia del multilateralismo y del derecho internacional para impulsar el objetivo com\u00fan de una paz duradera y sostenida, a trav\u00e9s de la diplomacia.<\/p>\n<p>[\/et_pb_text][et_pb_testimonial _builder_version=\u00bb3.19.7&#8243; author=\u00bbMar\u00eda Fernanda Espinosa Garc\u00e9s\u00bb portrait_url=\u00bbhttps:\/\/www.un.org\/pga\/73\/wp-content\/uploads\/sites\/53\/2018\/09\/PGA-73084-e1537294481964.jpg\u00bb border_style=\u00bbsolid\u00bb job_title=\u00bbPRESIDENTA DEL 73\u00ba PERIODO DE SESIONES DE LA ASAMBLEA GENERAL\u00bb quote_icon_background_color=\u00bb#f5f5f5&#8243; background_position=\u00bbtop_left\u00bb background_repeat=\u00bbrepeat\u00bb background_size=\u00bbinitial\u00bb quote_icon_color=\u00bb#00aff8&#8243;]<\/p>\n<p><span style=\"color: #0000ff\">Frente a los cuestionamientos la respuesta es m\u00e1s multilateralismo, m\u00e1s cooperaci\u00f3n. Frente a la desconfianza, la respuesta es m\u00e1s eficiencia y m\u00e1s transparencia. Frente a la violencia, la respuesta es m\u00e1s diplomacia y m\u00e1s di\u00e1logo. Frente al unilateralismo, la respuesta es m\u00e1s solidaridad y mayor acci\u00f3n colectiva.<\/span><\/p>\n<p>[\/et_pb_testimonial][et_pb_text _builder_version=\u00bb3.19.7&#8243; border_style=\u00bbsolid\u00bb background_position=\u00bbtop_left\u00bb background_repeat=\u00bbrepeat\u00bb background_size=\u00bbinitial\u00bb]<\/p>\n<p>Excelencias,<\/p>\n<p>Para alcanzar y sostener la paz y el desarrollo sostenible, el multilateralismo no es solamente la v\u00eda m\u00e1s eficiente, sino la \u00fanica v\u00eda posible.<\/p>\n<p>Debemos poner fin a la falsa idea de que el multilateralismo menoscaba la soberan\u00eda de los Estados cuando en realidad hace lo contrario, la refuerza. Por ello, en cada una de mis actividades, dentro y fuera de esta Organizaci\u00f3n, lo reitero, ning\u00fan pa\u00eds por poderoso que sea puede resolver por s\u00ed solo los desaf\u00edos que enfrentamos.<\/p>\n<p>La mayor\u00eda de los l\u00edderes del mundo comparte esta visi\u00f3n y as\u00ed lo expresaron durante el Debate General de septiembre pasado, en el que llamaron a fortalecer un sistema internacional basado en reglas, y a nuestra Organizaci\u00f3n.<\/p>\n<p>Y ese es el mismo apoyo expresado para la diplomacia multilateral en la reuni\u00f3n que convoqu\u00e9, en febrero de este a\u00f1o, con siete ex Presidentes de la Asamblea General.<\/p>\n<p>Hemos logrado mucho, es cierto, pero tenemos todav\u00eda un largo camino por recorrer.<\/p>\n<p>En tercer lugar, me referir\u00e9 a la necesidad de revitalizar nuestra Organizaci\u00f3n y fortalecer la confianza en el multilateralismo, para lo cual quiero hacer tambi\u00e9n un llamado a la acci\u00f3n: debemos y podemos lograr una Organizaci\u00f3n m\u00e1s fuerte y m\u00e1s eficaz.<\/p>\n<p>Excelencias,<\/p>\n<p>De hoy en adelante, cada a\u00f1o, el 24 de abril ser\u00e1 una oportunidad para evaluar la contribuci\u00f3n de nuestra Organizaci\u00f3n a la humanidad.<\/p>\n<p>Y para lograr siempre mejores resultados, es esencial contar con una Organizaci\u00f3n m\u00e1s efectiva, m\u00e1s transparente y m\u00e1s \u00e1gil, que responda genuinamente a las aspiraciones de los pueblos.<\/p>\n<p>Debemos tambi\u00e9n lograr un orden internacional m\u00e1s justo y m\u00e1s equitativo.<\/p>\n<p>Es fundamental redoblar esfuerzos para hacer realidad los compromisos asumidos: erradicar la pobreza y reducir la desigualdad; asegurar la salud y la educaci\u00f3n para todas las personas; proteger el medio ambiente; y asegurar la paz. Y es imperativo que lleguemos primero a los m\u00e1s vulnerables y excluidos, a aquellos que todav\u00eda est\u00e1n sumidos en la desconfianza, en el temor y la pobreza.<\/p>\n<p>Debemos lograr que la Organizaci\u00f3n de las Naciones Unidas sea relevante para todas las personas.<\/p>\n<p>Ayer, para ampliar nuestro di\u00e1logo, convoqu\u00e9 un Foro informal sobre \u201cla importancia del multilateralismo\u201d. El intercambio fue muy sustantivo, pero quiero destacar, en particular, una de las conclusiones. Si logramos un progreso tangible en la implementaci\u00f3n de los Objetivos de Desarrollo Sostenible, esa realidad, para las personas en el terreno mejorar\u00e1 la vida de todas las personas, ser\u00e1 m\u00e1s fuerte que cualquier discurso.<\/p>\n<p>Tengamos la valent\u00eda de cambiar y mejorar: nuestros m\u00e9todos de trabajo, la calidad de las resoluciones que aprobamos y, por supuesto, su implementaci\u00f3n.<\/p>\n<p>Tengamos la valent\u00eda de concretar y de ejecutar las reformas que acordamos. Hagamos que la Organizaci\u00f3n y todos sus \u00d3rganos, funcionen como las piezas de un reloj de precisi\u00f3n, con un mismo engranaje.<\/p>\n<p>Apoyemos el proceso la revitalizaci\u00f3n del \u00f3rgano m\u00e1s democr\u00e1tico y representativo, la Asamblea General. Tomemos las medidas m\u00e1s apropiadas para modernizar sus estructuras y el trabajo diario de la diplomacia multilateral.<\/p>\n<p>En tan solo dos a\u00f1os m\u00e1s, celebraremos el 75 aniversario de las Naciones Unidas. Esa ser\u00e1 una ocasi\u00f3n privilegiada para reforzar las bases fundacionales de esta Organizaci\u00f3n: como es el anhelo de un mundo sin guerras, sin hambre, con menos sufrimiento, en el que todos los pueblos sean libres y gocen de las mismas oportunidades de desarrollo y bienestar.<\/p>\n<p>Excelencias,<\/p>\n<p>Tenemos la oportunidad \u00fanica de inclinar la balanza del lado justo de la historia.<\/p>\n<p>Frente a los cuestionamientos la respuesta es m\u00e1s multilateralismo, m\u00e1s cooperaci\u00f3n. Frente a la desconfianza, la respuesta es m\u00e1s eficiencia y m\u00e1s transparencia. Frente a la violencia, la respuesta es m\u00e1s diplomacia y m\u00e1s di\u00e1logo. Frente al unilateralismo, la respuesta es m\u00e1s solidaridad y mayor acci\u00f3n colectiva.<\/p>\n<p>Finalmente, como Presidenta de la Asamblea General quiero asegurarles que ese cometido continuar\u00e1 estando en el centro de mis esfuerzos: lograr m\u00e1s di\u00e1logo, m\u00e1s colaboraci\u00f3n, m\u00e1s acuerdos y m\u00e1s acci\u00f3n.<\/p>\n<p>Sobre todo m\u00e1s acci\u00f3n para asegurar un mundo m\u00e1s pac\u00edfico, m\u00e1s inclusivo, menos desigual y m\u00e1s humano; un mundo con el que so\u00f1amos hace 73 a\u00f1os, y que todav\u00eda podemos hacer realidad.<\/p>\n<p>Muchas gracias.<\/p>\n<p>[\/et_pb_text][\/et_pb_column][\/et_pb_row][\/et_pb_section]<\/p>\n","protected":false},"excerpt":{"rendered":"<p>INTERVENCI\u00d3N DE LA PRESIDENTA DEL 73\u00ba PERIODO DE SESIONES DE LA ASAMBLEA GENERAL, S.E. MARIA FERNANDA ESPINOSA &#8211; Reuni\u00f3n de Alto Nivel de la Asamblea General para conmemorar el D\u00eda Internacional del Multilateralismo y la Diplomacia para la Paz<\/p>\n","protected":false},"author":266,"featured_media":187690,"comment_status":"closed","ping_status":"closed","sticky":false,"template":"","format":"standard","meta":{"_et_pb_use_builder":"on","_et_pb_old_content":"","_et_gb_content_width":"","footnotes":"","_links_to":"","_links_to_target":""},"categories":[181,181],"tags":[],"class_list":["post-187717","post","type-post","status-publish","format-standard","has-post-thumbnail","hentry","category-statements-es","et-has-post-format-content","et_post_format-et-post-format-standard"],"yoast_head":"<!-- This site is optimized with the Yoast SEO plugin v28.3 - https:\/\/yoast.com\/product\/yoast-seo-wordpress\/ -->\n<title>D\u00eda Internacional del Multilateralismo y la Diplomacia para la Paz - Asamblea General de las Naciones Unidas<\/title>\n<meta name=\"robots\" content=\"index, follow, max-snippet:-1, max-image-preview:large, max-video-preview:-1\" \/>\n<link rel=\"canonical\" href=\"https:\/\/www.un.org\/pga\/73\/2019\/04\/24\/international-day-of-multilateralism-and-diplomacy-for-peace-4\/\" \/>\n<meta property=\"og:locale\" content=\"es_ES\" \/>\n<meta property=\"og:type\" content=\"article\" \/>\n<meta property=\"og:title\" content=\"D\u00eda Internacional del Multilateralismo y la Diplomacia para la Paz - Asamblea General de las Naciones Unidas\" \/>\n<meta property=\"og:description\" content=\"INTERVENCI\u00d3N DE LA PRESIDENTA DEL 73\u00ba PERIODO DE SESIONES DE LA ASAMBLEA GENERAL, S.E. MARIA FERNANDA ESPINOSA - Reuni\u00f3n de Alto Nivel de la Asamblea General para conmemorar el D\u00eda Internacional del Multilateralismo y la Diplomacia para la Paz\" \/>\n<meta property=\"og:url\" content=\"https:\/\/www.un.org\/pga\/73\/2019\/04\/24\/international-day-of-multilateralism-and-diplomacy-for-peace-4\/\" \/>\n<meta property=\"og:site_name\" content=\"Asamblea General de las Naciones Unidas\" \/>\n<meta property=\"article:published_time\" content=\"2019-04-24T22:26:16+00:00\" \/>\n<meta property=\"article:modified_time\" content=\"2019-04-24T22:37:10+00:00\" \/>\n<meta property=\"og:image\" content=\"https:\/\/www.un.org\/pga\/wp-content\/uploads\/sites\/53\/2019\/04\/805515-GA-am-24_04_2019-12.49.23.jpg\" \/>\n\t<meta property=\"og:image:width\" content=\"5940\" \/>\n\t<meta property=\"og:image:height\" content=\"3960\" \/>\n\t<meta property=\"og:image:type\" content=\"image\/jpeg\" \/>\n<meta name=\"author\" content=\"Denise Kling\" \/>\n<meta name=\"twitter:card\" content=\"summary_large_image\" \/>\n<meta name=\"twitter:label1\" content=\"Escrito por\" \/>\n\t<meta name=\"twitter:data1\" content=\"Denise Kling\" \/>\n\t<meta name=\"twitter:label2\" content=\"Tiempo de lectura\" \/>\n\t<meta name=\"twitter:data2\" content=\"9 minutos\" \/>\n<script type=\"application\/ld+json\" class=\"yoast-schema-graph\">{\"@context\":\"https:\\\/\\\/schema.org\",\"@graph\":[{\"@type\":\"Article\",\"@id\":\"https:\\\/\\\/www.un.org\\\/pga\\\/73\\\/2019\\\/04\\\/24\\\/international-day-of-multilateralism-and-diplomacy-for-peace-4\\\/#article\",\"isPartOf\":{\"@id\":\"https:\\\/\\\/www.un.org\\\/pga\\\/73\\\/2019\\\/04\\\/24\\\/international-day-of-multilateralism-and-diplomacy-for-peace-4\\\/\"},\"author\":{\"name\":\"Denise Kling\",\"@id\":\"https:\\\/\\\/www.un.org\\\/pga\\\/73\\\/#\\\/schema\\\/person\\\/af470bea9354ed1b453ade6d22b5c9ee\"},\"headline\":\"D\u00eda Internacional del Multilateralismo y la Diplomacia para la Paz\",\"datePublished\":\"2019-04-24T22:26:16+00:00\",\"dateModified\":\"2019-04-24T22:37:10+00:00\",\"mainEntityOfPage\":{\"@id\":\"https:\\\/\\\/www.un.org\\\/pga\\\/73\\\/2019\\\/04\\\/24\\\/international-day-of-multilateralism-and-diplomacy-for-peace-4\\\/\"},\"wordCount\":1851,\"publisher\":{\"@id\":\"https:\\\/\\\/www.un.org\\\/pga\\\/73\\\/#organization\"},\"image\":{\"@id\":\"https:\\\/\\\/www.un.org\\\/pga\\\/73\\\/2019\\\/04\\\/24\\\/international-day-of-multilateralism-and-diplomacy-for-peace-4\\\/#primaryimage\"},\"thumbnailUrl\":\"https:\\\/\\\/www.un.org\\\/pga\\\/wp-content\\\/uploads\\\/sites\\\/53\\\/2019\\\/04\\\/805515-GA-am-24_04_2019-12.49.23.jpg\",\"articleSection\":[\"Declaraciones\",\"Declaraciones\"],\"inLanguage\":\"es\"},{\"@type\":\"WebPage\",\"@id\":\"https:\\\/\\\/www.un.org\\\/pga\\\/73\\\/2019\\\/04\\\/24\\\/international-day-of-multilateralism-and-diplomacy-for-peace-4\\\/\",\"url\":\"https:\\\/\\\/www.un.org\\\/pga\\\/73\\\/2019\\\/04\\\/24\\\/international-day-of-multilateralism-and-diplomacy-for-peace-4\\\/\",\"name\":\"D\u00eda Internacional del Multilateralismo y la Diplomacia para la Paz - Asamblea General de las Naciones Unidas\",\"isPartOf\":{\"@id\":\"https:\\\/\\\/www.un.org\\\/pga\\\/73\\\/#website\"},\"primaryImageOfPage\":{\"@id\":\"https:\\\/\\\/www.un.org\\\/pga\\\/73\\\/2019\\\/04\\\/24\\\/international-day-of-multilateralism-and-diplomacy-for-peace-4\\\/#primaryimage\"},\"image\":{\"@id\":\"https:\\\/\\\/www.un.org\\\/pga\\\/73\\\/2019\\\/04\\\/24\\\/international-day-of-multilateralism-and-diplomacy-for-peace-4\\\/#primaryimage\"},\"thumbnailUrl\":\"https:\\\/\\\/www.un.org\\\/pga\\\/wp-content\\\/uploads\\\/sites\\\/53\\\/2019\\\/04\\\/805515-GA-am-24_04_2019-12.49.23.jpg\",\"datePublished\":\"2019-04-24T22:26:16+00:00\",\"dateModified\":\"2019-04-24T22:37:10+00:00\",\"breadcrumb\":{\"@id\":\"https:\\\/\\\/www.un.org\\\/pga\\\/73\\\/2019\\\/04\\\/24\\\/international-day-of-multilateralism-and-diplomacy-for-peace-4\\\/#breadcrumb\"},\"inLanguage\":\"es\",\"potentialAction\":[{\"@type\":\"ReadAction\",\"target\":[\"https:\\\/\\\/www.un.org\\\/pga\\\/73\\\/2019\\\/04\\\/24\\\/international-day-of-multilateralism-and-diplomacy-for-peace-4\\\/\"]}]},{\"@type\":\"ImageObject\",\"inLanguage\":\"es\",\"@id\":\"https:\\\/\\\/www.un.org\\\/pga\\\/73\\\/2019\\\/04\\\/24\\\/international-day-of-multilateralism-and-diplomacy-for-peace-4\\\/#primaryimage\",\"url\":\"https:\\\/\\\/www.un.org\\\/pga\\\/wp-content\\\/uploads\\\/sites\\\/53\\\/2019\\\/04\\\/805515-GA-am-24_04_2019-12.49.23.jpg\",\"contentUrl\":\"https:\\\/\\\/www.un.org\\\/pga\\\/wp-content\\\/uploads\\\/sites\\\/53\\\/2019\\\/04\\\/805515-GA-am-24_04_2019-12.49.23.jpg\",\"width\":5940,\"height\":3960,\"caption\":\"Ga presidentGeneral Assembly Seventy-third session, 77th plenary meeting Culture of peace High-level plenary meeting to commemorate and promote the International Day of Multilateralism and Diplomacy for Peace Document: A\\\/RES\\\/73\\\/127\"},{\"@type\":\"BreadcrumbList\",\"@id\":\"https:\\\/\\\/www.un.org\\\/pga\\\/73\\\/2019\\\/04\\\/24\\\/international-day-of-multilateralism-and-diplomacy-for-peace-4\\\/#breadcrumb\",\"itemListElement\":[{\"@type\":\"ListItem\",\"position\":1,\"name\":\"Home\",\"item\":\"https:\\\/\\\/www.un.org\\\/pga\\\/73\\\/es\\\/\"},{\"@type\":\"ListItem\",\"position\":2,\"name\":\"D\u00eda Internacional del Multilateralismo y la Diplomacia para la Paz\"}]},{\"@type\":\"WebSite\",\"@id\":\"https:\\\/\\\/www.un.org\\\/pga\\\/73\\\/#website\",\"url\":\"https:\\\/\\\/www.un.org\\\/pga\\\/73\\\/\",\"name\":\"General Assembly of the United Nations\",\"description\":\"Presidenta del 73\u00b0 per\u00edodo de sesiones\",\"publisher\":{\"@id\":\"https:\\\/\\\/www.un.org\\\/pga\\\/73\\\/#organization\"},\"potentialAction\":[{\"@type\":\"SearchAction\",\"target\":{\"@type\":\"EntryPoint\",\"urlTemplate\":\"https:\\\/\\\/www.un.org\\\/pga\\\/73\\\/?s={search_term_string}\"},\"query-input\":{\"@type\":\"PropertyValueSpecification\",\"valueRequired\":true,\"valueName\":\"search_term_string\"}}],\"inLanguage\":\"es\"},{\"@type\":\"Organization\",\"@id\":\"https:\\\/\\\/www.un.org\\\/pga\\\/73\\\/#organization\",\"name\":\"General Assembly of the United Nations\",\"url\":\"https:\\\/\\\/www.un.org\\\/pga\\\/73\\\/\",\"logo\":{\"@type\":\"ImageObject\",\"inLanguage\":\"es\",\"@id\":\"https:\\\/\\\/www.un.org\\\/pga\\\/73\\\/#\\\/schema\\\/logo\\\/image\\\/\",\"url\":\"https:\\\/\\\/www.un.org\\\/pga\\\/wp-content\\\/uploads\\\/sites\\\/53\\\/2018\\\/07\\\/18-00066a_±¬ÁÏÍøGA73_Logos-no-type-04.png\",\"contentUrl\":\"https:\\\/\\\/www.un.org\\\/pga\\\/wp-content\\\/uploads\\\/sites\\\/53\\\/2018\\\/07\\\/18-00066a_±¬ÁÏÍøGA73_Logos-no-type-04.png\",\"width\":529,\"height\":601,\"caption\":\"General Assembly of the United Nations\"},\"image\":{\"@id\":\"https:\\\/\\\/www.un.org\\\/pga\\\/73\\\/#\\\/schema\\\/logo\\\/image\\\/\"}},{\"@type\":\"Person\",\"@id\":\"https:\\\/\\\/www.un.org\\\/pga\\\/73\\\/#\\\/schema\\\/person\\\/af470bea9354ed1b453ade6d22b5c9ee\",\"name\":\"Denise Kling\",\"image\":{\"@type\":\"ImageObject\",\"inLanguage\":\"es\",\"@id\":\"https:\\\/\\\/secure.gravatar.com\\\/avatar\\\/b5fdae9d2ae28ca0f434202f2c9b6f29640a2b757fdbaa4592687900a399db3d?s=96&d=mm&r=g\",\"url\":\"https:\\\/\\\/secure.gravatar.com\\\/avatar\\\/b5fdae9d2ae28ca0f434202f2c9b6f29640a2b757fdbaa4592687900a399db3d?s=96&d=mm&r=g\",\"contentUrl\":\"https:\\\/\\\/secure.gravatar.com\\\/avatar\\\/b5fdae9d2ae28ca0f434202f2c9b6f29640a2b757fdbaa4592687900a399db3d?s=96&d=mm&r=g\",\"caption\":\"Denise Kling\"},\"url\":\"https:\\\/\\\/www.un.org\\\/pga\\\/73\\\/es\\\/author\\\/denise-klingun-org\\\/\"}]}<\/script>\n<!-- \/ Yoast SEO plugin. -->","yoast_head_json":{"title":"D\u00eda Internacional del Multilateralismo y la Diplomacia para la Paz - Asamblea General de las Naciones Unidas","robots":{"index":"index","follow":"follow","max-snippet":"max-snippet:-1","max-image-preview":"max-image-preview:large","max-video-preview":"max-video-preview:-1"},"canonical":"https:\/\/www.un.org\/pga\/73\/2019\/04\/24\/international-day-of-multilateralism-and-diplomacy-for-peace-4\/","og_locale":"es_ES","og_type":"article","og_title":"D\u00eda Internacional del Multilateralismo y la Diplomacia para la Paz - Asamblea General de las Naciones Unidas","og_description":"INTERVENCI\u00d3N DE LA PRESIDENTA DEL 73\u00ba PERIODO DE SESIONES DE LA ASAMBLEA GENERAL, S.E. MARIA FERNANDA ESPINOSA - Reuni\u00f3n de Alto Nivel de la Asamblea General para conmemorar el D\u00eda Internacional del Multilateralismo y la Diplomacia para la Paz","og_url":"https:\/\/www.un.org\/pga\/73\/2019\/04\/24\/international-day-of-multilateralism-and-diplomacy-for-peace-4\/","og_site_name":"Asamblea General de las Naciones Unidas","article_published_time":"2019-04-24T22:26:16+00:00","article_modified_time":"2019-04-24T22:37:10+00:00","og_image":[{"width":5940,"height":3960,"url":"https:\/\/www.un.org\/pga\/wp-content\/uploads\/sites\/53\/2019\/04\/805515-GA-am-24_04_2019-12.49.23.jpg","type":"image\/jpeg"}],"author":"Denise Kling","twitter_card":"summary_large_image","twitter_misc":{"Escrito por":"Denise Kling","Tiempo de lectura":"9 minutos"},"schema":{"@context":"https:\/\/schema.org","@graph":[{"@type":"Article","@id":"https:\/\/www.un.org\/pga\/73\/2019\/04\/24\/international-day-of-multilateralism-and-diplomacy-for-peace-4\/#article","isPartOf":{"@id":"https:\/\/www.un.org\/pga\/73\/2019\/04\/24\/international-day-of-multilateralism-and-diplomacy-for-peace-4\/"},"author":{"name":"Denise Kling","@id":"https:\/\/www.un.org\/pga\/73\/#\/schema\/person\/af470bea9354ed1b453ade6d22b5c9ee"},"headline":"D\u00eda Internacional del Multilateralismo y la Diplomacia para la Paz","datePublished":"2019-04-24T22:26:16+00:00","dateModified":"2019-04-24T22:37:10+00:00","mainEntityOfPage":{"@id":"https:\/\/www.un.org\/pga\/73\/2019\/04\/24\/international-day-of-multilateralism-and-diplomacy-for-peace-4\/"},"wordCount":1851,"publisher":{"@id":"https:\/\/www.un.org\/pga\/73\/#organization"},"image":{"@id":"https:\/\/www.un.org\/pga\/73\/2019\/04\/24\/international-day-of-multilateralism-and-diplomacy-for-peace-4\/#primaryimage"},"thumbnailUrl":"https:\/\/www.un.org\/pga\/wp-content\/uploads\/sites\/53\/2019\/04\/805515-GA-am-24_04_2019-12.49.23.jpg","articleSection":["Declaraciones","Declaraciones"],"inLanguage":"es"},{"@type":"WebPage","@id":"https:\/\/www.un.org\/pga\/73\/2019\/04\/24\/international-day-of-multilateralism-and-diplomacy-for-peace-4\/","url":"https:\/\/www.un.org\/pga\/73\/2019\/04\/24\/international-day-of-multilateralism-and-diplomacy-for-peace-4\/","name":"D\u00eda Internacional del Multilateralismo y la Diplomacia para la Paz - Asamblea General de las Naciones Unidas","isPartOf":{"@id":"https:\/\/www.un.org\/pga\/73\/#website"},"primaryImageOfPage":{"@id":"https:\/\/www.un.org\/pga\/73\/2019\/04\/24\/international-day-of-multilateralism-and-diplomacy-for-peace-4\/#primaryimage"},"image":{"@id":"https:\/\/www.un.org\/pga\/73\/2019\/04\/24\/international-day-of-multilateralism-and-diplomacy-for-peace-4\/#primaryimage"},"thumbnailUrl":"https:\/\/www.un.org\/pga\/wp-content\/uploads\/sites\/53\/2019\/04\/805515-GA-am-24_04_2019-12.49.23.jpg","datePublished":"2019-04-24T22:26:16+00:00","dateModified":"2019-04-24T22:37:10+00:00","breadcrumb":{"@id":"https:\/\/www.un.org\/pga\/73\/2019\/04\/24\/international-day-of-multilateralism-and-diplomacy-for-peace-4\/#breadcrumb"},"inLanguage":"es","potentialAction":[{"@type":"ReadAction","target":["https:\/\/www.un.org\/pga\/73\/2019\/04\/24\/international-day-of-multilateralism-and-diplomacy-for-peace-4\/"]}]},{"@type":"ImageObject","inLanguage":"es","@id":"https:\/\/www.un.org\/pga\/73\/2019\/04\/24\/international-day-of-multilateralism-and-diplomacy-for-peace-4\/#primaryimage","url":"https:\/\/www.un.org\/pga\/wp-content\/uploads\/sites\/53\/2019\/04\/805515-GA-am-24_04_2019-12.49.23.jpg","contentUrl":"https:\/\/www.un.org\/pga\/wp-content\/uploads\/sites\/53\/2019\/04\/805515-GA-am-24_04_2019-12.49.23.jpg","width":5940,"height":3960,"caption":"Ga presidentGeneral Assembly Seventy-third session, 77th plenary meeting Culture of peace High-level plenary meeting to commemorate and promote the International Day of Multilateralism and Diplomacy for Peace Document: A\/RES\/73\/127"},{"@type":"BreadcrumbList","@id":"https:\/\/www.un.org\/pga\/73\/2019\/04\/24\/international-day-of-multilateralism-and-diplomacy-for-peace-4\/#breadcrumb","itemListElement":[{"@type":"ListItem","position":1,"name":"Home","item":"https:\/\/www.un.org\/pga\/73\/es\/"},{"@type":"ListItem","position":2,"name":"D\u00eda Internacional del Multilateralismo y la Diplomacia para la Paz"}]},{"@type":"WebSite","@id":"https:\/\/www.un.org\/pga\/73\/#website","url":"https:\/\/www.un.org\/pga\/73\/","name":"General Assembly of the United Nations","description":"Presidenta del 73\u00b0 per\u00edodo de sesiones","publisher":{"@id":"https:\/\/www.un.org\/pga\/73\/#organization"},"potentialAction":[{"@type":"SearchAction","target":{"@type":"EntryPoint","urlTemplate":"https:\/\/www.un.org\/pga\/73\/?s={search_term_string}"},"query-input":{"@type":"PropertyValueSpecification","valueRequired":true,"valueName":"search_term_string"}}],"inLanguage":"es"},{"@type":"Organization","@id":"https:\/\/www.un.org\/pga\/73\/#organization","name":"General Assembly of the United Nations","url":"https:\/\/www.un.org\/pga\/73\/","logo":{"@type":"ImageObject","inLanguage":"es","@id":"https:\/\/www.un.org\/pga\/73\/#\/schema\/logo\/image\/","url":"https:\/\/www.un.org\/pga\/wp-content\/uploads\/sites\/53\/2018\/07\/18-00066a_±¬ÁÏÍøGA73_Logos-no-type-04.png","contentUrl":"https:\/\/www.un.org\/pga\/wp-content\/uploads\/sites\/53\/2018\/07\/18-00066a_±¬ÁÏÍøGA73_Logos-no-type-04.png","width":529,"height":601,"caption":"General Assembly of the United Nations"},"image":{"@id":"https:\/\/www.un.org\/pga\/73\/#\/schema\/logo\/image\/"}},{"@type":"Person","@id":"https:\/\/www.un.org\/pga\/73\/#\/schema\/person\/af470bea9354ed1b453ade6d22b5c9ee","name":"Denise Kling","image":{"@type":"ImageObject","inLanguage":"es","@id":"https:\/\/secure.gravatar.com\/avatar\/b5fdae9d2ae28ca0f434202f2c9b6f29640a2b757fdbaa4592687900a399db3d?s=96&d=mm&r=g","url":"https:\/\/secure.gravatar.com\/avatar\/b5fdae9d2ae28ca0f434202f2c9b6f29640a2b757fdbaa4592687900a399db3d?s=96&d=mm&r=g","contentUrl":"https:\/\/secure.gravatar.com\/avatar\/b5fdae9d2ae28ca0f434202f2c9b6f29640a2b757fdbaa4592687900a399db3d?s=96&d=mm&r=g","caption":"Denise Kling"},"url":"https:\/\/www.un.org\/pga\/73\/es\/author\/denise-klingun-org\/"}]}},"_links":{"self":[{"href":"https:\/\/www.un.org\/pga\/73\/es\/wp-json\/wp\/v2\/posts\/187717","targetHints":{"allow":["GET"]}}],"collection":[{"href":"https:\/\/www.un.org\/pga\/73\/es\/wp-json\/wp\/v2\/posts"}],"about":[{"href":"https:\/\/www.un.org\/pga\/73\/es\/wp-json\/wp\/v2\/types\/post"}],"author":[{"embeddable":true,"href":"https:\/\/www.un.org\/pga\/73\/es\/wp-json\/wp\/v2\/users\/266"}],"replies":[{"embeddable":true,"href":"https:\/\/www.un.org\/pga\/73\/es\/wp-json\/wp\/v2\/comments?post=187717"}],"version-history":[{"count":0,"href":"https:\/\/www.un.org\/pga\/73\/es\/wp-json\/wp\/v2\/posts\/187717\/revisions"}],"wp:featuredmedia":[{"embeddable":true,"href":"https:\/\/www.un.org\/pga\/73\/es\/wp-json\/wp\/v2\/media\/187690"}],"wp:attachment":[{"href":"https:\/\/www.un.org\/pga\/73\/es\/wp-json\/wp\/v2\/media?parent=187717"}],"wp:term":[{"taxonomy":"category","embeddable":true,"href":"https:\/\/www.un.org\/pga\/73\/es\/wp-json\/wp\/v2\/categories?post=187717"},{"taxonomy":"post_tag","embeddable":true,"href":"https:\/\/www.un.org\/pga\/73\/es\/wp-json\/wp\/v2\/tags?post=187717"}],"curies":[{"name":"wp","href":"https:\/\/api.w.org\/{rel}","templated":true}]}}